{"id":129811,"date":"2025-12-31T11:28:07","date_gmt":"2025-12-31T11:28:07","guid":{"rendered":"https:\/\/www.europesays.com\/fi\/129811\/"},"modified":"2025-12-31T11:28:07","modified_gmt":"2025-12-31T11:28:07","slug":"soundin-vuoden-luetuimmat-marko-hietala-kommentoi-paatostaan-erota-nightwishista-kaduin-sita-heti-lahdettyani","status":"publish","type":"post","link":"https:\/\/www.europesays.com\/fi\/129811\/","title":{"rendered":"Soundin vuoden luetuimmat: &#8221;Marko Hietala kommentoi p\u00e4\u00e4t\u00f6st\u00e4\u00e4n erota Nightwishist\u00e4: &#8217;Kaduin sit\u00e4 heti l\u00e4hdetty\u00e4ni'&#8221;"},"content":{"rendered":"<p>Vuosi 2025 vetelee viimeisi\u00e4\u00e4n, joten t\u00e4ss\u00e4 vaiheessa on hyv\u00e4 hetki katsoa hieman taaksep\u00e4in ja tutkia, mitk\u00e4 aiheet kiinnostivat lukijoita Soundin verkossa eniten.<\/p>\n<p>Vuoden <a href=\"https:\/\/www.soundi.fi\/uutiset\/marko-hietala-kommentoi-paatostaan-erota-nightwishista-kaduin-sita-heti-lahdettyani\/\" target=\"_blank\" rel=\"noreferrer noopener nofollow\">toiseksi luetuin artikkeli<\/a> oli uutinen Marko Hietalan Metal Globalille antamasta haastattelusta, jossa h\u00e4nelt\u00e4 kyseltiin tarkemmin p\u00e4\u00e4t\u00f6ksest\u00e4 erota Nightwishin riveist\u00e4 \u2013 ja onko Hietala miss\u00e4\u00e4n vaiheessa katunut p\u00e4\u00e4t\u00f6st\u00e4\u00e4n.<\/p>\n<p>\u201dTietenkin. Kaduin sit\u00e4 heti l\u00e4hdetty\u00e4ni. Se ei johtunut pelk\u00e4st\u00e4\u00e4n Nightwishist\u00e4. Olen sanonut t\u00e4m\u00e4n jo monesti, mutta j\u00e4tin aivan kaiken taakseni. Minulla oli jatkuvia ongelmia masennuksen ja ahdistuksen kanssa. En p\u00e4\u00e4ssyt niist\u00e4 mill\u00e4\u00e4n eroon ja tilanne paheni vuosi vuorelta. Purin vain hammasta ja sinnittelin kunnes pandemian lopulla minulle sanottiin, ett\u00e4 \u2019okei, meill\u00e4 on seuraavanlaiset suunnitelmat kev\u00e4\u00e4n ja rundaamisen varalle.\u2019 Tajusin, etten halunnut l\u00e4hte\u00e4 tien p\u00e4\u00e4lle. Oloni oli liian huono\u201d, Hietala kertoi.<\/p>\n<p>Lue koko uutinen <a href=\"https:\/\/www.soundi.fi\/uutiset\/marko-hietala-kommentoi-paatostaan-erota-nightwishista-kaduin-sita-heti-lahdettyani\/\" target=\"_blank\" rel=\"noreferrer noopener nofollow\">t\u00e4\u00e4lt\u00e4<\/a>.<\/p>\n<p>Lue my\u00f6s: <a href=\"https:\/\/www.soundi.fi\/uutiskirje\/\" title=\"Tilaa Soundin uutiskirje\" class=\"underline-custom !font-montserrat !font-bold !underline-offset-4 !decoration-4 !decoration-red-600 !text-md\" rel=\"nofollow noopener\" target=\"_blank\">Tilaa Soundin uutiskirje ja tied\u00e4t mist\u00e4 kahvitauolla puhutaan! Nappaa ajankohtaiset musiikin uutiset ja puheenaiheet suoraan s\u00e4hk\u00f6postiin t\u00e4st\u00e4.<\/a><\/p>\n","protected":false},"excerpt":{"rendered":"Vuosi 2025 vetelee viimeisi\u00e4\u00e4n, joten t\u00e4ss\u00e4 vaiheessa on hyv\u00e4 hetki katsoa hieman taaksep\u00e4in ja tutkia, mitk\u00e4 aiheet kiinnostivat&hellip;\n","protected":false},"author":2,"featured_media":129812,"comment_status":"","ping_status":"","sticky":false,"template":"","format":"standard","meta":{"footnotes":""},"categories":[132],"tags":[137,33,31,30,195,47,32,109],"class_list":{"0":"post-129811","1":"post","2":"type-post","3":"status-publish","4":"format-standard","5":"has-post-thumbnail","7":"category-musiikki","8":"tag-entertainment","9":"tag-fi","10":"tag-finland","11":"tag-finnish","12":"tag-music","13":"tag-musiikki","14":"tag-suomi","15":"tag-viihde"},"share_on_mastodon":{"url":"https:\/\/pubeurope.com\/@fi\/115813948314842571","error":""},"_links":{"self":[{"href":"https:\/\/www.europesays.com\/fi\/wp-json\/wp\/v2\/posts\/129811","targetHints":{"allow":["GET"]}}],"collection":[{"href":"https:\/\/www.europesays.com\/fi\/wp-json\/wp\/v2\/posts"}],"about":[{"href":"https:\/\/www.europesays.com\/fi\/wp-json\/wp\/v2\/types\/post"}],"author":[{"embeddable":true,"href":"https:\/\/www.europesays.com\/fi\/wp-json\/wp\/v2\/users\/2"}],"replies":[{"embeddable":true,"href":"https:\/\/www.europesays.com\/fi\/wp-json\/wp\/v2\/comments?post=129811"}],"version-history":[{"count":0,"href":"https:\/\/www.europesays.com\/fi\/wp-json\/wp\/v2\/posts\/129811\/revisions"}],"wp:featuredmedia":[{"embeddable":true,"href":"https:\/\/www.europesays.com\/fi\/wp-json\/wp\/v2\/media\/129812"}],"wp:attachment":[{"href":"https:\/\/www.europesays.com\/fi\/wp-json\/wp\/v2\/media?parent=129811"}],"wp:term":[{"taxonomy":"category","embeddable":true,"href":"https:\/\/www.europesays.com\/fi\/wp-json\/wp\/v2\/categories?post=129811"},{"taxonomy":"post_tag","embeddable":true,"href":"https:\/\/www.europesays.com\/fi\/wp-json\/wp\/v2\/tags?post=129811"}],"curies":[{"name":"wp","href":"https:\/\/api.w.org\/{rel}","templated":true}]}}