{"id":129813,"date":"2025-12-31T11:29:08","date_gmt":"2025-12-31T11:29:08","guid":{"rendered":"https:\/\/www.europesays.com\/fi\/129813\/"},"modified":"2025-12-31T11:29:08","modified_gmt":"2025-12-31T11:29:08","slug":"jattimainen-scifi-floppi-saapuu-pian-striimattavaksi","status":"publish","type":"post","link":"https:\/\/www.europesays.com\/fi\/129813\/","title":{"rendered":"J\u00e4ttim\u00e4inen scifi-floppi saapuu pian striimattavaksi"},"content":{"rendered":"<p><strong>Jared Leton <\/strong>oma mielilapsi Tron: Ares on saapumassa striimattavaksi.<strong> Joachim R\u00f8nningin<\/strong> ohjaama scifi-j\u00e4ttil\u00e4inen ei menestynyt erityisen hyvin lippuluukuilla.<\/p>\n<p>T\u00e4ll\u00e4 kertaa digitaaliset pahuudet levi\u00e4v\u00e4t oikeaan maailmaan.<\/p>\n<p>Lue my\u00f6s: <a href=\"https:\/\/www.episodi.fi\/uutiset\/scifi-seikkailu-ton-ares-saapuu-pian-kotikatsomoihin\/\" title=\"Scifi-seikkailu Tron: Ares saapuu pian kotikatsomoihin\" class=\"underline-custom !font-montserrat !font-bold !underline-offset-4 !decoration-4 !decoration-episodi-blue !text-md\" rel=\"nofollow noopener\" target=\"_blank\">Scifi-seikkailu Tron: Ares saapuu pian kotikatsomoihin<\/a><\/p>\n<p>Lue my\u00f6s: <a href=\"https:\/\/www.episodi.fi\/uutiset\/jeff-bridges-tron-aresin-floppaamisesta-elokuvat-saattavat-upota-sinulle-ajan-kanssa\/\" title=\"Jeff Bridges Tron: Aresin floppaamisesta: \u201dElokuvat saattavat upota sinulle ajan kanssa\u201d\" class=\"underline-custom !font-montserrat !font-bold !underline-offset-4 !decoration-4 !decoration-episodi-blue !text-md\" rel=\"nofollow noopener\" target=\"_blank\">Jeff Bridges Tron: Aresin floppaamisesta: \u201dElokuvat saattavat upota sinulle ajan kanssa\u201d<\/a><\/p>\n<p>Valmistaudu Tron: Ares -elokuvan s\u00e4hk\u00f6ist\u00e4v\u00e4\u00e4n toimintaan ja seikkailuun. Kun eritt\u00e4in kehittynyt ohjelma nimelt\u00e4 Ares l\u00e4hetet\u00e4\u00e4n digitaalisesta maailmasta todelliseen maailmaan vaaralliselle teht\u00e4v\u00e4lle, se merkitsee ihmiskunnan ensimm\u00e4ist\u00e4 kohtaamista teko\u00e4lyolentojen kanssa.<\/p>\n<p><strong>Nine Inch Nailsin<\/strong> s\u00e4est\u00e4m\u00e4 elokuva on katsottavissa Disney Plussassa 7. tammikuuta alkaen.<\/p>\n<p>Alla traileri.<\/p>\n<p><img loading=\"lazy\" decoding=\"async\" alt=\"YouTube video\" width=\"480\" height=\"360\" data-pin-nopin=\"true\" nopin=\"nopin\" class=\"perfmatters-lazy\" src=\"https:\/\/www.europesays.com\/fi\/wp-content\/uploads\/2025\/12\/1767180548_945_hqdefault.jpg\"\/><\/p>\n<p>Lue my\u00f6s: <a href=\"https:\/\/www.episodi.fi\/uutiskirje\/?uutiskirjemainos=tekstilinkkimainos\" title=\"Tilaa Episodin uutiskirje ja voit voittaa leffalippuja! Nappaa tv-vinkit suoraan s\u00e4hk\u00f6postiin t\u00e4st\u00e4.\" class=\"underline-custom !font-montserrat !font-bold !underline-offset-4 !decoration-4 !decoration-episodi-blue !text-md\" rel=\"nofollow noopener\" target=\"_blank\">Tilaa Episodin uutiskirje ja voit voittaa leffalippuja! Nappaa katseluvinkit suoraan s\u00e4hk\u00f6postiin t\u00e4st\u00e4.<\/a><\/p>\n","protected":false},"excerpt":{"rendered":"Jared Leton oma mielilapsi Tron: Ares on saapumassa striimattavaksi. Joachim R\u00f8nningin ohjaama scifi-j\u00e4ttil\u00e4inen ei menestynyt erityisen hyvin lippuluukuilla.&hellip;\n","protected":false},"author":2,"featured_media":129814,"comment_status":"","ping_status":"","sticky":false,"template":"","format":"standard","meta":{"footnotes":""},"categories":[131],"tags":[566,155,137,33,173,31,30,172,3058,32,1491,8402,109],"class_list":{"0":"post-129813","1":"post","2":"type-post","3":"status-publish","4":"format-standard","5":"has-post-thumbnail","7":"category-elokuvat","8":"tag-disney-plus","9":"tag-elokuvat","10":"tag-entertainment","11":"tag-fi","12":"tag-film","13":"tag-finland","14":"tag-finnish","15":"tag-movies","16":"tag-scifi","17":"tag-suomi","18":"tag-toiminta","19":"tag-tron-ares","20":"tag-viihde"},"share_on_mastodon":{"url":"https:\/\/pubeurope.com\/@fi\/115813951897431857","error":""},"_links":{"self":[{"href":"https:\/\/www.europesays.com\/fi\/wp-json\/wp\/v2\/posts\/129813","targetHints":{"allow":["GET"]}}],"collection":[{"href":"https:\/\/www.europesays.com\/fi\/wp-json\/wp\/v2\/posts"}],"about":[{"href":"https:\/\/www.europesays.com\/fi\/wp-json\/wp\/v2\/types\/post"}],"author":[{"embeddable":true,"href":"https:\/\/www.europesays.com\/fi\/wp-json\/wp\/v2\/users\/2"}],"replies":[{"embeddable":true,"href":"https:\/\/www.europesays.com\/fi\/wp-json\/wp\/v2\/comments?post=129813"}],"version-history":[{"count":0,"href":"https:\/\/www.europesays.com\/fi\/wp-json\/wp\/v2\/posts\/129813\/revisions"}],"wp:featuredmedia":[{"embeddable":true,"href":"https:\/\/www.europesays.com\/fi\/wp-json\/wp\/v2\/media\/129814"}],"wp:attachment":[{"href":"https:\/\/www.europesays.com\/fi\/wp-json\/wp\/v2\/media?parent=129813"}],"wp:term":[{"taxonomy":"category","embeddable":true,"href":"https:\/\/www.europesays.com\/fi\/wp-json\/wp\/v2\/categories?post=129813"},{"taxonomy":"post_tag","embeddable":true,"href":"https:\/\/www.europesays.com\/fi\/wp-json\/wp\/v2\/tags?post=129813"}],"curies":[{"name":"wp","href":"https:\/\/api.w.org\/{rel}","templated":true}]}}