{"id":129815,"date":"2025-12-31T11:31:06","date_gmt":"2025-12-31T11:31:06","guid":{"rendered":"https:\/\/www.europesays.com\/fi\/129815\/"},"modified":"2025-12-31T11:31:06","modified_gmt":"2025-12-31T11:31:06","slug":"nuoret-leijonat-ennakkosuosikin-kynsiin-iltalehti","status":"publish","type":"post","link":"https:\/\/www.europesays.com\/fi\/129815\/","title":{"rendered":"Nuoret Leijonat ennakkosuosikin kynsiin &#8211; Iltalehti"},"content":{"rendered":"<ol>\n<li><a href=\"https:\/\/news.google.com\/rss\/articles\/CBMigAFBVV95cUxQSTRKN0ZvYlQxRHdHTnhMZ2Y0QmQ4MG5ScDdWa1psWS1iZFhLMGtHTXpXejViRU9mQnRDNDZ4Tm5ib2ZuTDhoV2dVeTNZWXptdk16VUJpTjBOREI3a0xleUFhbGZpRjR3UXNQUHJkUU1ONjNGaUlULWxaLUY0Qnh4Mg?oc=5\" target=\"_blank\" rel=\"nofollow noopener\">Nuoret Leijonat ennakkosuosikin kynsiin<\/a>&nbsp;&nbsp;Iltalehti<\/li>\n<li><a href=\"https:\/\/news.google.com\/rss\/articles\/CBMiSkFVX3lxTFBMdUhCRVk2SXcxUHVwQjdHVWhlQXRXM2lGejcwVTJJTlRkMDNXS3o5MVQxQjlCRU5rLXlHcjZDODFoQmloOVJPSmp3?oc=5\" target=\"_blank\" rel=\"nofollow noopener\">Nuorten Leijonien maalivahdilta suora huomio Kanadan t\u00e4htipelaajan taidoista \u2013 &#8221;Niin sairasta&#8221;<\/a>&nbsp;&nbsp;Etel\u00e4-Suomen Sanomat<\/li>\n<li><a href=\"https:\/\/news.google.com\/rss\/articles\/CBMiiwFBVV95cUxOR2VTeU41TjY1VU9uOVotMXY4WUtrOTR3dEk4N1gtVG1hRkZqTXVBcjYydUM2a1h6c3ZNLV9zNW5ENWlmRkJEWUxsSkhsXy1SMDVTSXJGMU9LWHIzcGxqSHBXbTJEclpkZjFNeFRTekdSMVVpMDNmU0NvZ1VhWEtlS3hTTy00RTAxalE4?oc=5\" target=\"_blank\" rel=\"nofollow noopener\">Nuoret Leijonat kertovat: n\u00e4in Kanada kaadetaan!<\/a>&nbsp;&nbsp;leijonat.com<\/li>\n<li><a href=\"https:\/\/news.google.com\/rss\/articles\/CBMiQkFVX3lxTE9yam5ycFJkSjlxOTFNYVctbWQtUFU1dUVCVTJ5SHZhZDk5c3FkZlJvV1kwMC1FanAwcDM5SWdzZ1oydw?oc=5\" target=\"_blank\" rel=\"nofollow noopener\">Latvia oli l\u00e4hell\u00e4 yll\u00e4tt\u00e4\u00e4 taas Kanadan nuoret MM-j\u00e4\u00e4ll\u00e4 \u2013 SM-liigassa h\u00e4ik\u00e4issyt ihmepoika hyvin esill\u00e4<\/a>&nbsp;&nbsp;Yle<\/li>\n<li><a href=\"https:\/\/news.google.com\/rss\/articles\/CBMiX0FVX3lxTE1JdFQ2VUI4WUxTN0hwLUlvcWhFT3c2Y1QwNnFISExkaHJoUHlMSWhzOEhUalVtRlBCcjA5M3c3anp0ckxST3dBamxjcXFtWFpCRjNQR3JXeWxXcDFXTTVN?oc=5\" target=\"_blank\" rel=\"nofollow noopener\">Suuryll\u00e4tys nuorten MM-kisoissa \u2013 Kanada h\u00e4t\u00e4\u00e4 k\u00e4rsim\u00e4ss\u00e4 pikkumaan kanssa<\/a>&nbsp;&nbsp;Ilta-Sanomat<\/li>\n<\/ol>\n","protected":false},"excerpt":{"rendered":"Nuoret Leijonat ennakkosuosikin kynsiin&nbsp;&nbsp;Iltalehti Nuorten Leijonien maalivahdilta suora huomio Kanadan t\u00e4htipelaajan taidoista \u2013 &#8221;Niin sairasta&#8221;&nbsp;&nbsp;Etel\u00e4-Suomen Sanomat Nuoret Leijonat&hellip;\n","protected":false},"author":2,"featured_media":129816,"comment_status":"","ping_status":"","sticky":false,"template":"","format":"standard","meta":{"footnotes":""},"categories":[158],"tags":[35,1144,33,31,30,1143,41,159,32,1145,160,161],"class_list":{"0":"post-129815","1":"post","2":"type-post","3":"status-publish","4":"format-standard","5":"has-post-thumbnail","7":"category-urheilu","8":"tag-24h","9":"tag-ammattilaisjaakiekko","10":"tag-fi","11":"tag-finland","12":"tag-finnish","13":"tag-jaakiekko","14":"tag-liikunta-ja-urheilu","15":"tag-sports","16":"tag-suomi","17":"tag-talviurheilu","18":"tag-urheilu","19":"tag-urheilutapahtumat"},"share_on_mastodon":{"url":"https:\/\/pubeurope.com\/@fi\/115813959995531198","error":""},"_links":{"self":[{"href":"https:\/\/www.europesays.com\/fi\/wp-json\/wp\/v2\/posts\/129815","targetHints":{"allow":["GET"]}}],"collection":[{"href":"https:\/\/www.europesays.com\/fi\/wp-json\/wp\/v2\/posts"}],"about":[{"href":"https:\/\/www.europesays.com\/fi\/wp-json\/wp\/v2\/types\/post"}],"author":[{"embeddable":true,"href":"https:\/\/www.europesays.com\/fi\/wp-json\/wp\/v2\/users\/2"}],"replies":[{"embeddable":true,"href":"https:\/\/www.europesays.com\/fi\/wp-json\/wp\/v2\/comments?post=129815"}],"version-history":[{"count":0,"href":"https:\/\/www.europesays.com\/fi\/wp-json\/wp\/v2\/posts\/129815\/revisions"}],"wp:featuredmedia":[{"embeddable":true,"href":"https:\/\/www.europesays.com\/fi\/wp-json\/wp\/v2\/media\/129816"}],"wp:attachment":[{"href":"https:\/\/www.europesays.com\/fi\/wp-json\/wp\/v2\/media?parent=129815"}],"wp:term":[{"taxonomy":"category","embeddable":true,"href":"https:\/\/www.europesays.com\/fi\/wp-json\/wp\/v2\/categories?post=129815"},{"taxonomy":"post_tag","embeddable":true,"href":"https:\/\/www.europesays.com\/fi\/wp-json\/wp\/v2\/tags?post=129815"}],"curies":[{"name":"wp","href":"https:\/\/api.w.org\/{rel}","templated":true}]}}