{"id":129819,"date":"2025-12-31T11:34:10","date_gmt":"2025-12-31T11:34:10","guid":{"rendered":"https:\/\/www.europesays.com\/fi\/129819\/"},"modified":"2025-12-31T11:34:10","modified_gmt":"2025-12-31T11:34:10","slug":"ft-kultaisen-trump-alypuhelimen-julkaisu-viivastyy-uutisia-lyhyesti","status":"publish","type":"post","link":"https:\/\/www.europesays.com\/fi\/129819\/","title":{"rendered":"FT: Kultaisen Trump-\u00e4lypuhelimen julkaisu viiv\u00e4styy | Uutisia lyhyesti"},"content":{"rendered":"<p class=\"aw-1gybjub aw-5vja16 kEtdKx kmuxyA yle__article__paragraph\">Trumpin omistama puhelinyhti\u00f6 on viiv\u00e4stytt\u00e4nyt suunnitelmiaan toimittaa kultaisen \u00e4lypuhelimensa t\u00e4m\u00e4n vuoden loppuun menness\u00e4.<\/p>\n<p><img decoding=\"async\" alt=\"Puhelimen ruudulla on mainos kullan v\u00e4risest\u00e4 Trump T1 -puhelimesta.\" src=\"https:\/\/www.europesays.com\/fi\/wp-content\/uploads\/2025\/12\/39-15757866954bdc91579a.jpeg\" class=\"aw-1l9m598 hKVVvP\"\/><\/p>\n<p>Avaa kuvien katselu<\/p>\n<p>\u00c4lypuhelimen n\u00e4yt\u00f6ll\u00e4 n\u00e4kyy Trump T1 -puhelimen ennakkotilausmainos. Alun perin Trump-puhelin piti julkistaa syyskuussa. Kuva: AOP<\/p>\n<ul class=\"aw-1jjocuh iJTSwP yle__article__list yle__article__list--ul\">\n<li class=\"aw-1j7gwms gNYKfi\">Presidentti Donald Trumpin omistaman puhelinyhti\u00f6n kultaisen \u00e4lypuhelimen julkaisu viiv\u00e4styy j\u00e4lleen.<\/li>\n<li class=\"aw-1j7gwms gNYKfi\">Yhti\u00f6 lupasi alun perin t\u00e4ysin Yhdysvalloissa valmistettua puhelinta, mutta asiantuntijat pitiv\u00e4t sit\u00e4 mahdottomana.<\/li>\n<li class=\"aw-1j7gwms gNYKfi\">Trump Mobile perui my\u00f6hemmin v\u00e4itteens\u00e4. Laitteen julkaisua on siirretty jo useita kertoja aiemminkin.<\/li>\n<\/ul>\n<p class=\"aw-1gybjub aw-1p7kakr kEtdKx cEmitX yle__article__paragraph\">Yhdysvaltain presidentin <strong class=\"aw-ak79eh KyCXm yle__article__strong\">Donald Trumpin<\/strong> omistama Trump Mobile -puhelinyhti\u00f6 viiv\u00e4stytt\u00e4\u00e4 j\u00e4lleen kerran kultaisen \u00e4lypuhelimen julkaisua.<\/p>\n<p class=\"aw-1gybjub aw-1p7kakr kEtdKx cEmitX yle__article__paragraph\">Kyseess\u00e4 on viimeisin takaisku yritykselle, joka yritt\u00e4\u00e4 tarjota Yhdysvalloissa valmistettua \u00e4lypuhelinta kilpailemaan Applen ja Samsungin laitteiden kanssa, kertoo <a class=\"aw-iao6s4 iHOxEa yle__article__link\" href=\"https:\/\/www.ft.com\/content\/29fc1e75-7bec-4011-acc3-603e51cf9fe2\" role=\"link\" rel=\"nofollow noopener\" target=\"_blank\">Financial Times<\/a>.<\/p>\n<p class=\"aw-1gybjub aw-1p7kakr kEtdKx cEmitX yle__article__paragraph\">Trump Mobilen asiakaspalvelun mukaan Yhdysvaltojen viimeaikainen <a class=\"aw-iao6s4 iHOxEa yle__article__link\" href=\"https:\/\/yle.fi\/a\/74-20193790\" role=\"link\" rel=\"nofollow noopener\" target=\"_blank\">hallinnon sulku<\/a> on viiv\u00e4stytt\u00e4nyt puhelimen toimituksia ja on olemassa \u201dvahva mahdollisuus\u201d, ettei laitetta toimiteta t\u00e4ss\u00e4 kuussa.<\/p>\n<p class=\"aw-1gybjub aw-1p7kakr kEtdKx cEmitX yle__article__paragraph\">Alun perin <a class=\"aw-iao6s4 iHOxEa yle__article__link\" href=\"https:\/\/yle.fi\/a\/74-20168075\" role=\"link\" rel=\"nofollow noopener\" target=\"_blank\">kes\u00e4kuussa julkistettu puhelimen<\/a> piti tulla kuluttajien saataville jo alkusyksyst\u00e4. Sittemmin julkaisua viiv\u00e4stettiin <a class=\"aw-iao6s4 iHOxEa yle__article__link\" href=\"https:\/\/www.theverge.com\/news\/788673\/the-trump-phone-is-late\" role=\"link\" rel=\"nofollow noopener\" target=\"_blank\">lokakuulle<\/a> ja my\u00f6hemmin vuoden loppuun. Nyt n\u00e4ytt\u00e4\u00e4 silt\u00e4, ett\u00e4 t\u00e4m\u00e4k\u00e4\u00e4n takaraja ei pid\u00e4.<\/p>\n<p>Piti olla kokonaan yhdysvaltalainen<img decoding=\"async\" alt=\"Trump Mobile -palvelun etusivu kannettavan tietokoneen n\u00e4yt\u00f6ll\u00e4 ja k\u00e4nnyk\u00e4ss\u00e4.\" src=\"https:\/\/www.europesays.com\/fi\/wp-content\/uploads\/2025\/12\/39-1481971685024650cb18.jpeg\" loading=\"lazy\" class=\"aw-1l9m598 hKVVvP\"\/><\/p>\n<p>Avaa kuvien katselu<\/p>\n<p>Kes\u00e4kuussa julkaistun liittym\u00e4n hinnaksi on tulossa 47,45 dollaria ja puhelimen hinnaksi 499 dollaria. Kuva: Jakub Porzycki \/ AOP<\/p>\n<p class=\"aw-1gybjub aw-1p7kakr kEtdKx cEmitX yle__article__paragraph\">T1-nimisess\u00e4 \u00e4lypuhelimessa on kullanv\u00e4rinen metallikuori, johon on kaiverrettu Yhdysvaltain lippu.<\/p>\n<p class=\"aw-1gybjub aw-1p7kakr kEtdKx cEmitX yle__article__paragraph\">Trump Mobile ilmoitti aluksi, ett\u00e4 T1 olisi kokonaan yhdysvaltalaisvalmisteinen. Laitteen sai varattua 100 dollarin eli noin 85 euron ennakkomaksulla. Liittym\u00e4n hinta olisi 47,45 dollaria eli noin 40 euroa ja puhelimen hinta 499 dollaria eli noin 425 euroa.<\/p>\n<p class=\"aw-1gybjub aw-1p7kakr kEtdKx cEmitX yle__article__paragraph\">Toimitusketjuanalyytikot ja muut alan asiantuntijat ep\u00e4iliv\u00e4t v\u00e4itett\u00e4 siit\u00e4, ett\u00e4 laite olisi amerikkalaisvalmisteinen.<\/p>\n<p class=\"aw-1gybjub aw-1p7kakr kEtdKx cEmitX yle__article__paragraph\">He huomauttivat, ett\u00e4 laite, joka olisi valmistettu pelk\u00e4st\u00e4\u00e4n yhdysvaltalaisista komponenteista, olisi l\u00e4hes mahdoton toteuttaa. Nykyiset \u00e4lypuhelinvalmistajat ovat nimitt\u00e4in eritt\u00e4in riippuvaisia aasialaisista toimitusketjuista.<\/p>\n<p class=\"aw-1gybjub aw-1p7kakr kEtdKx cEmitX yle__article__paragraph\">Esimerkiksi markkinatutkimusyritys IDC:n arvioiden mukaan alle viisi prosenttia iPhonen komponenteista valmistetaan t\u00e4ll\u00e4 hetkell\u00e4 Yhdysvalloissa.<\/p>\n<p class=\"aw-1gybjub aw-1p7kakr kEtdKx cEmitX yle__article__paragraph\">Trump Mobile peruikin my\u00f6hemmin v\u00e4itteens\u00e4 ja muutti mainosmateriaalejaan niin, ett\u00e4 laite \u201dher\u00e4tet\u00e4\u00e4n henkiin Yhdysvalloissa\u201d.<\/p>\n<p>Perheyritys siirrettiin lapsille presidenttiyden ajaksi<\/p>\n<p class=\"aw-1gybjub aw-1p7kakr kEtdKx cEmitX yle__article__paragraph\">Trump Mobilen omistava <a class=\"aw-iao6s4 iHOxEa yle__article__link\" href=\"https:\/\/yle.fi\/a\/3-11937511\" role=\"link\" rel=\"nofollow noopener\" target=\"_blank\">Trump Organization<\/a> on suurin yksitt\u00e4inen Yhdysvaltain presidentin liiketoimintoja hallinnoiva yhti\u00f6. Ennen Trumpin virkaanastujaisia yrityksen hallinta siirrettiin h\u00e4nen lapsilleen.<\/p>\n<p class=\"aw-1gybjub aw-1p7kakr kEtdKx cEmitX yle__article__paragraph\">Nyt Trump Mobilen tiimi on pit\u00e4nyt matalaa profiilia julkaisun j\u00e4lkeen. Presidentin pojat, <strong class=\"aw-ak79eh KyCXm yle__article__strong\">Donald Trump Jr.<\/strong> ja <strong class=\"aw-ak79eh KyCXm yle__article__strong\">Eric Trump<\/strong>, kertoivat \u201dkumppanoituneensa alan huippuosaajien kanssa\u201d tavoitteenaan parantaa \u201dmatkapuhelinalan vaisua suorituskyky\u00e4\u201d.<\/p>\n<p class=\"aw-1gybjub aw-1p7kakr kEtdKx cEmitX yle__article__paragraph\">Trump Mobilen johtokolmikolta <strong class=\"aw-ak79eh KyCXm yle__article__strong\">Pat O\u2019Brienilta<\/strong>, <strong class=\"aw-ak79eh KyCXm yle__article__strong\">Eric Thomasilta<\/strong> ja <strong class=\"aw-ak79eh KyCXm yle__article__strong\">Don Hendricksonilta<\/strong> FT ei onnistunut saamaan kommentteja.<\/p>\n","protected":false},"excerpt":{"rendered":"Trumpin omistama puhelinyhti\u00f6 on viiv\u00e4stytt\u00e4nyt suunnitelmiaan toimittaa kultaisen \u00e4lypuhelimensa t\u00e4m\u00e4n vuoden loppuun menness\u00e4. Avaa kuvien katselu \u00c4lypuhelimen n\u00e4yt\u00f6ll\u00e4&hellip;\n","protected":false},"author":2,"featured_media":129820,"comment_status":"","ping_status":"","sticky":false,"template":"","format":"standard","meta":{"footnotes":""},"categories":[84],"tags":[562,585,2786,33,31,30,631,13284,32,91,92,22960,56],"class_list":{"0":"post-129819","1":"post","2":"type-post","3":"status-publish","4":"format-standard","5":"has-post-thumbnail","7":"category-teknologia","8":"tag-alypuhelimet","9":"tag-donald-trump","10":"tag-elinkeinoelama","11":"tag-fi","12":"tag-finland","13":"tag-finnish","14":"tag-matkapuhelimet-ja-mobiililaitteet","15":"tag-mobiilipalvelut","16":"tag-suomi","17":"tag-technology","18":"tag-teknologia","19":"tag-trump-organization","20":"tag-ulkomaat"},"share_on_mastodon":{"url":"https:\/\/pubeurope.com\/@fi\/115813971785292530","error":""},"_links":{"self":[{"href":"https:\/\/www.europesays.com\/fi\/wp-json\/wp\/v2\/posts\/129819","targetHints":{"allow":["GET"]}}],"collection":[{"href":"https:\/\/www.europesays.com\/fi\/wp-json\/wp\/v2\/posts"}],"about":[{"href":"https:\/\/www.europesays.com\/fi\/wp-json\/wp\/v2\/types\/post"}],"author":[{"embeddable":true,"href":"https:\/\/www.europesays.com\/fi\/wp-json\/wp\/v2\/users\/2"}],"replies":[{"embeddable":true,"href":"https:\/\/www.europesays.com\/fi\/wp-json\/wp\/v2\/comments?post=129819"}],"version-history":[{"count":0,"href":"https:\/\/www.europesays.com\/fi\/wp-json\/wp\/v2\/posts\/129819\/revisions"}],"wp:featuredmedia":[{"embeddable":true,"href":"https:\/\/www.europesays.com\/fi\/wp-json\/wp\/v2\/media\/129820"}],"wp:attachment":[{"href":"https:\/\/www.europesays.com\/fi\/wp-json\/wp\/v2\/media?parent=129819"}],"wp:term":[{"taxonomy":"category","embeddable":true,"href":"https:\/\/www.europesays.com\/fi\/wp-json\/wp\/v2\/categories?post=129819"},{"taxonomy":"post_tag","embeddable":true,"href":"https:\/\/www.europesays.com\/fi\/wp-json\/wp\/v2\/tags?post=129819"}],"curies":[{"name":"wp","href":"https:\/\/api.w.org\/{rel}","templated":true}]}}