{"id":129823,"date":"2025-12-31T11:36:08","date_gmt":"2025-12-31T11:36:08","guid":{"rendered":"https:\/\/www.europesays.com\/fi\/129823\/"},"modified":"2025-12-31T11:36:08","modified_gmt":"2025-12-31T11:36:08","slug":"nytn-selvitys-ukrainalaismissi-pelasti-zelenskyin-ja-trumpin-tapaamisen","status":"publish","type":"post","link":"https:\/\/www.europesays.com\/fi\/129823\/","title":{"rendered":"NYT:n selvitys: Ukrainalaismissi pelasti Zelenskyin ja Trumpin tapaamisen"},"content":{"rendered":"<p>Ukraina|The New York Timesin mukaan Trumpin rauhanponnistelut perustuvat siihen, kenen kanssa h\u00e4n on puhunut, miten paljon kunnioitusta h\u00e4n kokee saaneensa ja mihin h\u00e4n sattuu kiinnitt\u00e4m\u00e4\u00e4n huomionsa Fox Newsia seuratessaan.<\/p>\n<p>Lue tiivistelm\u00e4<\/p>\n<p class=\"article-body mb-nof-24 px-nof-16 sndp-summary-bullet-point-font\">Yhdysvaltalaislehti The New York Times kertoo, ett\u00e4 Yhdysvaltain presidentti Donald Trumpin ja Ukrainan presidentin Volodymyr Zelenskyin tapaaminen Valkoisessa talossa viime elokuussa sai k\u00e4\u00e4nteen, kun Trump soitti yst\u00e4v\u00e4lleen, joka on naimisissa entisen ukrainalaismissin kanssa.<\/p>\n<p class=\"article-body mb-nof-24 px-nof-16 sndp-summary-bullet-point-font\">Lehden selvityksen mukaan Trumpin p\u00e4\u00e4t\u00f6kset Ukrainan sodassa eiv\u00e4t perustu ideologiaan, vaan muun muassa siihen, kenen kanssa h\u00e4n on viimeksi puhunut ja miten paljon kunnioitusta h\u00e4n kokee saaneensa.<\/p>\n<p class=\"article-body mb-nof-24 px-nof-16 sndp-summary-bullet-point-font\">Ukraina on joutunut valmistautumaan merkitt\u00e4viin my\u00f6nnytyksiin, kun taas Ven\u00e4j\u00e4\u00e4 Trump ei ole juurikaan painostanut.<\/p>\n<p class=\"article-body mb-nof-24 px-nof-16\">Kun Yhdysvaltain presidentti <a class=\"font-bold underline-offset-[0.12em] [text-decoration:var(--person-link-text-decoration)] ![text-decoration-color:var(--person-link-text-decoration-color)]\" href=\"https:\/\/www.hs.fi\/haku\/?query=Donald%20Trump\" rel=\"nofollow noopener\" target=\"_blank\">Donald Trump<\/a> ja Ukrainan presidentti <a class=\"font-bold underline-offset-[0.12em] [text-decoration:var(--person-link-text-decoration)] ![text-decoration-color:var(--person-link-text-decoration-color)]\" href=\"https:\/\/www.hs.fi\/haku\/?query=Volodymyr%20Zelenskyi\" rel=\"nofollow noopener\" target=\"_blank\">Volodymyr Zelenskyi<\/a> neuvottelivat elokuussa Valkoisessa talossa, tapaaminen sai yll\u00e4tt\u00e4v\u00e4n k\u00e4\u00e4nteen. Tapahtuneesta <a class=\"underline underline-offset-[0.12em] [text-decoration-thickness:var(--generic-link-underline-thickness)] [text-decoration-color:var(--generic-link-underline-color)] [text-decoration-skip-ink:var(--generic-link-underline-skip-ink)] break-words\" href=\"https:\/\/www.nytimes.com\/interactive\/2025\/12\/30\/world\/europe\/ukraine-war-us-russia.html\" rel=\"nofollow noopener\" target=\"_blank\">kertoo<\/a> yhdysvaltalaislehti The New York Times (NYT).<\/p>\n<p class=\"article-body mb-nof-24 px-nof-16\">\u201dUkrainalaisnaiset ovat kauniita\u201d, Trump totesi.<\/p>\n<p class=\"article-body mb-nof-24 px-nof-16\">\u201dTied\u00e4n, olen naimisissa yhden kanssa\u201d, Zelenskyi vastasi.<\/p>\n<p class=\"article-body mb-nof-24 px-nof-16\">Samassa Trump p\u00e4\u00e4tti soittaa yst\u00e4v\u00e4lleen, joka on naimisissa entisen ukrainalaismissin <a class=\"font-bold underline-offset-[0.12em] [text-decoration:var(--person-link-text-decoration)] ![text-decoration-color:var(--person-link-text-decoration-color)]\" href=\"https:\/\/www.hs.fi\/haku\/?query=Oleksandra%20Nikolajenkon\" rel=\"nofollow noopener\" target=\"_blank\">Oleksandra Nikolajenkon<\/a> kanssa. Zelenskyi keskusteli Nikolajenkon kanssa 10\u201315 minuutin ajan.<\/p>\n<p class=\"article-body mb-nof-24 px-nof-16\">\u201cHuoneen tunnelma muuttui\u201d, kertoi paikalla ollut virkamies.<\/p>\n<p class=\"article-body mb-nof-24 px-nof-16\">\u201cSe teki Zelenskyist\u00e4 inhimillisen Trumpin silmiss\u00e4.\u201d<\/p>\n<p class=\"article-body mb-nof-24 px-nof-16\">The New York Times selvitti laajaan, keskiviikkona julkaistuun artikkeliinsa sit\u00e4, miten Yhdysvallat on pyrkinyt tekem\u00e4\u00e4n rauhaa Ukrainan ja Ven\u00e4j\u00e4n v\u00e4lille kuluvan vuoden aikana. Lehti haastatteli artikkelia varten satoja virkamiehi\u00e4 ja sotilaita.<\/p>\n<p class=\"article-body mb-nof-24 px-nof-16\">Artikkelin mukaan Trumpin p\u00e4\u00e4t\u00f6kset ja lausunnot eiv\u00e4t ole pohjanneet ideologiseen sitoutumiseen. Ne perustuvat ennen kaikkea siihen, kenen kanssa Trump on viimeksi puhunut, miten paljon kunnioitusta h\u00e4n kokee saaneensa Ukrainan tai Ven\u00e4j\u00e4n johtajilta tai mihin h\u00e4n on sattunut kiinnitt\u00e4m\u00e4\u00e4n huomionsa yhdysvaltalaismedia Fox Newsia seuratessa.<\/p>\n<p><img decoding=\"async\" src=\"https:\/\/www.europesays.com\/fi\/wp-content\/uploads\/2025\/12\/1767180968_98_468.jpg\" alt=\"Oleksandra Nikolajenko osallistui Donald Trumpin virkaanastujaisiin yhdess\u00e4 aviomiehens\u00e4 liikemies Phil Ruffinin kanssa tammikuussa 2025.\" class=\"_Img_1rerz_1\" style=\"aspect-ratio:1.5011727912431587\" loading=\"eager\"\/><\/p>\n<p class=\"article-picture-caption\">Oleksandra Nikolajenko osallistui Donald Trumpin virkaanastujaisiin yhdess\u00e4 aviomiehens\u00e4 liikemies Phil Ruffinin kanssa tammikuussa 2025. Kuva:\u00a0Chip Somodevilla \/ Bloomberg \/Getty Images<\/p>\n<p class=\"article-body mb-nof-24 px-nof-16\">Trumpilta ei ole juurikaan n\u00e4hty painostusta Ven\u00e4j\u00e4\u00e4 kohtaan. Ukraina taas on joutunut valmistautumaan merkitt\u00e4viin my\u00f6nnytyksiin edist\u00e4\u00e4kseen rauhansuunnitelmaa ja pyrki\u00e4kseen takaamaan Yhdysvaltojen tuen.<\/p>\n<p class=\"article-body mb-nof-24 px-nof-16\">Trumpin kelkka on k\u00e4\u00e4ntynyt muun muassa sen mukaan, kumpaa osapuolta h\u00e4n on milloinkin pit\u00e4nyt voittavana, NYT kirjoittaa. Suurimmaksi osaksi suunta on ollut Ven\u00e4j\u00e4\u00e4n p\u00e4in.<\/p>\n<p class=\"article-body mb-nof-24 px-nof-16\">Trump muutti hetkeksi n\u00e4k\u00f6kantaansa viime elokuisen, puhelun missille sis\u00e4lt\u00e4neen tapaamisensa Zelenskyin kanssa j\u00e4lkeen.<\/p>\n<p class=\"article-body mb-nof-24 px-nof-16\">Syyskuussa Trump kehui Zelenskyi\u00e4 \u201dloistavaksi mieheksi\u201d, joka \u201dtaisteli pirun kovaa\u201d. H\u00e4n jopa v\u00e4l\u00e4ytti, ett\u00e4 Ukraina voisi taistelemalla voittaa kaikki alueensa takaisin.<\/p>\n<p class=\"article-body mb-nof-24 px-nof-16\">My\u00f6t\u00e4tuuli ei kest\u00e4nyt kauaa. Lokakuussa Trump puhui j\u00e4lleen puhelimessa Ven\u00e4j\u00e4n presidentin <a class=\"font-bold underline-offset-[0.12em] [text-decoration:var(--person-link-text-decoration)] ![text-decoration-color:var(--person-link-text-decoration-color)]\" href=\"https:\/\/www.hs.fi\/haku\/?query=Vladimir%20Putinin\" rel=\"nofollow noopener\" target=\"_blank\">Vladimir Putinin<\/a> kanssa.<\/p>\n<p class=\"article-body mb-nof-24 px-nof-16\">Tavatessaan puhelun j\u00e4lkeen Zelenskyin h\u00e4n vaati Ukrainalta koko Donetskin luovuttamista, NYT kertoo.<\/p>\n<p class=\"article-body mb-nof-24 px-nof-16\">Muutama p\u00e4iv\u00e4 my\u00f6hemmin turhautuminen kohdistui j\u00e4lleen Ven\u00e4j\u00e4\u00e4n. Trump ilmoitti uusista pakotteista, jotka kohdistuivat Ven\u00e4j\u00e4n suurimpiin \u00f6ljy-yhti\u00f6ihin.<\/p>\n<p class=\"article-body mb-nof-24 px-nof-16\">NYT:n mukaan Trump on toistuvasti kuvitellut, ett\u00e4 h\u00e4nen hyv\u00e4t suhteensa Putiniin takaisivat my\u00f6nnytyksi\u00e4 Ven\u00e4j\u00e4n suunnalta. N\u00e4in ei ole tapahtunut.<\/p>\n<p class=\"article-body mb-nof-24 px-nof-16\">Joulukuussa Trump my\u00f6nsi, ett\u00e4 kyseess\u00e4 on monimutkainen konflikti, jota ei ole helppo ratkaista.<\/p>\n<p class=\"article-body mb-nof-24 px-nof-16\">Ukrainan tilannetta on my\u00f6s kurjistanut Yhdysvaltojen johdonmukaisuuden puute. Aseapua on ev\u00e4tty ja hetken p\u00e4\u00e4st\u00e4 taas palautettu.<\/p>\n<p class=\"article-body mb-nof-24 px-nof-16\">Poukkoilu johtuu muun muassa hallinnon sis\u00e4isist\u00e4 ristiriidoista.<\/p>\n<p class=\"article-body mb-nof-24 px-nof-16\">Varapresidentti <a class=\"font-bold underline-offset-[0.12em] [text-decoration:var(--person-link-text-decoration)] ![text-decoration-color:var(--person-link-text-decoration-color)]\" href=\"https:\/\/www.hs.fi\/haku\/?query=J.%C2%A0D.%20Vance\" rel=\"nofollow noopener\" target=\"_blank\">J.\u00a0D. Vance<\/a> on ajanut n\u00e4kemyst\u00e4, jonka mukaan Ukraina on uppoava laiva ja Yhdysvaltojen huomion pit\u00e4isi olla Kiinassa. N\u00e4kemyksen omaksui my\u00f6s puolustusministeri <a class=\"font-bold underline-offset-[0.12em] [text-decoration:var(--person-link-text-decoration)] ![text-decoration-color:var(--person-link-text-decoration-color)]\" href=\"https:\/\/www.hs.fi\/haku\/?query=Pete%20Hegeseth.\" rel=\"nofollow noopener\" target=\"_blank\">Pete Hegeseth.<\/a><\/p>\n<p class=\"article-body mb-nof-24 px-nof-16\">Ukrainan suurempaa aseellista tukemista sen sijaan kannatti <a class=\"font-bold underline-offset-[0.12em] [text-decoration:var(--person-link-text-decoration)] ![text-decoration-color:var(--person-link-text-decoration-color)]\" href=\"https:\/\/www.hs.fi\/haku\/?query=Keith%20Kellogg\" rel=\"nofollow noopener\" target=\"_blank\">Keith Kellogg<\/a>, joka kuitenkin sivuutettiin Ukrainan ja Ven\u00e4j\u00e4n eritysl\u00e4hettil\u00e4\u00e4n teht\u00e4v\u00e4st\u00e4.<\/p>\n<p class=\"article-body mb-nof-24 px-nof-16\">My\u00f6s useat tahot Yhdysvaltojen asevoimissa ja keskustiedustelupalvelu CIA:ssa olivat sitoutuneita Ukrainan tukemiseen, NYT kertoo. Heid\u00e4n avullaan Ukraina on t\u00e4n\u00e4 vuonna onnistunut horjuttamaan Ven\u00e4j\u00e4n sotataloutta tekem\u00e4ll\u00e4 drooni-iskuja \u00f6ljynjalostamoihin ja varjolaivastoa kohtaan.<\/p>\n<p><img decoding=\"async\" src=\"https:\/\/www.europesays.com\/fi\/wp-content\/uploads\/2025\/12\/1767180968_826_468.jpg\" alt=\"Presidentti Volodymyr Zelenskyi ja presidentti Donald Trump istuivat delegaatioineen lounaalle Mar-a-Lagossa sunnuntaina.\" class=\"_Img_1rerz_1\" style=\"aspect-ratio:1.5\" loading=\"eager\"\/><\/p>\n<p class=\"article-picture-caption\">Presidentti Volodymyr Zelenskyi ja presidentti Donald Trump istuivat delegaatioineen lounaalle Mar-a-Lagossa sunnuntaina. Kuva:\u00a0Ukrainan presidentinkanslia<\/p>\n","protected":false},"excerpt":{"rendered":"Ukraina|The New York Timesin mukaan Trumpin rauhanponnistelut perustuvat siihen, kenen kanssa h\u00e4n on puhunut, miten paljon kunnioitusta h\u00e4n&hellip;\n","protected":false},"author":2,"featured_media":129824,"comment_status":"","ping_status":"","sticky":false,"template":"","format":"standard","meta":{"footnotes":""},"categories":[14],"tags":[22,23,26,27,33,31,30,17,46,24,25,28,29,15,18,21,32,19,20,56,16,59,60,61],"class_list":{"0":"post-129823","1":"post","2":"type-post","3":"status-publish","4":"format-standard","5":"has-post-thumbnail","7":"category-ulkomaat","8":"tag-breaking-news","9":"tag-breakingnews","10":"tag-featured-news","11":"tag-featurednews","12":"tag-fi","13":"tag-finland","14":"tag-finnish","15":"tag-headlines","16":"tag-helsingin-sanomat","17":"tag-latest-news","18":"tag-latestnews","19":"tag-main-news","20":"tag-mainnews","21":"tag-news","22":"tag-otsikot","23":"tag-paauutiset","24":"tag-suomi","25":"tag-top-stories","26":"tag-topstories","27":"tag-ulkomaat","28":"tag-uutiset","29":"tag-world","30":"tag-world-news","31":"tag-worldnews"},"share_on_mastodon":{"url":"https:\/\/pubeurope.com\/@fi\/115813979610533171","error":""},"_links":{"self":[{"href":"https:\/\/www.europesays.com\/fi\/wp-json\/wp\/v2\/posts\/129823","targetHints":{"allow":["GET"]}}],"collection":[{"href":"https:\/\/www.europesays.com\/fi\/wp-json\/wp\/v2\/posts"}],"about":[{"href":"https:\/\/www.europesays.com\/fi\/wp-json\/wp\/v2\/types\/post"}],"author":[{"embeddable":true,"href":"https:\/\/www.europesays.com\/fi\/wp-json\/wp\/v2\/users\/2"}],"replies":[{"embeddable":true,"href":"https:\/\/www.europesays.com\/fi\/wp-json\/wp\/v2\/comments?post=129823"}],"version-history":[{"count":0,"href":"https:\/\/www.europesays.com\/fi\/wp-json\/wp\/v2\/posts\/129823\/revisions"}],"wp:featuredmedia":[{"embeddable":true,"href":"https:\/\/www.europesays.com\/fi\/wp-json\/wp\/v2\/media\/129824"}],"wp:attachment":[{"href":"https:\/\/www.europesays.com\/fi\/wp-json\/wp\/v2\/media?parent=129823"}],"wp:term":[{"taxonomy":"category","embeddable":true,"href":"https:\/\/www.europesays.com\/fi\/wp-json\/wp\/v2\/categories?post=129823"},{"taxonomy":"post_tag","embeddable":true,"href":"https:\/\/www.europesays.com\/fi\/wp-json\/wp\/v2\/tags?post=129823"}],"curies":[{"name":"wp","href":"https:\/\/api.w.org\/{rel}","templated":true}]}}