{"id":129827,"date":"2025-12-31T11:38:09","date_gmt":"2025-12-31T11:38:09","guid":{"rendered":"https:\/\/www.europesays.com\/fi\/129827\/"},"modified":"2025-12-31T11:38:09","modified_gmt":"2025-12-31T11:38:09","slug":"seamkin-tutkimus-ja-kehittamisuutiset-jatkuvat","status":"publish","type":"post","link":"https:\/\/www.europesays.com\/fi\/129827\/","title":{"rendered":"SEAMKin tutkimus- ja kehitt\u00e4misuutiset jatkuvat"},"content":{"rendered":"<p>\t\t\t\t\t\t<img width=\"768\" height=\"432\" src=\"https:\/\/www.europesays.com\/fi\/wp-content\/uploads\/2025\/12\/d56e38b8-tki-uutiset_1225_v2_osa3.00_00_10_03.still002-768x432.jpg\" class=\"attachment-medium_large size-medium_large wp-stateless-item\" alt=\"SEAMKin kaksi opiskelijaa toimivat uutistenlukijoina t\u00e4m\u00e4nkertaisessa videouutisl\u00e4hetyksess\u00e4.\" decoding=\"async\" loading=\"lazy\"   data-image-size=\"medium_large\" data-stateless-media-bucket=\"seamk-production\" data-stateless-media-name=\"2025\/12\/d56e38b8-tki-uutiset_1225_v2_osa3.00_00_10_03.still002-scaled.jpg\"\/><\/p>\n<p>Tutkimus ja kehitt\u00e4misuutisten opiskelijajuontajat SEAMKin studiossa.<\/p>\n<p>SEAMKin videomuotoiset uutiset kokoavat tiiviisti valittuja teemoja Sein\u00e4joen ammattikorkeakoulun ajankohtaisista tutkimus- ja kehitt\u00e4misaiheista. Tavoitteena on tuoda hankkeiden tuloksia ja vaikutuksia laajemmin n\u00e4kyv\u00e4ksi.<\/p>\n<p>Vuoden viimeisen p\u00e4iv\u00e4n uutisissa teemana oli Kesto-hanke sek\u00e4 SEAMKin tutkimus- ja kehitt\u00e4mistoiminta. Seuraavat videomuotoiset uutisjaksot julkaistaan 7.1. ja 12.1.2026.<\/p>\n<p>Opiskelijat kameran edess\u00e4<\/p>\n<p>Nyt julkaistussa uutisjaksossa uutistenlukijoina n\u00e4hd\u00e4\u00e4n opiskelijat liiketaloudesta ja kulttuurituotannosta. Yhteisty\u00f6 videotuotannossa tuo opiskelijoille mahdollisuuksia kehitt\u00e4\u00e4 esiintymiskokemusta ja yhteisty\u00f6taitoja sek\u00e4 tuo uutisiin aitoutta.<\/p>\n<p><strong>Katso tuore jakso SEAMKin Tutkimus- ja kehitt\u00e4misuutisista <\/strong><strong>.\u00a0<\/strong><\/p>\n<p>Toimintaa kehitt\u00e4\u00e4ksemme otamme mielell\u00e4mme vastaan . Lomakkeella l\u00e4hett\u00e4m\u00e4si palautteet ovat anonyymej\u00e4. Voit my\u00f6s esitt\u00e4\u00e4 toiveesi tulevien uutisl\u00e4hetysten teemoista.<\/p>\n","protected":false},"excerpt":{"rendered":"Tutkimus ja kehitt\u00e4misuutisten opiskelijajuontajat SEAMKin studiossa. SEAMKin videomuotoiset uutiset kokoavat tiiviisti valittuja teemoja Sein\u00e4joen ammattikorkeakoulun ajankohtaisista tutkimus- ja&hellip;\n","protected":false},"author":2,"featured_media":129828,"comment_status":"","ping_status":"","sticky":false,"template":"","format":"standard","meta":{"footnotes":""},"categories":[5],"tags":[22,23,26,27,33,31,30,17,24,25,28,29,15,18,21,32,19,20,16],"class_list":{"0":"post-129827","1":"post","2":"type-post","3":"status-publish","4":"format-standard","5":"has-post-thumbnail","7":"category-otsikot","8":"tag-breaking-news","9":"tag-breakingnews","10":"tag-featured-news","11":"tag-featurednews","12":"tag-fi","13":"tag-finland","14":"tag-finnish","15":"tag-headlines","16":"tag-latest-news","17":"tag-latestnews","18":"tag-main-news","19":"tag-mainnews","20":"tag-news","21":"tag-otsikot","22":"tag-paauutiset","23":"tag-suomi","24":"tag-top-stories","25":"tag-topstories","26":"tag-uutiset"},"share_on_mastodon":{"url":"https:\/\/pubeurope.com\/@fi\/115813987324696683","error":""},"_links":{"self":[{"href":"https:\/\/www.europesays.com\/fi\/wp-json\/wp\/v2\/posts\/129827","targetHints":{"allow":["GET"]}}],"collection":[{"href":"https:\/\/www.europesays.com\/fi\/wp-json\/wp\/v2\/posts"}],"about":[{"href":"https:\/\/www.europesays.com\/fi\/wp-json\/wp\/v2\/types\/post"}],"author":[{"embeddable":true,"href":"https:\/\/www.europesays.com\/fi\/wp-json\/wp\/v2\/users\/2"}],"replies":[{"embeddable":true,"href":"https:\/\/www.europesays.com\/fi\/wp-json\/wp\/v2\/comments?post=129827"}],"version-history":[{"count":0,"href":"https:\/\/www.europesays.com\/fi\/wp-json\/wp\/v2\/posts\/129827\/revisions"}],"wp:featuredmedia":[{"embeddable":true,"href":"https:\/\/www.europesays.com\/fi\/wp-json\/wp\/v2\/media\/129828"}],"wp:attachment":[{"href":"https:\/\/www.europesays.com\/fi\/wp-json\/wp\/v2\/media?parent=129827"}],"wp:term":[{"taxonomy":"category","embeddable":true,"href":"https:\/\/www.europesays.com\/fi\/wp-json\/wp\/v2\/categories?post=129827"},{"taxonomy":"post_tag","embeddable":true,"href":"https:\/\/www.europesays.com\/fi\/wp-json\/wp\/v2\/tags?post=129827"}],"curies":[{"name":"wp","href":"https:\/\/api.w.org\/{rel}","templated":true}]}}