{"id":129829,"date":"2025-12-31T11:50:07","date_gmt":"2025-12-31T11:50:07","guid":{"rendered":"https:\/\/www.europesays.com\/fi\/129829\/"},"modified":"2025-12-31T11:50:07","modified_gmt":"2025-12-31T11:50:07","slug":"krista-parmakosken-ex-mies-tommi-parmakoski-ja-uusi-rakas-yhteiskuva","status":"publish","type":"post","link":"https:\/\/www.europesays.com\/fi\/129829\/","title":{"rendered":"Krista P\u00e4rm\u00e4kosken ex-mies Tommi P\u00e4rm\u00e4koski ja uusi rakas: yhteiskuva"},"content":{"rendered":"<p>\n            Tommin uusi avovaimo vaikuttaa my\u00f6s huippu-urheilun parissa.<br \/>\n            Panu H\u00f6rkk\u00f6\n        <\/p>\n<p class=\"subtitle \">Tommi on avoliitossa er\u00e4\u00e4n hiihtopiireist\u00e4 tutun kaunottaren kanssa.<\/p>\n<p class=\"article-content article-content-width !bg-background\">Suomen kirkkaimpiin hiihtot\u00e4htiin lukeutuva , 34, kohahdutti urheilukansaa hein\u00e4kuussa 2024, kun h\u00e4n ilmoitti eroavansa pitk\u00e4aikaisesta puolisostaan, huippuvalmentaja , 41.<\/p>\n<p class=\"article-content article-content-width !bg-background\">Seiskan saamien tietojen mukaan taustalla muhi ihmissuhdesoppa, josta ei oltu aiemmin hiiskuttu julkisuuteen. Tommin el\u00e4m\u00e4ss\u00e4 olivat jo hyv\u00e4n aikaa puhaltaneet uudet parisuhdetuulet.<\/p>\n<p>        <a itemprop=\"url\" href=\"https:\/\/www.seiska.fi\/vain-seiskassa\/parmakoskien-eron-shokkitausta-ex-miehella-suhde-kristan-ystavaan\/1609156\" rel=\"nofollow noopener\" target=\"_blank\"><\/p>\n<p>\nKrista ja Tommi P\u00e4rm\u00e4koski\n<\/p>\n<p class=\"section-date\">\n        <strong class=\"article-section\" data-section=\"vain seiskassa\"><br \/>\n            vain seiskassa<br \/>\n        <\/strong><br \/>\n        13.2. 05:00\n    <\/p>\n<p>P\u00e4rm\u00e4koskien eron shokkitausta: ex-miehell\u00e4 suhde Kristan yst\u00e4v\u00e4\u00e4n\n    <\/p>\n<p itemprop=\"description\" class=\"subtitle \">\n    Tommi P\u00e4rm\u00e4koski vaihtoi maajoukkuet\u00e4hden hiihtopiireist\u00e4 tuttuun kaunottareen.\n<\/p>\n<p>        <\/a><\/p>\n<p class=\"article-content article-content-width !bg-background\">\u2013 Tommi ja Krista yrittiv\u00e4t pelastaa viime kev\u00e4\u00e4n\u00e4 liittoaan. L\u00e4hipiiri oletti edistyst\u00e4 tapahtuneen, mutta sitten tuli t\u00e4m\u00e4 eroilmoitus. Samoihin aikoihin paljastui, ett\u00e4 Tommi oli solminut salasuhteen Kristan yst\u00e4v\u00e4n kanssa, Seiskan l\u00e4hde kertoi helmikuussa.<\/p>\n<p class=\"article-content article-content-width !bg-background\">Tommi oli alkanut kaikessa hiljaisuudessa seurustella er\u00e4\u00e4n hiihtopiireist\u00e4 tutun kaunottaren kanssa, joka ei ole kuitenkaan julkisuudesta tuttu. Tommi ty\u00f6skentelee nyky\u00e4\u00e4n Suomen olympiakomiteassa huippu-urheiluvastaavana.<\/p>\n<p>        <a itemprop=\"url\" href=\"https:\/\/www.seiska.fi\/kotimaa\/krista-parmakosken-ura-paattyy-herkka-julkaisu\/2005726\" rel=\"nofollow noopener\" target=\"_blank\"><\/p>\n<p>\nKrista P\u00e4rm\u00e4koski\n<\/p>\n<p class=\"section-date\">\n        <strong class=\"article-section\" data-section=\"kotimaa\"><br \/>\n            kotimaa<br \/>\n        <\/strong><br \/>\n        27.11. 18:30\n    <\/p>\n<p>Krista P\u00e4rm\u00e4kosken ura p\u00e4\u00e4ttyy \u2013 herkk\u00e4 julkaisu\n    <\/p>\n<p itemprop=\"description\" class=\"subtitle \">\n    Hiiht\u00e4j\u00e4 Krista P\u00e4rm\u00e4koski p\u00e4\u00e4tt\u00e4\u00e4 uransa t\u00e4h\u00e4n kauteen. H\u00e4n julkaisi asiasta herk\u00e4n p\u00e4ivityksen Instagramissaan. Tunnistaisitko h\u00e4net lapsuuskuvista?\n<\/p>\n<p>        <\/a><\/p>\n<p>                <img decoding=\"async\" src=\"https:\/\/www.europesays.com\/fi\/wp-content\/uploads\/2025\/12\/1609223.webp.jpeg\" width=\"576\" height=\"552\" title=\"Tommin uusi avovaimo vaikuttaa my\u00f6s huippu-urheilun parissa.\" alt=\"Tommi P\u00e4rm\u00e4koski ja uusi kultansa.\" loading=\"lazy\" \/>            <\/p>\n<p>\n            Tommin uusi avovaimo vaikuttaa my\u00f6s huippu-urheilun parissa.<br \/>\n            Panu H\u00f6rkk\u00f6\n        <\/p>\n<p>Eliv\u00e4t jo avoliitossa<\/p>\n<p class=\"article-content article-content-width !bg-background\">Seiskan paparazzi havaitsi helmikuussa, ett\u00e4 Tommi ja kaunotar olivat jo muuttaneet avoliittoon. Pari asui modernissa kerrostalossa muutaman kilometrin p\u00e4\u00e4ss\u00e4 Helsingin keskustasta.<\/p>\n<p class=\"article-content article-content-width !bg-background\">Paparazzi esitti helmikuussa varhain aamulla kohuparille kysymyksi\u00e4 vallitsevasta tilanteesta, mutta kumpikaan ei ollut juttutuulella.<\/p>\n<p class=\"article-content article-content-width !bg-background\">\u2013 Hyv\u00e4\u00e4 p\u00e4iv\u00e4njatkoa, kohupari toisteli reportterille.<\/p>\n<p class=\"italic m-italic article-content article-content-width !bg-background\">Seiska julkaisee uudelleen vuoden luetuimpia juttujaan. T\u00e4m\u00e4 artikkeli on julkaistu alun perin 14.2.2025.<\/p>\n","protected":false},"excerpt":{"rendered":"Tommin uusi avovaimo vaikuttaa my\u00f6s huippu-urheilun parissa. Panu H\u00f6rkk\u00f6 Tommi on avoliitossa er\u00e4\u00e4n hiihtopiireist\u00e4 tutun kaunottaren kanssa. Suomen&hellip;\n","protected":false},"author":2,"featured_media":129830,"comment_status":"","ping_status":"","sticky":false,"template":"","format":"standard","meta":{"footnotes":""},"categories":[136],"tags":[407,137,1664,33,31,30,22961,408,9932,651,17591,32,22291,109],"class_list":{"0":"post-129829","1":"post","2":"type-post","3":"status-publish","4":"format-standard","5":"has-post-thumbnail","7":"category-julkkikset","8":"tag-celebrities","9":"tag-entertainment","10":"tag-ero","11":"tag-fi","12":"tag-finland","13":"tag-finnish","14":"tag-ihmissuhdesoppa","15":"tag-julkkikset","16":"tag-krista-parmakoski","17":"tag-suhteet","18":"tag-suomen-olympiakomitea","19":"tag-suomi","20":"tag-tommi-parmakoski","21":"tag-viihde"},"share_on_mastodon":{"url":"https:\/\/pubeurope.com\/@fi\/115814034641350914","error":""},"_links":{"self":[{"href":"https:\/\/www.europesays.com\/fi\/wp-json\/wp\/v2\/posts\/129829","targetHints":{"allow":["GET"]}}],"collection":[{"href":"https:\/\/www.europesays.com\/fi\/wp-json\/wp\/v2\/posts"}],"about":[{"href":"https:\/\/www.europesays.com\/fi\/wp-json\/wp\/v2\/types\/post"}],"author":[{"embeddable":true,"href":"https:\/\/www.europesays.com\/fi\/wp-json\/wp\/v2\/users\/2"}],"replies":[{"embeddable":true,"href":"https:\/\/www.europesays.com\/fi\/wp-json\/wp\/v2\/comments?post=129829"}],"version-history":[{"count":0,"href":"https:\/\/www.europesays.com\/fi\/wp-json\/wp\/v2\/posts\/129829\/revisions"}],"wp:featuredmedia":[{"embeddable":true,"href":"https:\/\/www.europesays.com\/fi\/wp-json\/wp\/v2\/media\/129830"}],"wp:attachment":[{"href":"https:\/\/www.europesays.com\/fi\/wp-json\/wp\/v2\/media?parent=129829"}],"wp:term":[{"taxonomy":"category","embeddable":true,"href":"https:\/\/www.europesays.com\/fi\/wp-json\/wp\/v2\/categories?post=129829"},{"taxonomy":"post_tag","embeddable":true,"href":"https:\/\/www.europesays.com\/fi\/wp-json\/wp\/v2\/tags?post=129829"}],"curies":[{"name":"wp","href":"https:\/\/api.w.org\/{rel}","templated":true}]}}