{"id":129831,"date":"2025-12-31T11:51:09","date_gmt":"2025-12-31T11:51:09","guid":{"rendered":"https:\/\/www.europesays.com\/fi\/129831\/"},"modified":"2025-12-31T11:51:09","modified_gmt":"2025-12-31T11:51:09","slug":"sarestoniemen-nayttelyt-rikkoivat-ennatyksia-juhlavuonna-museonjohtaja-seinat-venyivat-ja-paukkuivat-lappi","status":"publish","type":"post","link":"https:\/\/www.europesays.com\/fi\/129831\/","title":{"rendered":"S\u00e4rest\u00f6niemen n\u00e4yttelyt rikkoivat enn\u00e4tyksi\u00e4 juhlavuonna \u2013 museonjohtaja: \u201dSein\u00e4t venyiv\u00e4t ja paukkuivat\u201d | Lappi"},"content":{"rendered":"<p class=\"aw-1gybjub aw-5vja16 kEtdKx kmuxyA yle__article__paragraph\">S\u00e4rest\u00f6niemi-n\u00e4yttelyt rikkoivat k\u00e4vij\u00e4enn\u00e4tyksi\u00e4 ymp\u00e4ri Suomen. Yksi taidekeskus joutui jopa tuplaamaan henkil\u00f6kuntansa suuren kiinnostuksen vuoksi. <\/p>\n<p>Museonjohtaja Anne Koskamo S\u00e4rest\u00f6niemest\u00e4 kertoo, mik\u00e4 vuonna 1981 kuolleen kuvataiteilija Reidar S\u00e4rest\u00f6niemen taiteessa koskettaa ihmisi\u00e4 edelleen. Video: Taina Nuutinen-Kallio \/ Yle<\/p>\n<ul class=\"aw-1jjocuh iJTSwP yle__article__list yle__article__list--ul\">\n<li class=\"aw-1j7gwms gNYKfi\">Reidar S\u00e4rest\u00f6niemen 100-vuotisjuhlavuosi on ollut suuri yleis\u00f6menestys, ja n\u00e4yttelyt ovat rikkoneet k\u00e4vij\u00e4enn\u00e4tyksi\u00e4.<\/li>\n<li class=\"aw-1j7gwms gNYKfi\">Didrichsenin taidemuseon johtaja Anna-Maria Wiljanen sanoo, ett\u00e4 S\u00e4rest\u00f6niemen suosion syyn\u00e4 ovat ajankohtaiset teemat, kuten luonto.<\/li>\n<li class=\"aw-1j7gwms gNYKfi\">Juhlavuoden aikana S\u00e4rest\u00f6niemen taide on saanut uutta arvostusta ja uusi sukupolvi on l\u00f6yt\u00e4nyt h\u00e4nen teoksensa.<\/li>\n<li class=\"aw-1j7gwms gNYKfi\">Juhlavuotta on varjostanut v\u00e4\u00e4renn\u00f6skohu. S\u00e4rest\u00f6niemi-museon johtajan Anne Koskamon mukaan teoksista liikkuu paljon v\u00e4\u00e4renn\u00f6ksi\u00e4.<\/li>\n<\/ul>\n<p class=\"aw-1gybjub aw-1p7kakr kEtdKx cEmitX yle__article__paragraph\">Reidar S\u00e4rest\u00f6niemen 100-vuotisjuhlavuosi on ollut suuri menestys. Voidaan puhua jopa Reidar-buumista, kun S\u00e4rest\u00f6niemi-n\u00e4yttelyt ymp\u00e4ri Suomen rikkoivat k\u00e4vij\u00e4enn\u00e4tyksi\u00e4.<\/p>\n<p class=\"aw-1gybjub aw-1p7kakr kEtdKx cEmitX yle__article__paragraph\">Kittil\u00e4n Kaukosessa sijaitsevassa S\u00e4rest\u00f6niemi-museossa vierailijoita oli kaksi kertaa enemm\u00e4n kuin normaalivuotena, yhteens\u00e4 noin 20 000. Helsingiss\u00e4 Didrichsenin taidemuseossa rikottiin kaikkien aikojen yleis\u00f6enn\u00e4tys yli sadalla tuhannella k\u00e4vij\u00e4ll\u00e4.<\/p>\n<p><img decoding=\"async\" alt=\"Nainen istuu v\u00e4rikk\u00e4\u00e4n maalauksen edess\u00e4.\" src=\"https:\/\/www.europesays.com\/fi\/wp-content\/uploads\/2025\/12\/39-15758636954e8a4d577f.jpeg\" loading=\"lazy\" class=\"aw-1l9m598 hKVVvP\"\/><\/p>\n<p>Avaa kuvien katselu<\/p>\n<p>S\u00e4rest\u00f6niemi-museon johtaja Anne Koskamo iloitsee siit\u00e4, ett\u00e4 uudet sukupolvet ovat l\u00f6yt\u00e4neet Reidar S\u00e4rest\u00f6niemen taiteen. Kuva: Taina Nuutinen-Kallio \/ Yle<\/p>\n<p class=\"aw-1gybjub aw-1p7kakr kEtdKx cEmitX yle__article__paragraph\">My\u00f6s Rovaniemen taidemuseon kev\u00e4inen n\u00e4yttely teki enn\u00e4tyksen kaksinkertaistaisella k\u00e4vij\u00e4m\u00e4\u00e4r\u00e4ll\u00e4.<\/p>\n<p class=\"aw-1gybjub aw-1p7kakr kEtdKx cEmitX yle__article__paragraph\">\u2013 Sein\u00e4t v\u00e4h\u00e4n venyiv\u00e4t ja paukkuivat. Oli aivan selv\u00e4\u00e4, ett\u00e4 t\u00e4lle n\u00e4yttelylle oli olemassa tilaus, toteaa Didrichsenin museonjohtaja <strong class=\"aw-ak79eh KyCXm yle__article__strong\">Anna-Maria Wiljanen<\/strong>.<\/p>\n<p>Jonoja koko kes\u00e4n<\/p>\n<p class=\"aw-1gybjub aw-1p7kakr kEtdKx cEmitX yle__article__paragraph\">M\u00e4ntyharjulaisen Taidekeskus Salmelan ja sen sisarkohteen Vuohij\u00e4rven Luonto- ja kulttuuritalon S\u00e4rest\u00f6niemi-n\u00e4yttelyiden suosio l\u00f6i \u00e4llik\u00e4ll\u00e4 toiminnanjohtaja <strong class=\"aw-ak79eh KyCXm yle__article__strong\">Tuomas Hoikkalan<\/strong>.<\/p>\n<p class=\"aw-1gybjub aw-1p7kakr kEtdKx cEmitX yle__article__paragraph\"><strong class=\"aw-ak79eh KyCXm yle__article__strong\">Kirsi ja Keio Eerik\u00e4isen<\/strong> Taides\u00e4\u00e4ti\u00f6n kokoelmista koostetuissa n\u00e4yttelyiss\u00e4 k\u00e4vi yhteens\u00e4 noin 60 000 vierasta.<\/p>\n<p class=\"aw-1gybjub aw-1p7kakr kEtdKx cEmitX yle__article__paragraph\">\u2013 Olen 36 vuotta vet\u00e4nyt taidekeskusta, enk\u00e4 ole koskaan kokenut t\u00e4llaista. Jonoja oli koko kes\u00e4n. Jouduimme tuplaamaan henkil\u00f6kunnan ja jatkamaan n\u00e4yttelyaikaa syksyyn saakka, kertoo Hoikkala.<\/p>\n<p class=\"aw-1gybjub aw-1p7kakr kEtdKx cEmitX yle__article__paragraph\">Reidar-innostus on ollut M\u00e4ntyharjulla niin suurta, ett\u00e4 Eerik\u00e4isten s\u00e4\u00e4ti\u00f6n noin 200 teoksen S\u00e4rest\u00f6niemi-kokoelma sijoitetaan Vuohij\u00e4rven Luonto- ja kulttuuritalolle, ja paikasta tulee pysyv\u00e4 S\u00e4rest\u00f6niemen teoksia esittelev\u00e4 n\u00e4yttelykohde.<\/p>\n<p>Vuotta varjosti v\u00e4\u00e4rennyskohu<\/p>\n<p class=\"aw-1gybjub aw-1p7kakr kEtdKx cEmitX yle__article__paragraph\">Juhlavuotta varjosti my\u00f6s v\u00e4\u00e4rennyskohu, kun ennen Didrichsenin n\u00e4yttelyn avautumista maalausten joukosta havaittiin ep\u00e4ilytt\u00e4v\u00e4 teos.<\/p>\n<p class=\"aw-1gybjub aw-1p7kakr kEtdKx cEmitX yle__article__paragraph\">\u2013 Se oli v\u00e4\u00e4renn\u00f6s, ja n\u00e4iss\u00e4 tilanteissa otetaan heti yhteys poliisiin. N\u00e4it\u00e4 valitettavasti liikkuu taidemaailmassa, Didrichsenin museonjohtaja Anna-Maria Wiljanen toteaa.<\/p>\n<p class=\"aw-1gybjub aw-1p7kakr kEtdKx cEmitX yle__article__paragraph\">S\u00e4rest\u00f6niemi-museon johtaja <strong class=\"aw-ak79eh KyCXm yle__article__strong\">Anne Koskamo<\/strong> kertoo, ett\u00e4 S\u00e4rest\u00f6niemen teoksia on v\u00e4\u00e4rennetty paljon, ja v\u00e4\u00e4renn\u00f6ksi\u00e4 liikkuu edelleen.<\/p>\n<p class=\"aw-1gybjub aw-1p7kakr kEtdKx cEmitX yle__article__paragraph\">\u2013 Aloin ep\u00e4ill\u00e4 yht\u00e4 teosta jo kuvasta, ja kun n\u00e4in sen liven\u00e4, suosittelin tarkempia tutkimuksia.<\/p>\n<p class=\"aw-1gybjub aw-1p7kakr kEtdKx cEmitX yle__article__paragraph\">Juhlavuoden aikana Reidar S\u00e4rest\u00f6niemen taide on saanut uutta arvostusta.<\/p>\n<p class=\"aw-1gybjub aw-1p7kakr kEtdKx cEmitX yle__article__paragraph\">\u2013 Ehk\u00e4 h\u00e4nt\u00e4 on aikanaan pidetty liian kaupallisena tai omalaatuisena, eik\u00e4 h\u00e4nt\u00e4 ole otettu vakavasti. Mutta nyt ajat ovat muuttuneet, ja yleis\u00f6 on kypsynyt ottamaan h\u00e4nen ty\u00f6ns\u00e4 vakavasti, Wiljanen sanoo.<\/p>\n<p><img decoding=\"async\" alt=\"Kuva museon vitriinist\u00e4.\" src=\"https:\/\/www.europesays.com\/fi\/wp-content\/uploads\/2025\/12\/39-1575157695260f06a617.jpeg\" loading=\"lazy\" class=\"aw-1l9m598 hKVVvP\"\/><\/p>\n<p>Avaa kuvien katselu<\/p>\n<p>S\u00e4rest\u00f6niemi-museolla p\u00e4\u00e4see tutustumaan Reidarin persoonaan muun muassa taiteilijan asujen kautta. Kuva: Taina Nuutinen-kallio \/ YleUusi n\u00e4k\u00f6kulma pohjoiseen<\/p>\n<p class=\"aw-1gybjub aw-1p7kakr kEtdKx cEmitX yle__article__paragraph\">Anne Koskamon mukaan my\u00f6s S\u00e4rest\u00f6niemen museovieraat ovat kertoneet muuttaneensa k\u00e4sityksi\u00e4\u00e4n taiteilijasta.<\/p>\n<p class=\"aw-1gybjub aw-1p7kakr kEtdKx cEmitX yle__article__paragraph\">\u2013 Uusi sukupolvi voi nyt tarkastella Reidaria puhtaalta p\u00f6yd\u00e4lt\u00e4. Ja kun n\u00e4kee teokset S\u00e4rest\u00f6ss\u00e4, ne avautuvat aivan eri tavalla kuin muualla, h\u00e4n pohtii.<\/p>\n<p class=\"aw-1gybjub aw-1p7kakr kEtdKx cEmitX yle__article__paragraph\">S\u00e4rest\u00f6niemelle luonto ja sen suojelu oli t\u00e4rke\u00e4\u00e4, mik\u00e4 n\u00e4kyy my\u00f6s h\u00e4nen teoksissaan.<\/p>\n<p><img decoding=\"async\" alt=\"V\u00e4rik\u00e4s maalaus, jossa kulleroja etualalla.\" src=\"https:\/\/www.europesays.com\/fi\/wp-content\/uploads\/2025\/12\/39-15756766953dd374f6b8.jpeg\" class=\"aw-1l9m598 hKVVvP\"\/><\/p>\n<p>Avaa kuvien katselu<\/p>\n<p><img decoding=\"async\" alt=\"V\u00e4rikk\u00e4\u00e4ss\u00e4 maalauksessa useita pieni\u00e4 taloja.\" src=\"https:\/\/www.europesays.com\/fi\/wp-content\/uploads\/2025\/12\/39-15756796953de67bbe08.jpeg\" class=\"aw-1l9m598 hKVVvP\"\/><\/p>\n<p>Avaa kuvien katselu<\/p>\n<p><img decoding=\"async\" alt=\"V\u00e4rikk\u00e4\u00e4ss\u00e4 maalauksessa kaksi hyljett\u00e4. \" src=\"https:\/\/www.europesays.com\/fi\/wp-content\/uploads\/2025\/12\/39-15756786953de11a4cb6.jpeg\" class=\"aw-1l9m598 hKVVvP\"\/><\/p>\n<p>Avaa kuvien katselu<\/p>\n<p><img decoding=\"async\" alt=\"V\u00e4rik\u00e4s maalaus hirsisein\u00e4ll\u00e4.\" src=\"https:\/\/www.europesays.com\/fi\/wp-content\/uploads\/2025\/12\/39-15756816953df3d5545f.jpeg\" class=\"aw-1l9m598 hKVVvP\"\/><\/p>\n<p>Avaa kuvien katselu<\/p>\n<p class=\"aw-1gybjub aw-1p7kakr kEtdKx cEmitX yle__article__paragraph\">Luonnonsuojelun ja el\u00e4inteemojen ajankohtaisuus puhutteli erityisesti p\u00e4\u00e4kaupunkiseudun yleis\u00f6\u00e4.<\/p>\n<p class=\"aw-1gybjub aw-1p7kakr kEtdKx cEmitX yle__article__paragraph\">\u2013 Me kaikki olemme nyky\u00e4\u00e4n valveutuneita ja haluamme s\u00e4ilytt\u00e4\u00e4 luonnon tuleville sukupolville. S\u00e4rest\u00f6niemi oli aikansa edell\u00e4k\u00e4vij\u00e4 luontokysymyksiss\u00e4, ja h\u00e4nen el\u00e4inyst\u00e4v\u00e4llisyytens\u00e4 ja huolensa luonnosta tulivat monelle k\u00e4vij\u00e4lle yll\u00e4tyksen\u00e4, Anna-Maria Wiljanen toteaa.<\/p>\n<p><img decoding=\"async\" alt=\"Sudet ulvovat kuuta maalauksessa.\" src=\"https:\/\/www.europesays.com\/fi\/wp-content\/uploads\/2025\/12\/39-15751466952603947232.jpeg\" loading=\"lazy\" class=\"aw-1l9m598 hKVVvP\"\/><\/p>\n<p>Avaa kuvien katselu<\/p>\n<p>Yksi Didrichsenin n\u00e4yttelyn puhutuimmista teoksista oli &#8221;Sudet laulavat viimeisen laulunsa&#8221; (1974), jonka \u00e4\u00e4rell\u00e4 moni pys\u00e4htyi pohtimaan el\u00e4inten ja luonnon asemaa: \u2013 Ihmiset kuvasivat sit\u00e4 tosi paljon. Anna-Maria Wiljanen kertoo. Kuva: Rauno Tr\u00e4skelin<\/p>\n<p class=\"aw-1gybjub aw-1p7kakr kEtdKx cEmitX yle__article__paragraph\">Wiljanen kertoo, ett\u00e4 monelle etel\u00e4suomalaiselle S\u00e4rest\u00f6niemen teokset avasivat uuden n\u00e4k\u00f6kulman pohjoiseen.<\/p>\n<p class=\"aw-1gybjub aw-1p7kakr kEtdKx cEmitX yle__article__paragraph\">\u2013 Aika monella, varsinkin meist\u00e4 etel\u00e4n ihmisist\u00e4, on k\u00e4sitys Lapista vain talvisena kohteena. Moni yll\u00e4ttyi, kuinka v\u00e4rikyll\u00e4inen ja monipuolinen Lapin luonto voi olla.<\/p>\n<p>Valtava savotta<\/p>\n<p class=\"aw-1gybjub aw-1p7kakr kEtdKx cEmitX yle__article__paragraph\">Juhlavuonna ilmestyi my\u00f6s kittil\u00e4l\u00e4isl\u00e4ht\u00f6isen toimittajan ja kirjailijan Noora Vaaralan teos Sarviini puhkeaa lehti, joka on saanut hyv\u00e4n vastaanoton lukijoilta ja kriitikoilta. Teos avaa S\u00e4rest\u00f6niemen el\u00e4m\u00e4\u00e4 ja t\u00f6it\u00e4 sateenkaaritaiteilijana.<\/p>\n<p><img decoding=\"async\" alt=\"Nainen esittelee sarjakuvakirjaa.\" src=\"https:\/\/www.europesays.com\/fi\/wp-content\/uploads\/2025\/12\/39-157512969525849154eb.jpeg\" loading=\"lazy\" class=\"aw-1l9m598 hKVVvP\"\/><\/p>\n<p>Avaa kuvien katselu<\/p>\n<p>Reidar S\u00e4rest\u00f6niemi puhuttelee ihmisi\u00e4 yh\u00e4. Sarjakuvataiteilija Jaana Suorsa julkaisi Mie, Taivaanjaara &#8211; Tarina Reidar S\u00e4rest\u00f6niemest\u00e4 -teoksen, jonka vedoksia on ollut esill\u00e4 S\u00e4rest\u00f6niemess\u00e4.  Kuva: Taina Nuutinen-kallio \/ Yle<\/p>\n<p class=\"aw-1gybjub aw-1p7kakr kEtdKx cEmitX yle__article__paragraph\">Museonjohtajat Wiljanen ja Koskamo toivovat S\u00e4rest\u00f6niemest\u00e4 lis\u00e4\u00e4 taidehistoriallista tutkimusta.<\/p>\n<p class=\"aw-1gybjub aw-1p7kakr kEtdKx cEmitX yle__article__paragraph\">\u2013 Reidaria ei ole kauheasti tutkittu, eik\u00e4 h\u00e4nt\u00e4 juuri ole nostettu suomalaisen taidehistorian yleisesityksiin. Jo pelk\u00e4st\u00e4\u00e4n h\u00e4nen tuotantonsa laajuus on valtava savotta, Koskamo sanoo.<\/p>\n<p class=\"aw-1gybjub aw-1p7kakr kEtdKx cEmitX yle__article__paragraph\">\u2013 S\u00e4rest\u00f6niemi on taidehistorioitsijalle herkullinen kohde. El\u00e4inmytologia, luonnonkuvaus ja persoonan tutkimus antaisivat aineksia kymmeniksi vuosiksi, Wiljanen visioi.<\/p>\n","protected":false},"excerpt":{"rendered":"S\u00e4rest\u00f6niemi-n\u00e4yttelyt rikkoivat k\u00e4vij\u00e4enn\u00e4tyksi\u00e4 ymp\u00e4ri Suomen. Yksi taidekeskus joutui jopa tuplaamaan henkil\u00f6kuntansa suuren kiinnostuksen vuoksi. Museonjohtaja Anne Koskamo S\u00e4rest\u00f6niemest\u00e4&hellip;\n","protected":false},"author":2,"featured_media":129832,"comment_status":"","ping_status":"","sticky":false,"template":"","format":"standard","meta":{"footnotes":""},"categories":[135],"tags":[389,387,388,390,137,33,31,30,1569,71,1013,667,966,10950,32,394,393,391,392,109],"class_list":{"0":"post-129831","1":"post","2":"type-post","3":"status-publish","4":"format-standard","5":"has-post-thumbnail","7":"category-taiteet-ja-suunnittelu","8":"tag-arts","9":"tag-arts-and-design","10":"tag-artsanddesign","11":"tag-design","12":"tag-entertainment","13":"tag-fi","14":"tag-finland","15":"tag-finnish","16":"tag-kittila","17":"tag-kotimaa","18":"tag-kuvataide","19":"tag-lappi","20":"tag-museot","21":"tag-reidar-sarestoniemi","22":"tag-suomi","23":"tag-suunnittelu","24":"tag-taiteet","25":"tag-taiteet-ja-suunnittelu","26":"tag-taiteetsuunnittelu","27":"tag-viihde"},"share_on_mastodon":{"url":"https:\/\/pubeurope.com\/@fi\/115814038476071498","error":""},"_links":{"self":[{"href":"https:\/\/www.europesays.com\/fi\/wp-json\/wp\/v2\/posts\/129831","targetHints":{"allow":["GET"]}}],"collection":[{"href":"https:\/\/www.europesays.com\/fi\/wp-json\/wp\/v2\/posts"}],"about":[{"href":"https:\/\/www.europesays.com\/fi\/wp-json\/wp\/v2\/types\/post"}],"author":[{"embeddable":true,"href":"https:\/\/www.europesays.com\/fi\/wp-json\/wp\/v2\/users\/2"}],"replies":[{"embeddable":true,"href":"https:\/\/www.europesays.com\/fi\/wp-json\/wp\/v2\/comments?post=129831"}],"version-history":[{"count":0,"href":"https:\/\/www.europesays.com\/fi\/wp-json\/wp\/v2\/posts\/129831\/revisions"}],"wp:featuredmedia":[{"embeddable":true,"href":"https:\/\/www.europesays.com\/fi\/wp-json\/wp\/v2\/media\/129832"}],"wp:attachment":[{"href":"https:\/\/www.europesays.com\/fi\/wp-json\/wp\/v2\/media?parent=129831"}],"wp:term":[{"taxonomy":"category","embeddable":true,"href":"https:\/\/www.europesays.com\/fi\/wp-json\/wp\/v2\/categories?post=129831"},{"taxonomy":"post_tag","embeddable":true,"href":"https:\/\/www.europesays.com\/fi\/wp-json\/wp\/v2\/tags?post=129831"}],"curies":[{"name":"wp","href":"https:\/\/api.w.org\/{rel}","templated":true}]}}