{"id":129839,"date":"2025-12-31T11:59:08","date_gmt":"2025-12-31T11:59:08","guid":{"rendered":"https:\/\/www.europesays.com\/fi\/129839\/"},"modified":"2025-12-31T11:59:08","modified_gmt":"2025-12-31T11:59:08","slug":"uusi-vuosi-alkaa-vuosi-vaihtuu-kirpeassa-pakkassaassa-poliisi-varautuu-yhteen-vuoden-vilkkaimmista-vuorokausista-aamulehti","status":"publish","type":"post","link":"https:\/\/www.europesays.com\/fi\/129839\/","title":{"rendered":"Uusi vuosi alkaa! | Vuosi vaihtuu kirpe\u00e4ss\u00e4 pakkass\u00e4\u00e4ss\u00e4 \u2013 poliisi varautuu yhteen vuoden vilkkaimmista vuorokausista &#8211; Aamulehti"},"content":{"rendered":"<ol>\n<li><a href=\"https:\/\/news.google.com\/rss\/articles\/CBMiaEFVX3lxTFBfRnl1Z2tIR3hRb3dPbkVCR1NCeHFENTBFSDNCa3hPTjRYbjk0M2VrUzMzMjJoQ1JVNDNuWkFUNWJmZTNqdGZ0Wi0zeFh5aE1Zclh2M1MtcmJIYWZqdHhfa0NRUXNqSjhW?oc=5\" target=\"_blank\" rel=\"nofollow noopener\">Uusi vuosi alkaa! | Vuosi vaihtuu kirpe\u00e4ss\u00e4 pakkass\u00e4\u00e4ss\u00e4 \u2013 poliisi varautuu yhteen vuoden vilkkaimmista vuorokausista<\/a>&nbsp;&nbsp;Aamulehti<\/li>\n<li><a href=\"https:\/\/news.google.com\/rss\/articles\/CBMiXEFVX3lxTE5QRjF4WDFNM1Z4bFZZSVZPbzA0bHVsNG5vTklBUVRQU0VXUmZKenpRc1V0SkFHeFF3d3hJQWU4MnVTakFsanI5ZC00bVlNNDAzRFJTMlJiZW9TU1Ew?oc=5\" target=\"_blank\" rel=\"nofollow noopener\">Ilmatieteen laitos varoittaa uudenvuodenp\u00e4iv\u00e4st\u00e4<\/a>&nbsp;&nbsp;Ilta-Sanomat<\/li>\n<li><a href=\"https:\/\/news.google.com\/rss\/articles\/CBMiQkFVX3lxTFA1VEQ4am9Xa05jZk92VXpVRGhIWWY4S0VzTkZhWWp3X1R4a09qa2IxT1pDSXZBaHFrUk9BQW00ZXhPQQ?oc=5\" target=\"_blank\" rel=\"nofollow noopener\">Uuttavuotta juhlitaan kirpe\u00e4ss\u00e4 pakkasessa<\/a>&nbsp;&nbsp;Yle<\/li>\n<li><a href=\"https:\/\/news.google.com\/rss\/articles\/CBMiWEFVX3lxTFBiMGRYc2EtSmNXbTFiZTJZVEFXTWZ6ZHlfX0xuMXdJa1ljUVROWFhZVDYwTEJ5S0FFR3dwNk9LNDRSMzhOVlNvTFNkSmwxSkVDMm0xUF9pLTI?oc=5\" target=\"_blank\" rel=\"nofollow noopener\">Pakkanen kiristyy \u2013 luminen yll\u00e4tys vaanii etel\u00e4rannikkoa<\/a>&nbsp;&nbsp;Foreca<\/li>\n<li><a href=\"https:\/\/news.google.com\/rss\/articles\/CBMif0FVX3lxTE83UDZCbjdqcnYyR2Z3X1VLeDU4Z2lia1VYVGFXUUFrY28yaEd0V3MzZ3FtdjRfUkNaNWhOeVQtdG5ZYlhjcDA0U2pvWEl0QUEzZ2xsU2lUR2tad3MwYUFqUnd1SVdMUldUOVNKbHduUGpvcXc0bUpYcG5BVnZuTEU?oc=5\" target=\"_blank\" rel=\"nofollow noopener\">Uusi myr\u00e4kk\u00e4 l\u00e4hestyy Suomea<\/a>&nbsp;&nbsp;Iltalehti<\/li>\n<\/ol>\n","protected":false},"excerpt":{"rendered":"Uusi vuosi alkaa! | Vuosi vaihtuu kirpe\u00e4ss\u00e4 pakkass\u00e4\u00e4ss\u00e4 \u2013 poliisi varautuu yhteen vuoden vilkkaimmista vuorokausista&nbsp;&nbsp;Aamulehti Ilmatieteen laitos varoittaa&hellip;\n","protected":false},"author":2,"featured_media":129840,"comment_status":"","ping_status":"","sticky":false,"template":"","format":"standard","meta":{"footnotes":""},"categories":[112],"tags":[157,33,31,30,118,32,119],"class_list":{"0":"post-129839","1":"post","2":"type-post","3":"status-publish","4":"format-standard","5":"has-post-thumbnail","7":"category-tiede","8":"tag-aamulehti","9":"tag-fi","10":"tag-finland","11":"tag-finnish","12":"tag-science","13":"tag-suomi","14":"tag-tiede"},"share_on_mastodon":{"url":"https:\/\/pubeurope.com\/@fi\/115814069899453252","error":""},"_links":{"self":[{"href":"https:\/\/www.europesays.com\/fi\/wp-json\/wp\/v2\/posts\/129839","targetHints":{"allow":["GET"]}}],"collection":[{"href":"https:\/\/www.europesays.com\/fi\/wp-json\/wp\/v2\/posts"}],"about":[{"href":"https:\/\/www.europesays.com\/fi\/wp-json\/wp\/v2\/types\/post"}],"author":[{"embeddable":true,"href":"https:\/\/www.europesays.com\/fi\/wp-json\/wp\/v2\/users\/2"}],"replies":[{"embeddable":true,"href":"https:\/\/www.europesays.com\/fi\/wp-json\/wp\/v2\/comments?post=129839"}],"version-history":[{"count":0,"href":"https:\/\/www.europesays.com\/fi\/wp-json\/wp\/v2\/posts\/129839\/revisions"}],"wp:featuredmedia":[{"embeddable":true,"href":"https:\/\/www.europesays.com\/fi\/wp-json\/wp\/v2\/media\/129840"}],"wp:attachment":[{"href":"https:\/\/www.europesays.com\/fi\/wp-json\/wp\/v2\/media?parent=129839"}],"wp:term":[{"taxonomy":"category","embeddable":true,"href":"https:\/\/www.europesays.com\/fi\/wp-json\/wp\/v2\/categories?post=129839"},{"taxonomy":"post_tag","embeddable":true,"href":"https:\/\/www.europesays.com\/fi\/wp-json\/wp\/v2\/tags?post=129839"}],"curies":[{"name":"wp","href":"https:\/\/api.w.org\/{rel}","templated":true}]}}