{"id":129858,"date":"2025-12-31T12:28:07","date_gmt":"2025-12-31T12:28:07","guid":{"rendered":"https:\/\/www.europesays.com\/fi\/129858\/"},"modified":"2025-12-31T12:28:07","modified_gmt":"2025-12-31T12:28:07","slug":"venaja-julkaisi-videon-lennokista-jolla-ukrainan-vaitetaan-iskeneen-putinin-huvilalle-uutissuomalainen","status":"publish","type":"post","link":"https:\/\/www.europesays.com\/fi\/129858\/","title":{"rendered":"Ven\u00e4j\u00e4 julkaisi videon lennokista, jolla Ukrainan v\u00e4itet\u00e4\u00e4n iskeneen Putinin huvilalle | Uutissuomalainen"},"content":{"rendered":"<p>Ven\u00e4j\u00e4n puolustusministeri\u00f6 on julkaissut videon lennokista, jolla iskettiin v\u00e4itetysti Ven\u00e4j\u00e4n presidentin Vladimir Putinin huvilalle. Ukraina on kutsunut Ven\u00e4j\u00e4n v\u00e4itett\u00e4 iskusta valheeksi.<\/p>\n<p>Y\u00f6ll\u00e4 kuvatulla videolla n\u00e4kyy alasammuttu lennokki lumen peitt\u00e4m\u00e4ll\u00e4 mets\u00e4isell\u00e4 alueella. Ven\u00e4j\u00e4n mukaan isku tehtiin sunnuntain ja maanantain v\u00e4lisen\u00e4 y\u00f6n\u00e4. Lis\u00e4ksi Ven\u00e4j\u00e4n puolustusministeri\u00f6 julkaisi videon, jossa esiintyy iskua v\u00e4itetysti todistanut paikallinen.<\/p>\n<p>Putinin huvila sijaitsee Valdain kaupungin l\u00e4hist\u00f6ll\u00e4 Valdaij\u00e4rven rannalla. Ven\u00e4j\u00e4 ei ole kertonut, miss\u00e4 Putin oli v\u00e4itetyn hy\u00f6kk\u00e4yksen aikaan.<\/p>\n<p>Riippumattoman Mozhem Objasnit -uutissivuston haastattelemien Valdain kaupungin asukkaiden mukaan he eiv\u00e4t olleet kuulleet maanantain vastaisena y\u00f6n\u00e4 lennokeiden \u00e4\u00e4ni\u00e4 tai saaneet k\u00e4nnyk\u00f6ihins\u00e4 ilmaiskuvaarasta varoittavia tekstiviestej\u00e4.<\/p>\n<p>\u2013\u2009Sin\u00e4 y\u00f6n\u00e4 ei kuulunut melua tai r\u00e4j\u00e4hdyksi\u00e4, ei yht\u00e4\u00e4n mit\u00e4\u00e4n. Jos jotain olisi tapahtunut, koko kaupunki puhuisi siit\u00e4, er\u00e4s asukas kertoi uutissivustolle, jonka tekemist\u00e4 haastatteluista <a href=\"https:\/\/www.themoscowtimes.com\/2025\/12\/30\/valdai-residents-report-no-signs-of-claimed-ukrainian-drone-attack-on-putin-residence-a91581\" rel=\"nofollow noopener\" target=\"_blank\">Moscow Times<\/a> raportoi aiemmin.<\/p>\n<p>\t\t\t\t&#8221;Ven\u00e4j\u00e4 yritt\u00e4\u00e4 hankaloittaa rauhanneuvotteluita&#8221;<\/p>\n<p>Ven\u00e4j\u00e4 kertoo aikovansa koventaa iskun vuoksi linjaansa Ukrainaa kohtaan rauhanneuvotteluissa. Ven\u00e4j\u00e4n mukaan isku oli henkil\u00f6kohtainen hy\u00f6kk\u00e4ys Putinia vastaan.<\/p>\n<p>EU:n ulkoasioiden ja turvallisuuspolitiikan korkea edustaja Kaja Kallas sanoi keskiviikkona viestipalvelu <a href=\"https:\/\/x.com\/kajakallas\/status\/2006307430548774946\" rel=\"nofollow\">X:ss\u00e4<\/a>, ett\u00e4 Ven\u00e4j\u00e4n tarkoituksena on rauhanneuvotteluiden hankaloittaminen.<\/p>\n<p>\u2013\u2009Kenenk\u00e4\u00e4n ei pid\u00e4 hyv\u00e4ksy\u00e4 per\u00e4tt\u00f6mi\u00e4 v\u00e4itteit\u00e4 hy\u00f6kk\u00e4\u00e4j\u00e4lt\u00e4, joka on iskenyt mielivaltaisesti Ukrainan infrastruktuuria ja siviileit\u00e4 vastaan sodan alusta asti, Kallas kirjoittaa.<\/p>\n","protected":false},"excerpt":{"rendered":"Ven\u00e4j\u00e4n puolustusministeri\u00f6 on julkaissut videon lennokista, jolla iskettiin v\u00e4itetysti Ven\u00e4j\u00e4n presidentin Vladimir Putinin huvilalle. Ukraina on kutsunut Ven\u00e4j\u00e4n&hellip;\n","protected":false},"author":2,"featured_media":129859,"comment_status":"","ping_status":"","sticky":false,"template":"","format":"standard","meta":{"footnotes":""},"categories":[14],"tags":[22,23,1617,26,27,33,31,30,17,24,25,28,29,2325,15,18,21,142,637,32,19,20,21377,56,16,2591,2257,59,60,61],"class_list":{"0":"post-129858","1":"post","2":"type-post","3":"status-publish","4":"format-standard","5":"has-post-thumbnail","7":"category-ulkomaat","8":"tag-breaking-news","9":"tag-breakingnews","10":"tag-euroopan-unioni","11":"tag-featured-news","12":"tag-featurednews","13":"tag-fi","14":"tag-finland","15":"tag-finnish","16":"tag-headlines","17":"tag-latest-news","18":"tag-latestnews","19":"tag-main-news","20":"tag-mainnews","21":"tag-moskova-venaja","22":"tag-news","23":"tag-otsikot","24":"tag-paauutiset","25":"tag-poliitikot","26":"tag-politiikka","27":"tag-suomi","28":"tag-top-stories","29":"tag-topstories","30":"tag-ukrainan-kriisi","31":"tag-ulkomaat","32":"tag-uutiset","33":"tag-venajan-hyokkays-ukrainaan","34":"tag-vladimir-putin","35":"tag-world","36":"tag-world-news","37":"tag-worldnews"},"share_on_mastodon":{"url":"https:\/\/pubeurope.com\/@fi\/115814183944857621","error":""},"_links":{"self":[{"href":"https:\/\/www.europesays.com\/fi\/wp-json\/wp\/v2\/posts\/129858","targetHints":{"allow":["GET"]}}],"collection":[{"href":"https:\/\/www.europesays.com\/fi\/wp-json\/wp\/v2\/posts"}],"about":[{"href":"https:\/\/www.europesays.com\/fi\/wp-json\/wp\/v2\/types\/post"}],"author":[{"embeddable":true,"href":"https:\/\/www.europesays.com\/fi\/wp-json\/wp\/v2\/users\/2"}],"replies":[{"embeddable":true,"href":"https:\/\/www.europesays.com\/fi\/wp-json\/wp\/v2\/comments?post=129858"}],"version-history":[{"count":0,"href":"https:\/\/www.europesays.com\/fi\/wp-json\/wp\/v2\/posts\/129858\/revisions"}],"wp:featuredmedia":[{"embeddable":true,"href":"https:\/\/www.europesays.com\/fi\/wp-json\/wp\/v2\/media\/129859"}],"wp:attachment":[{"href":"https:\/\/www.europesays.com\/fi\/wp-json\/wp\/v2\/media?parent=129858"}],"wp:term":[{"taxonomy":"category","embeddable":true,"href":"https:\/\/www.europesays.com\/fi\/wp-json\/wp\/v2\/categories?post=129858"},{"taxonomy":"post_tag","embeddable":true,"href":"https:\/\/www.europesays.com\/fi\/wp-json\/wp\/v2\/tags?post=129858"}],"curies":[{"name":"wp","href":"https:\/\/api.w.org\/{rel}","templated":true}]}}