{"id":129860,"date":"2025-12-31T12:29:07","date_gmt":"2025-12-31T12:29:07","guid":{"rendered":"https:\/\/www.europesays.com\/fi\/129860\/"},"modified":"2025-12-31T12:29:07","modified_gmt":"2025-12-31T12:29:07","slug":"suomenlahdella-kaapelirikko-asiassa-epaillaan-alusta-jonka-ankkuriketju-oli-meressa-paikalliset","status":"publish","type":"post","link":"https:\/\/www.europesays.com\/fi\/129860\/","title":{"rendered":"Suomenlahdella kaapelirikko \u2013 asiassa ep\u00e4ill\u00e4\u00e4n alusta, jonka ankkuriketju oli meress\u00e4 | Paikalliset"},"content":{"rendered":"<p>Elisa havaitsi aikaisin keskiviikkoaamuna 31.12. omistamassaan tietoliikennekaapelissa vian Helsingin ja Tallinnan v\u00e4lill\u00e4.<\/p>\n<p>Elisa ilmoitti asiasta Rajavartiolaitoksen johtokeskukseen. Rajavartiolaitoksen johdolla aloitettiin v\u00e4litt\u00f6m\u00e4sti selvitt\u00e4\u00e4 vedenalaisen kriittisen infrastruktuurin vaurioitumista.<\/p>\n<p>Poliisi selvitt\u00e4\u00e4 tapahtunutta yhteisty\u00f6ss\u00e4 useiden eri kotimaisten ja ulkomaisten viranomaisten kanssa ja asiasta tiedotetaan lis\u00e4\u00e4 heti, kun se on mahdollista.<\/p>\n<p><strong class=\"diks-storyline__impact\">Rajavartiolaitos<\/strong> on paikantanut aluksen, jonka ep\u00e4ill\u00e4\u00e4n toiminnallaan aiheuttaneen kaapelin vaurioitumisen. Elisan ilmoittama kaapelin vaurioitumispaikka sijaitsee Viron talousvy\u00f6hykkeell\u00e4.<\/p>\n<p>\u2013\u2009Ep\u00e4ilty alus tavattiin Rajavartiolaitoksen vartiolaiva Turvan ja helikopterin toimesta Suomen talousvy\u00f6hykkeell\u00e4. Aluksen ankkuriketjun havaittiin olevan meress\u00e4. Rajavartiolaitos pyysi alusta pys\u00e4htym\u00e4\u00e4n sek\u00e4 nostamaan ankkuriketjun yl\u00f6s ja siirtym\u00e4\u00e4n turvalliselle ankkuripaikalle Suomen aluevesille, poliisin tiedotteessa kerrotaan.<\/p>\n<p><strong class=\"diks-storyline__impact\">Suomen viranomaiset<\/strong> ovat ottaneet aluksen haltuun yhteisoperaationa. Tapauksen johtovastuu on siirtynyt Suomenlahden merivartiostolta Helsingin poliisilaitokselle.<\/p>\n<p>Poliisi on ollut yhteydess\u00e4 valtakunnansyytt\u00e4j\u00e4ntoimistoon ja valtakunnansyytt\u00e4j\u00e4 on antanut asiaa koskevan syytem\u00e4\u00e4r\u00e4yksen.<\/p>\n<p>Poliisi tutkii tapahtumia t\u00e4ss\u00e4 vaiheessa rikosnimikkeill\u00e4 ep\u00e4ilty t\u00f6rke\u00e4 vahingonteko, ep\u00e4ilty t\u00f6rke\u00e4n vahingonteon yritys ja ep\u00e4ilty t\u00f6rke\u00e4 tietoliikenteen h\u00e4irint\u00e4.<\/p>\n<p>Asian selvitt\u00e4miseksi tehd\u00e4\u00e4n tiivist\u00e4 kansainv\u00e4list\u00e4 yhteisty\u00f6t\u00e4 ja tiedonvaihtoa erityisesti Viron viranomaisten kanssa.<\/p>\n<p>Operaatiossa on mukana poliisin ja Rajavartiolaitoksen lis\u00e4ksi Puolustusvoimat, Tulli, Traficom, Turvallisuus- ja kemikaalivirasto Tukes ja Finngrid.<\/p>\n","protected":false},"excerpt":{"rendered":"Elisa havaitsi aikaisin keskiviikkoaamuna 31.12. omistamassaan tietoliikennekaapelissa vian Helsingin ja Tallinnan v\u00e4lill\u00e4. Elisa ilmoitti asiasta Rajavartiolaitoksen johtokeskukseen. Rajavartiolaitoksen&hellip;\n","protected":false},"author":2,"featured_media":129861,"comment_status":"","ping_status":"","sticky":false,"template":"","format":"standard","meta":{"footnotes":""},"categories":[12],"tags":[22,23,26,27,33,31,30,17,4576,104,3880,24,25,121,28,29,15,18,21,32,3129,19,20,16,2568,4029],"class_list":{"0":"post-129860","1":"post","2":"type-post","3":"status-publish","4":"format-standard","5":"has-post-thumbnail","7":"category-suomi","8":"tag-breaking-news","9":"tag-breakingnews","10":"tag-featured-news","11":"tag-featurednews","12":"tag-fi","13":"tag-finland","14":"tag-finnish","15":"tag-headlines","16":"tag-helsingin-poliisilaitos","17":"tag-helsinki","18":"tag-julkinen-infrastruktuuri","19":"tag-latest-news","20":"tag-latestnews","21":"tag-liikenne-ja-kuljetus","22":"tag-main-news","23":"tag-mainnews","24":"tag-news","25":"tag-otsikot","26":"tag-paauutiset","27":"tag-suomi","28":"tag-tallinna","29":"tag-top-stories","30":"tag-topstories","31":"tag-uutiset","32":"tag-vesiliikenne","33":"tag-viro"},"share_on_mastodon":{"url":"https:\/\/pubeurope.com\/@fi\/115814187901107461","error":""},"_links":{"self":[{"href":"https:\/\/www.europesays.com\/fi\/wp-json\/wp\/v2\/posts\/129860","targetHints":{"allow":["GET"]}}],"collection":[{"href":"https:\/\/www.europesays.com\/fi\/wp-json\/wp\/v2\/posts"}],"about":[{"href":"https:\/\/www.europesays.com\/fi\/wp-json\/wp\/v2\/types\/post"}],"author":[{"embeddable":true,"href":"https:\/\/www.europesays.com\/fi\/wp-json\/wp\/v2\/users\/2"}],"replies":[{"embeddable":true,"href":"https:\/\/www.europesays.com\/fi\/wp-json\/wp\/v2\/comments?post=129860"}],"version-history":[{"count":0,"href":"https:\/\/www.europesays.com\/fi\/wp-json\/wp\/v2\/posts\/129860\/revisions"}],"wp:featuredmedia":[{"embeddable":true,"href":"https:\/\/www.europesays.com\/fi\/wp-json\/wp\/v2\/media\/129861"}],"wp:attachment":[{"href":"https:\/\/www.europesays.com\/fi\/wp-json\/wp\/v2\/media?parent=129860"}],"wp:term":[{"taxonomy":"category","embeddable":true,"href":"https:\/\/www.europesays.com\/fi\/wp-json\/wp\/v2\/categories?post=129860"},{"taxonomy":"post_tag","embeddable":true,"href":"https:\/\/www.europesays.com\/fi\/wp-json\/wp\/v2\/tags?post=129860"}],"curies":[{"name":"wp","href":"https:\/\/api.w.org\/{rel}","templated":true}]}}