{"id":129862,"date":"2025-12-31T12:30:08","date_gmt":"2025-12-31T12:30:08","guid":{"rendered":"https:\/\/www.europesays.com\/fi\/129862\/"},"modified":"2025-12-31T12:30:08","modified_gmt":"2025-12-31T12:30:08","slug":"elisan-merikaapelissa-hairio-suomenlahdella","status":"publish","type":"post","link":"https:\/\/www.europesays.com\/fi\/129862\/","title":{"rendered":"Elisan merikaapelissa h\u00e4iri\u00f6 Suomenlahdella"},"content":{"rendered":"<p>H\u00e4iri\u00f6 havaittiin keskiviikkona.<\/p>\n<p><img decoding=\"async\" class=\"image image-show image-preview\" src=\"https:\/\/www.europesays.com\/fi\/wp-content\/uploads\/2025\/12\/976037f98229874c58fc6fcfd8e791cd32720ce1046c2af455ea47bc3d077287.jpg\" alt=\"\"\/><img decoding=\"async\" class=\"image image-show\" src=\"https:\/\/www.europesays.com\/fi\/wp-content\/uploads\/2025\/12\/1767184208_937_976037f98229874c58fc6fcfd8e791cd32720ce1046c2af455ea47bc3d077287.jpg\" alt=\"\"\/><\/p>\n<p>Elisan mukaan tilanteella ei ole vaikutusta sen palveluihin. Kuvituskuva. Outi J\u00e4rvinen<\/p>\n<p class=\"paragraph\">Elisa tiedottaa, ett\u00e4 sen merikaapeliyhteydess\u00e4 Suomen ja Viron v\u00e4lill\u00e4 on havaittu h\u00e4iri\u00f6. H\u00e4iri\u00f6 havaittiin keskiviikkona.<\/p>\n<p class=\"paragraph\">H\u00e4iri\u00f6ll\u00e4 ei ole vaikutusta Elisan palveluihin Suomessa tai Virossa. Elisan mukaan h\u00e4iri\u00f6t on est\u00e4nyt verkon varmentava rakenne.<\/p>\n<p class=\"paragraph\">Sen sijaan h\u00e4iri\u00f6st\u00e4 on voinut aiheutua vaikutuksia suoria siirtoyhteyksi\u00e4 merikaapelista hankkineille asiakkaille.<\/p>\n<p class=\"paragraph\">Elisan mukaan viankorjauksen valmistelut ovat t\u00e4ll\u00e4 hetkell\u00e4 k\u00e4ynniss\u00e4. Korjauksen kestosta ei ole tietoa.<\/p>\n<p class=\"paragraph\">Kaapelih\u00e4iri\u00f6t It\u00e4merell\u00e4 ovat aiheuttaneet paljon huomiota viime vuosina. Muun muassa l\u00e4hes tasan vuosi sitten Suomen ja Viron v\u00e4linen s\u00e4hk\u00f6kaapeli Estlink 2 vaurioitui joulup\u00e4iv\u00e4n\u00e4. Vaurioiden aiheuttajaksi on ep\u00e4ilty Eagle S -\u00f6ljytankkeria.<\/p>\n","protected":false},"excerpt":{"rendered":"H\u00e4iri\u00f6 havaittiin keskiviikkona. Elisan mukaan tilanteella ei ole vaikutusta sen palveluihin. Kuvituskuva. Outi J\u00e4rvinen Elisa tiedottaa, ett\u00e4 sen&hellip;\n","protected":false},"author":2,"featured_media":129863,"comment_status":"","ping_status":"","sticky":false,"template":"","format":"standard","meta":{"footnotes":""},"categories":[5],"tags":[35,22,23,26,27,33,31,30,17,24,25,28,29,633,15,18,21,632,32,487,538,149,19,20,16],"class_list":{"0":"post-129862","1":"post","2":"type-post","3":"status-publish","4":"format-standard","5":"has-post-thumbnail","7":"category-otsikot","8":"tag-24h","9":"tag-breaking-news","10":"tag-breakingnews","11":"tag-featured-news","12":"tag-featurednews","13":"tag-fi","14":"tag-finland","15":"tag-finnish","16":"tag-headlines","17":"tag-latest-news","18":"tag-latestnews","19":"tag-main-news","20":"tag-mainnews","21":"tag-mobiiliteknologia","22":"tag-news","23":"tag-otsikot","24":"tag-paauutiset","25":"tag-puhelin","26":"tag-suomi","27":"tag-teknologia-yleista","28":"tag-tiede-ja-tekniikka","29":"tag-tietojenkasittely-ja-informaatioteknologia","30":"tag-top-stories","31":"tag-topstories","32":"tag-uutiset"},"share_on_mastodon":{"url":"https:\/\/pubeurope.com\/@fi\/115814191784704523","error":""},"_links":{"self":[{"href":"https:\/\/www.europesays.com\/fi\/wp-json\/wp\/v2\/posts\/129862","targetHints":{"allow":["GET"]}}],"collection":[{"href":"https:\/\/www.europesays.com\/fi\/wp-json\/wp\/v2\/posts"}],"about":[{"href":"https:\/\/www.europesays.com\/fi\/wp-json\/wp\/v2\/types\/post"}],"author":[{"embeddable":true,"href":"https:\/\/www.europesays.com\/fi\/wp-json\/wp\/v2\/users\/2"}],"replies":[{"embeddable":true,"href":"https:\/\/www.europesays.com\/fi\/wp-json\/wp\/v2\/comments?post=129862"}],"version-history":[{"count":0,"href":"https:\/\/www.europesays.com\/fi\/wp-json\/wp\/v2\/posts\/129862\/revisions"}],"wp:featuredmedia":[{"embeddable":true,"href":"https:\/\/www.europesays.com\/fi\/wp-json\/wp\/v2\/media\/129863"}],"wp:attachment":[{"href":"https:\/\/www.europesays.com\/fi\/wp-json\/wp\/v2\/media?parent=129862"}],"wp:term":[{"taxonomy":"category","embeddable":true,"href":"https:\/\/www.europesays.com\/fi\/wp-json\/wp\/v2\/categories?post=129862"},{"taxonomy":"post_tag","embeddable":true,"href":"https:\/\/www.europesays.com\/fi\/wp-json\/wp\/v2\/tags?post=129862"}],"curies":[{"name":"wp","href":"https:\/\/api.w.org\/{rel}","templated":true}]}}