{"id":129866,"date":"2025-12-31T12:45:08","date_gmt":"2025-12-31T12:45:08","guid":{"rendered":"https:\/\/www.europesays.com\/fi\/129866\/"},"modified":"2025-12-31T12:45:08","modified_gmt":"2025-12-31T12:45:08","slug":"trump-piikittelee-kennedyn-sukua","status":"publish","type":"post","link":"https:\/\/www.europesays.com\/fi\/129866\/","title":{"rendered":"Trump piikittelee Kennedyn sukua"},"content":{"rendered":"<p>Taidekeskuksen nimikiista on j\u00e4lleen tapetilla.<\/p>\n<p><img decoding=\"async\" class=\"image image-show image-preview\" src=\"https:\/\/www.europesays.com\/fi\/wp-content\/uploads\/2025\/12\/34a70fb964346a7be5a863ba3916183d78229e3021167e36e3aff72964092cfc.jpg\" alt=\"\"\/><img decoding=\"async\" class=\"image image-show\" src=\"https:\/\/www.europesays.com\/fi\/wp-content\/uploads\/2025\/12\/1767185108_566_34a70fb964346a7be5a863ba3916183d78229e3021167e36e3aff72964092cfc.jpg\" alt=\"\"\/><\/p>\n<p>Donald Trump p\u00e4\u00e4tti vaihtaa kuuluisan taidekeskuksen nimen. Asiasta ei selvitty ilman kohua. AOP<\/p>\n<p class=\"paragraph\">Yhdysvaltain presidentti <a href=\"https:\/\/www.iltalehti.fi\/henkilot\/Donald Trump\" class=\"article-link-person-page\" rel=\"nofollow noopener\" target=\"_blank\">Donald Trump<\/a> on ottanut Kennedyn suvun hampaisiinsa. Trump julkaisi tiistaina Truth Social -alustalla kuvia kannattajiensa viesteist\u00e4, joissa he pilkkaavat tunnettua sukua.<\/p>\n<p class=\"paragraph\">Taustalla on <a href=\"https:\/\/www.iltalehti.fi\/ulkomaat\/94faab98-d369-4645-b839-36846f71fe8a\" rel=\"nofollow noopener\" target=\"_blank\">kiista<\/a> taidekeskus Kennedy Centerin nimest\u00e4. Aiemmin virallisesti John F. Kennedy Memorial Center for the Performing Arts -nimell\u00e4 tunnettu rakennus on nyky\u00e4\u00e4n The Donald J. Trump and John F. Kennedy Memorial Center for the Performing Arts.<\/p>\n<p class=\"paragraph\">Presidentin kannattajat ovat ylist\u00e4neet p\u00e4\u00e4t\u00f6st\u00e4 sosiaalisessa mediassa.<\/p>\n<p class=\"paragraph\">\u2013 Kennedyn perhe on pitk\u00e4\u00e4n laiminly\u00f6nyt Kennedy Centeri\u00e4. He eiv\u00e4t ker\u00e4\u00e4 rahaa siihen. He eiv\u00e4t koskaan ilmesty paikalle. Ja ainoa Kennedy, joka on ollut siell\u00e4 \u00e4skett\u00e4in, on Trumpin hallituksen j\u00e4sen, er\u00e4s kannattajista kirjoittaa.<\/p>\n<p class=\"paragraph\"><a href=\"https:\/\/www.usmagazine.com\/celebrity-news\/news\/donald-trump-shares-mocks-kennedys-after-tatiana-schlossberg-death\/\" target=\"_blank\" rel=\"noopener nofollow\">Kennedyn suku<\/a> ei ole suhtautunut nimen muuttamiseen suopeasti.<\/p>\n<p class=\"paragraph\">Monet artistit ovat peruneet esiintymisi\u00e4\u00e4n taidekeskuksessa. <a href=\"https:\/\/deadline.com\/2025\/12\/kennedy-center-trump-artist-cancellations-1236658636\/\" target=\"_blank\" rel=\"noopener nofollow\">Deadline<\/a> kertoo, ett\u00e4 joukossa on muun muassa jazzyhtye The Cookers, jonka piti esiinty\u00e4 uudenvuodenaattona.<\/p>\n<p class=\"paragraph\">Yhtyeen tiedotteessa syyksi perumiselle ei mainittu suoraan nimikiistaa.<\/p>\n<p class=\"paragraph\">\u2013 Jazz syntyi kamppailusta ja v\u00e4sym\u00e4tt\u00f6m\u00e4st\u00e4 vapauden vaatimuksesta: ajatuksen, ilmaisun ja koko ihmisen \u00e4\u00e4nen vapaudesta. Jotkut meist\u00e4 ovat tehneet t\u00e4t\u00e4 musiikkia monien vuosikymmenten ajan, ja tuo historia muokkaa meit\u00e4 yh\u00e4. Emme k\u00e4\u00e4nny pois yleis\u00f6st\u00e4mme, ja haluamme varmistaa, ett\u00e4 kun palaamme esiintymislavalle, tila pystyy juhlistamaan musiikin ja kaikkien sen osallisten t\u00e4ytt\u00e4 l\u00e4sn\u00e4oloa.<\/p>\n<p class=\"paragraph\">Ajoitus Trumpin somejulkaisulle on her\u00e4tt\u00e4nyt huomiota. Tiistaina ilmoitettiin, ett\u00e4 Kennedyn sukuun kuulunut <strong>Tatiana Schlossberg<\/strong> menehtyi 35-vuotiaana. <a href=\"https:\/\/www.iltalehti.fi\/henkilot\/John F. Kennedy\" class=\"article-link-person-page\" rel=\"nofollow noopener\" target=\"_blank\">John F. Kennedyn<\/a> lapsenlapsena tunnettu Schlossberg sairasti parantumatonta sy\u00f6p\u00e4\u00e4.<\/p>\n<p class=\"paragraph\">\u2013 Kaunis Tatianamme menehtyi t\u00e4n\u00e4 aamuna. H\u00e4n pysyy ikuisesti syd\u00e4miss\u00e4mme, John F. Kennedy Library Foundation kertoi Instagram-tilill\u00e4\u00e4n.<\/p>\n","protected":false},"excerpt":{"rendered":"Taidekeskuksen nimikiista on j\u00e4lleen tapetilla. Donald Trump p\u00e4\u00e4tti vaihtaa kuuluisan taidekeskuksen nimen. Asiasta ei selvitty ilman kohua. AOP&hellip;\n","protected":false},"author":2,"featured_media":129867,"comment_status":"","ping_status":"","sticky":false,"template":"","format":"standard","meta":{"footnotes":""},"categories":[133],"tags":[35,137,33,31,30,142,637,144,32,206,156,638,109,143],"class_list":{"0":"post-129866","1":"post","2":"type-post","3":"status-publish","4":"format-standard","5":"has-post-thumbnail","7":"category-televisiot","8":"tag-24h","9":"tag-entertainment","10":"tag-fi","11":"tag-finland","12":"tag-finnish","13":"tag-poliitikot","14":"tag-politiikka","15":"tag-presidentti","16":"tag-suomi","17":"tag-televisiot","18":"tag-tv","19":"tag-valtiovalta","20":"tag-viihde","21":"tag-yhdysvaltain-politiikka"},"share_on_mastodon":{"url":"https:\/\/pubeurope.com\/@fi\/115814250875819577","error":""},"_links":{"self":[{"href":"https:\/\/www.europesays.com\/fi\/wp-json\/wp\/v2\/posts\/129866","targetHints":{"allow":["GET"]}}],"collection":[{"href":"https:\/\/www.europesays.com\/fi\/wp-json\/wp\/v2\/posts"}],"about":[{"href":"https:\/\/www.europesays.com\/fi\/wp-json\/wp\/v2\/types\/post"}],"author":[{"embeddable":true,"href":"https:\/\/www.europesays.com\/fi\/wp-json\/wp\/v2\/users\/2"}],"replies":[{"embeddable":true,"href":"https:\/\/www.europesays.com\/fi\/wp-json\/wp\/v2\/comments?post=129866"}],"version-history":[{"count":0,"href":"https:\/\/www.europesays.com\/fi\/wp-json\/wp\/v2\/posts\/129866\/revisions"}],"wp:featuredmedia":[{"embeddable":true,"href":"https:\/\/www.europesays.com\/fi\/wp-json\/wp\/v2\/media\/129867"}],"wp:attachment":[{"href":"https:\/\/www.europesays.com\/fi\/wp-json\/wp\/v2\/media?parent=129866"}],"wp:term":[{"taxonomy":"category","embeddable":true,"href":"https:\/\/www.europesays.com\/fi\/wp-json\/wp\/v2\/categories?post=129866"},{"taxonomy":"post_tag","embeddable":true,"href":"https:\/\/www.europesays.com\/fi\/wp-json\/wp\/v2\/tags?post=129866"}],"curies":[{"name":"wp","href":"https:\/\/api.w.org\/{rel}","templated":true}]}}