{"id":129872,"date":"2025-12-31T12:50:06","date_gmt":"2025-12-31T12:50:06","guid":{"rendered":"https:\/\/www.europesays.com\/fi\/129872\/"},"modified":"2025-12-31T12:50:06","modified_gmt":"2025-12-31T12:50:06","slug":"2025-in-memoriam-muistelkaamme-keskuudestamme-poistuneita-alan-tekijoita-ja-vaikuttajia-soundi-fi","status":"publish","type":"post","link":"https:\/\/www.europesays.com\/fi\/129872\/","title":{"rendered":"2025 In Memoriam \u2013 Muistelkaamme keskuudestamme poistuneita alan tekij\u00f6it\u00e4 ja vaikuttajia &#8211; Soundi.fi"},"content":{"rendered":"<ol>\n<li><a href=\"https:\/\/news.google.com\/rss\/articles\/CBMiugFBVV95cUxQYjdpdTM5S0xXODVxdk1WSnFzdTlrRDBKdVZ5OXk0dGRIY2RsSUpaS0VTaDdDVEIzLThFN3ZoWlV5QmRyV3dqVC1GeDhfNm9heDlUODh1dHFCdXNjWjZZa2VsYlhUcGxfYnlEWG9QTFprbnZMQ3BSa3B1MlNvdmlpMTN2RHp1QmFrR094NjF1bHdwaUE0eHJycDU2ci1LOWhOalRHNEVscHVwRUVkdTdNaFpRbVkwenpoaFE?oc=5\" target=\"_blank\" rel=\"nofollow noopener\">2025 In Memoriam \u2013 Muistelkaamme keskuudestamme poistuneita alan tekij\u00f6it\u00e4 ja vaikuttajia<\/a>&nbsp;&nbsp;Soundi.fi<\/li>\n<li><a href=\"https:\/\/news.google.com\/rss\/articles\/CBMiW0FVX3lxTE8zalNIQVVYclpaWEl5b3dpME9wMC1xQk9GekQxc2pTeE85RGJVWFo0M0VzNlNIRE85RnNiYmtaQW1nZjdOMkF3SHZMOEEtNElBVVFvMlBqbmZzc3M?oc=5\" target=\"_blank\" rel=\"nofollow noopener\">36-vuotiaan t\u00e4hden \u00e4killinen kuolema j\u00e4rkytti syv\u00e4sti \u2013 n\u00e4m\u00e4 tunnetut suomalaiset kuolivat t\u00e4n\u00e4 vuonna<\/a>&nbsp;&nbsp;Ilta-Sanomat<\/li>\n<li><a href=\"https:\/\/news.google.com\/rss\/articles\/CBMiigFBVV95cUxPNjY0Z1RRV3Z4M3IzU3dYaTYwZ0IwcmVMQ1ZOOWtBY001bHVIVDY1elIxX2hxT2xscDFQdVE1RVBlT1pSSEg3ZURyeUlENXhISDRYa2ZqcXdIV2wxS25KYU56RXUxNS02T3RjXzMwLWxkSmdFY0VvSndSZnd3THJ2eUFCOEhCQXZKWVE?oc=5\" target=\"_blank\" rel=\"nofollow noopener\">Heid\u00e4t kaikki me menetimme vuonna 2025<\/a>&nbsp;&nbsp;mtvuutiset.fi<\/li>\n<li><a href=\"https:\/\/news.google.com\/rss\/articles\/CBMiX0FVX3lxTE5NNllMUFRoaTEzVHZ3cHktelhSSUtVek0xZGhQSF94UW5PWU8tQUFNaGk1Z0Y2QjhaSTFza1FVenZ5RWc5OU93VXBJWmFyUmxkWlJNUlhMWjlsVTdCZEhV?oc=5\" target=\"_blank\" rel=\"nofollow noopener\">Kuolleet | N\u00e4m\u00e4 tunnetut taiteilijat kuolivat vuonna 2025<\/a>&nbsp;&nbsp;HS.fi<\/li>\n<li><a href=\"https:\/\/news.google.com\/rss\/articles\/CBMiwgFBVV95cUxQQ3QtZ0lGQVA2T1kzUXU0bnFSVHctaVhzdkpVLUIyNmJCSmFSdEVsWVJNczlGLWRGZWdEeUF4ak1BLTAwNkRGMnNpTlpUT2VhQnk4M1NBeTZIWVpVaTNjRTlhcVQ0Q1BFTEN2X2FpelNiRkZBOWgyNlU5S18tTUstNGplNW9DX2NFR09QQXp3M1ZhdVpqVHVSc0ZLblc0Zmc5T2xXYlNvS1BraG5ETEJrZDJlaGIzZnFMVURlYzdvaXNXdw?oc=5\" target=\"_blank\" rel=\"nofollow noopener\">Heid\u00e4t menetimme vuonna 2025: Tapani Kansa, Marko L\u00e4ms\u00e4, Chrisse Johansson, Ky\u00f6sti Roth, Pate Mustaj\u00e4rvi\u2026<\/a>&nbsp;&nbsp;Tanssiin.fi<\/li>\n<\/ol>\n","protected":false},"excerpt":{"rendered":"2025 In Memoriam \u2013 Muistelkaamme keskuudestamme poistuneita alan tekij\u00f6it\u00e4 ja vaikuttajia&nbsp;&nbsp;Soundi.fi 36-vuotiaan t\u00e4hden \u00e4killinen kuolema j\u00e4rkytti syv\u00e4sti \u2013&hellip;\n","protected":false},"author":2,"featured_media":129873,"comment_status":"","ping_status":"","sticky":false,"template":"","format":"standard","meta":{"footnotes":""},"categories":[130],"tags":[137,33,31,30,2039,32,109],"class_list":{"0":"post-129872","1":"post","2":"type-post","3":"status-publish","4":"format-standard","5":"has-post-thumbnail","7":"category-viihde","8":"tag-entertainment","9":"tag-fi","10":"tag-finland","11":"tag-finnish","12":"tag-rip","13":"tag-suomi","14":"tag-viihde"},"share_on_mastodon":{"url":"https:\/\/pubeurope.com\/@fi\/115814270426720658","error":""},"_links":{"self":[{"href":"https:\/\/www.europesays.com\/fi\/wp-json\/wp\/v2\/posts\/129872","targetHints":{"allow":["GET"]}}],"collection":[{"href":"https:\/\/www.europesays.com\/fi\/wp-json\/wp\/v2\/posts"}],"about":[{"href":"https:\/\/www.europesays.com\/fi\/wp-json\/wp\/v2\/types\/post"}],"author":[{"embeddable":true,"href":"https:\/\/www.europesays.com\/fi\/wp-json\/wp\/v2\/users\/2"}],"replies":[{"embeddable":true,"href":"https:\/\/www.europesays.com\/fi\/wp-json\/wp\/v2\/comments?post=129872"}],"version-history":[{"count":0,"href":"https:\/\/www.europesays.com\/fi\/wp-json\/wp\/v2\/posts\/129872\/revisions"}],"wp:featuredmedia":[{"embeddable":true,"href":"https:\/\/www.europesays.com\/fi\/wp-json\/wp\/v2\/media\/129873"}],"wp:attachment":[{"href":"https:\/\/www.europesays.com\/fi\/wp-json\/wp\/v2\/media?parent=129872"}],"wp:term":[{"taxonomy":"category","embeddable":true,"href":"https:\/\/www.europesays.com\/fi\/wp-json\/wp\/v2\/categories?post=129872"},{"taxonomy":"post_tag","embeddable":true,"href":"https:\/\/www.europesays.com\/fi\/wp-json\/wp\/v2\/tags?post=129872"}],"curies":[{"name":"wp","href":"https:\/\/api.w.org\/{rel}","templated":true}]}}