{"id":129876,"date":"2025-12-31T12:54:08","date_gmt":"2025-12-31T12:54:08","guid":{"rendered":"https:\/\/www.europesays.com\/fi\/129876\/"},"modified":"2025-12-31T12:54:08","modified_gmt":"2025-12-31T12:54:08","slug":"toimeentulolaki-muuttuu-jatkossa-vuokran-osuus-tuesta-voidaan-maksaa-suoraan-vuokranantajalle-uutisia-lyhyesti","status":"publish","type":"post","link":"https:\/\/www.europesays.com\/fi\/129876\/","title":{"rendered":"Toimeentulolaki muuttuu: jatkossa vuokran osuus tuesta voidaan maksaa suoraan vuokranantajalle | Uutisia lyhyesti"},"content":{"rendered":"<p class=\"aw-1gybjub aw-1p7kakr kEtdKx cEmitX yle__article__paragraph\">Vuoden vaihteesta astuu voimaan toimeentulotukilain muutos, joka vaikuttaa toimeentulotuen vuokraan tarkoitetun osan maksamiseen.<\/p>\n<p class=\"aw-1gybjub aw-1p7kakr kEtdKx cEmitX yle__article__paragraph\">Helmikuusta alkaen Kela maksaa toimeentulotuen vuokran osuuden suoraan vuokranantajalle, jos asiakkaalle on my\u00f6nnetty Kelasta vuokravakuus nykyiseen asuntoon osana toimeentulotukea.<\/p>\n<p class=\"aw-1gybjub aw-1p7kakr kEtdKx cEmitX yle__article__paragraph\">Muutos koskee my\u00f6s aiemmin my\u00f6nnettyj\u00e4 vuokravakuuksia ja sen tavoitteena on ehk\u00e4ist\u00e4 vuokravelkoja ja asunnottomuutta.<\/p>\n<p class=\"aw-1gybjub aw-1p7kakr kEtdKx cEmitX yle__article__paragraph\">Lainmuutos ei koske asumistukia.<\/p>\n","protected":false},"excerpt":{"rendered":"Vuoden vaihteesta astuu voimaan toimeentulotukilain muutos, joka vaikuttaa toimeentulotuen vuokraan tarkoitetun osan maksamiseen. Helmikuusta alkaen Kela maksaa toimeentulotuen&hellip;\n","protected":false},"author":2,"featured_media":129877,"comment_status":"","ping_status":"","sticky":false,"template":"","format":"standard","meta":{"footnotes":""},"categories":[14],"tags":[542,22,23,26,27,33,31,30,17,2233,4334,24,25,28,29,15,18,21,22965,32,6958,19,20,56,16,59,60,61],"class_list":{"0":"post-129876","1":"post","2":"type-post","3":"status-publish","4":"format-standard","5":"has-post-thumbnail","7":"category-ulkomaat","8":"tag-asuminen","9":"tag-breaking-news","10":"tag-breakingnews","11":"tag-featured-news","12":"tag-featurednews","13":"tag-fi","14":"tag-finland","15":"tag-finnish","16":"tag-headlines","17":"tag-hyvinvointi","18":"tag-kansanelakelaitos","19":"tag-latest-news","20":"tag-latestnews","21":"tag-main-news","22":"tag-mainnews","23":"tag-news","24":"tag-otsikot","25":"tag-paauutiset","26":"tag-sosiaaliset-kysymykset","27":"tag-suomi","28":"tag-toimeentulotuki","29":"tag-top-stories","30":"tag-topstories","31":"tag-ulkomaat","32":"tag-uutiset","33":"tag-world","34":"tag-world-news","35":"tag-worldnews"},"share_on_mastodon":{"url":"https:\/\/pubeurope.com\/@fi\/115814286221208224","error":""},"_links":{"self":[{"href":"https:\/\/www.europesays.com\/fi\/wp-json\/wp\/v2\/posts\/129876","targetHints":{"allow":["GET"]}}],"collection":[{"href":"https:\/\/www.europesays.com\/fi\/wp-json\/wp\/v2\/posts"}],"about":[{"href":"https:\/\/www.europesays.com\/fi\/wp-json\/wp\/v2\/types\/post"}],"author":[{"embeddable":true,"href":"https:\/\/www.europesays.com\/fi\/wp-json\/wp\/v2\/users\/2"}],"replies":[{"embeddable":true,"href":"https:\/\/www.europesays.com\/fi\/wp-json\/wp\/v2\/comments?post=129876"}],"version-history":[{"count":0,"href":"https:\/\/www.europesays.com\/fi\/wp-json\/wp\/v2\/posts\/129876\/revisions"}],"wp:featuredmedia":[{"embeddable":true,"href":"https:\/\/www.europesays.com\/fi\/wp-json\/wp\/v2\/media\/129877"}],"wp:attachment":[{"href":"https:\/\/www.europesays.com\/fi\/wp-json\/wp\/v2\/media?parent=129876"}],"wp:term":[{"taxonomy":"category","embeddable":true,"href":"https:\/\/www.europesays.com\/fi\/wp-json\/wp\/v2\/categories?post=129876"},{"taxonomy":"post_tag","embeddable":true,"href":"https:\/\/www.europesays.com\/fi\/wp-json\/wp\/v2\/tags?post=129876"}],"curies":[{"name":"wp","href":"https:\/\/api.w.org\/{rel}","templated":true}]}}