{"id":129878,"date":"2025-12-31T12:55:07","date_gmt":"2025-12-31T12:55:07","guid":{"rendered":"https:\/\/www.europesays.com\/fi\/129878\/"},"modified":"2025-12-31T12:55:07","modified_gmt":"2025-12-31T12:55:07","slug":"poriin-avataan-uusi-ruokaravintola-paikan-yrittaja-on-tuttu-nimi-aivan-toiselta-alalta","status":"publish","type":"post","link":"https:\/\/www.europesays.com\/fi\/129878\/","title":{"rendered":"Poriin avataan uusi ruokaravintola \u2013 paikan yritt\u00e4j\u00e4 on tuttu nimi aivan toiselta alalta"},"content":{"rendered":"<p>Jenkkihenkisess\u00e4 paikassa ruokalista on konstailematon: grillattuja pihvej\u00e4, kanaa, katkarapuja ja vihanneksia, kylkeen ranskalaiset tai perunamuusi.<\/p>\n<p class=\"article-body mb-nof-24 px-nof-16\">Pori<\/p>\n<p class=\"article-body mb-nof-24 px-nof-16\">Poriin avataan 9. tammikuuta uusi ruokaravintola. Cowboys Grill &amp; BBQ -niminen paikka tulee Satakunnankadulle rengasliikkeen sis\u00e4pihalle.<\/p>\n<p class=\"article-body mb-nof-24 px-nof-16\">Jenkkihenkisen paikan yritt\u00e4j\u00e4 on kiinteist\u00f6sijoittaja <a class=\"font-bold underline-offset-[0.12em] [text-decoration:var(--person-link-text-decoration)] ![text-decoration-color:var(--person-link-text-decoration-color)]\" href=\"https:\/\/www.satakunnankansa.fi\/haku\/?query=Hannu%20Aapa\" rel=\"nofollow noopener\" target=\"_blank\">Hannu Aapa<\/a>. Taustaltaan h\u00e4n on asfalttialan yritt\u00e4j\u00e4. Aapa on ammentanut vaikutteita uuteen aluevaltaukseensa lukuisilta Amerikan-matkoiltaan.<\/p>\n","protected":false},"excerpt":{"rendered":"Jenkkihenkisess\u00e4 paikassa ruokalista on konstailematon: grillattuja pihvej\u00e4, kanaa, katkarapuja ja vihanneksia, kylkeen ranskalaiset tai perunamuusi. Pori Poriin avataan&hellip;\n","protected":false},"author":2,"featured_media":129879,"comment_status":"","ping_status":"","sticky":false,"template":"","format":"standard","meta":{"footnotes":""},"categories":[12],"tags":[22,23,26,27,33,31,30,17,24,25,28,29,15,18,21,80,32,19,20,16],"class_list":{"0":"post-129878","1":"post","2":"type-post","3":"status-publish","4":"format-standard","5":"has-post-thumbnail","7":"category-suomi","8":"tag-breaking-news","9":"tag-breakingnews","10":"tag-featured-news","11":"tag-featurednews","12":"tag-fi","13":"tag-finland","14":"tag-finnish","15":"tag-headlines","16":"tag-latest-news","17":"tag-latestnews","18":"tag-main-news","19":"tag-mainnews","20":"tag-news","21":"tag-otsikot","22":"tag-paauutiset","23":"tag-satakunnan-kansa","24":"tag-suomi","25":"tag-top-stories","26":"tag-topstories","27":"tag-uutiset"},"share_on_mastodon":{"url":"https:\/\/pubeurope.com\/@fi\/115814290124696513","error":""},"_links":{"self":[{"href":"https:\/\/www.europesays.com\/fi\/wp-json\/wp\/v2\/posts\/129878","targetHints":{"allow":["GET"]}}],"collection":[{"href":"https:\/\/www.europesays.com\/fi\/wp-json\/wp\/v2\/posts"}],"about":[{"href":"https:\/\/www.europesays.com\/fi\/wp-json\/wp\/v2\/types\/post"}],"author":[{"embeddable":true,"href":"https:\/\/www.europesays.com\/fi\/wp-json\/wp\/v2\/users\/2"}],"replies":[{"embeddable":true,"href":"https:\/\/www.europesays.com\/fi\/wp-json\/wp\/v2\/comments?post=129878"}],"version-history":[{"count":0,"href":"https:\/\/www.europesays.com\/fi\/wp-json\/wp\/v2\/posts\/129878\/revisions"}],"wp:featuredmedia":[{"embeddable":true,"href":"https:\/\/www.europesays.com\/fi\/wp-json\/wp\/v2\/media\/129879"}],"wp:attachment":[{"href":"https:\/\/www.europesays.com\/fi\/wp-json\/wp\/v2\/media?parent=129878"}],"wp:term":[{"taxonomy":"category","embeddable":true,"href":"https:\/\/www.europesays.com\/fi\/wp-json\/wp\/v2\/categories?post=129878"},{"taxonomy":"post_tag","embeddable":true,"href":"https:\/\/www.europesays.com\/fi\/wp-json\/wp\/v2\/tags?post=129878"}],"curies":[{"name":"wp","href":"https:\/\/api.w.org\/{rel}","templated":true}]}}