{"id":129890,"date":"2025-12-31T13:20:07","date_gmt":"2025-12-31T13:20:07","guid":{"rendered":"https:\/\/www.europesays.com\/fi\/129890\/"},"modified":"2025-12-31T13:20:07","modified_gmt":"2025-12-31T13:20:07","slug":"datakeskukset-vievat-viidenneksen-irlannin-sahkosta-uutisia-lyhyesti","status":"publish","type":"post","link":"https:\/\/www.europesays.com\/fi\/129890\/","title":{"rendered":"Datakeskukset viev\u00e4t viidenneksen Irlannin s\u00e4hk\u00f6st\u00e4 | Uutisia lyhyesti"},"content":{"rendered":"<p class=\"aw-1gybjub aw-1p7kakr kEtdKx cEmitX yle__article__paragraph\">Irlannissa on yksi maailman nopeimmin kasvavista datakeskusten keskittymist\u00e4, mutta maa on t\u00f6rm\u00e4\u00e4m\u00e4ss\u00e4 kasvun varjopuoliin.<\/p>\n<p class=\"aw-1gybjub aw-1p7kakr kEtdKx cEmitX yle__article__paragraph\">Globaaleja teknologiaj\u00e4ttej\u00e4 palvelevat datakeskukset kuluttavat jo viidenneksen maan s\u00e4hk\u00f6st\u00e4. T\u00e4m\u00e4 on her\u00e4tt\u00e4nyt huolta paitsi Irlannin s\u00e4hk\u00f6verkon vakaudesta my\u00f6s maan p\u00e4\u00e4st\u00f6v\u00e4hennystavoitteiden toteutumisesta.<\/p>\n<p class=\"aw-1gybjub aw-1p7kakr kEtdKx cEmitX yle__article__paragraph\">Irlannissa toimii jo yli 80 datakeskusta. Kansallisen s\u00e4hk\u00f6verkkoyhti\u00f6n EirGridin mukaan datakeskusten osuus s\u00e4hk\u00f6nkulutuksesta voi nousta 30 prosenttiin vuoteen 2030 menness\u00e4.<\/p>\n","protected":false},"excerpt":{"rendered":"Irlannissa on yksi maailman nopeimmin kasvavista datakeskusten keskittymist\u00e4, mutta maa on t\u00f6rm\u00e4\u00e4m\u00e4ss\u00e4 kasvun varjopuoliin. Globaaleja teknologiaj\u00e4ttej\u00e4 palvelevat datakeskukset&hellip;\n","protected":false},"author":2,"featured_media":129891,"comment_status":"","ping_status":"","sticky":false,"template":"","format":"standard","meta":{"footnotes":""},"categories":[14],"tags":[22,23,3465,2038,26,27,33,31,30,17,9628,24,25,28,29,15,18,21,1431,22966,9428,32,19,20,56,16,59,60,61],"class_list":{"0":"post-129890","1":"post","2":"type-post","3":"status-publish","4":"format-standard","5":"has-post-thumbnail","7":"category-ulkomaat","8":"tag-breaking-news","9":"tag-breakingnews","10":"tag-datakeskus","11":"tag-energia","12":"tag-featured-news","13":"tag-featurednews","14":"tag-fi","15":"tag-finland","16":"tag-finnish","17":"tag-headlines","18":"tag-irlanti","19":"tag-latest-news","20":"tag-latestnews","21":"tag-main-news","22":"tag-mainnews","23":"tag-news","24":"tag-otsikot","25":"tag-paauutiset","26":"tag-palvelinkeskukset","27":"tag-sahkonkulutus","28":"tag-sahkoverkot","29":"tag-suomi","30":"tag-top-stories","31":"tag-topstories","32":"tag-ulkomaat","33":"tag-uutiset","34":"tag-world","35":"tag-world-news","36":"tag-worldnews"},"share_on_mastodon":{"url":"https:\/\/pubeurope.com\/@fi\/115814388492872492","error":""},"_links":{"self":[{"href":"https:\/\/www.europesays.com\/fi\/wp-json\/wp\/v2\/posts\/129890","targetHints":{"allow":["GET"]}}],"collection":[{"href":"https:\/\/www.europesays.com\/fi\/wp-json\/wp\/v2\/posts"}],"about":[{"href":"https:\/\/www.europesays.com\/fi\/wp-json\/wp\/v2\/types\/post"}],"author":[{"embeddable":true,"href":"https:\/\/www.europesays.com\/fi\/wp-json\/wp\/v2\/users\/2"}],"replies":[{"embeddable":true,"href":"https:\/\/www.europesays.com\/fi\/wp-json\/wp\/v2\/comments?post=129890"}],"version-history":[{"count":0,"href":"https:\/\/www.europesays.com\/fi\/wp-json\/wp\/v2\/posts\/129890\/revisions"}],"wp:featuredmedia":[{"embeddable":true,"href":"https:\/\/www.europesays.com\/fi\/wp-json\/wp\/v2\/media\/129891"}],"wp:attachment":[{"href":"https:\/\/www.europesays.com\/fi\/wp-json\/wp\/v2\/media?parent=129890"}],"wp:term":[{"taxonomy":"category","embeddable":true,"href":"https:\/\/www.europesays.com\/fi\/wp-json\/wp\/v2\/categories?post=129890"},{"taxonomy":"post_tag","embeddable":true,"href":"https:\/\/www.europesays.com\/fi\/wp-json\/wp\/v2\/tags?post=129890"}],"curies":[{"name":"wp","href":"https:\/\/api.w.org\/{rel}","templated":true}]}}