{"id":129894,"date":"2025-12-31T13:22:07","date_gmt":"2025-12-31T13:22:07","guid":{"rendered":"https:\/\/www.europesays.com\/fi\/129894\/"},"modified":"2025-12-31T13:22:07","modified_gmt":"2025-12-31T13:22:07","slug":"jateasemien-aukioloajat-uudistuvat-itsepalvelu-laajenee-mm-jumalniemessa","status":"publish","type":"post","link":"https:\/\/www.europesays.com\/fi\/129894\/","title":{"rendered":"J\u00e4teasemien aukioloajat uudistuvat \u2013 itsepalvelu laajenee mm. Jumalniemess\u00e4"},"content":{"rendered":"<p>J\u00e4teasemien aukioloajat uudistuvat Etel\u00e4-Kymenlaaksossa 2.1.2026. Itsepalvelu lis\u00e4\u00e4 asiointimahdollisuuksia Haminassa ja Jumalniemess\u00e4, ja Miehikk\u00e4l\u00e4ss\u00e4 lis\u00e4t\u00e4\u00e4n henkil\u00f6kohtaista palvelua.<\/p>\n<p>Haminassa asiointiaika lis\u00e4\u00e4ntyy erityisesti arki-iltoina itsepalvelun my\u00f6t\u00e4. Jumalniemess\u00e4 itsepalvelu tuo lis\u00e4\u00e4 asiointiaikaa sek\u00e4 iltoihin ett\u00e4 viikonloppuihin. Miehikk\u00e4l\u00e4ss\u00e4 henkil\u00f6kohtaisen palvelun m\u00e4\u00e4r\u00e4 kasvaa, ja itsepalvelun k\u00e4ytt\u00f6\u00f6nottoon valmistaudutaan kes\u00e4kaudelle 2026.<br \/>\u201dAsiakkaamme ovat toivoneet mahdollisuutta hoitaa j\u00e4teasemak\u00e4ynnit ty\u00f6p\u00e4iv\u00e4n j\u00e4lkeen ilman kiirett\u00e4. Muutokset vastaavat t\u00e4h\u00e4n tarpeeseen\u201d, sanoo Kymenlaakson J\u00e4te Oy:n palvelujohtaja Jani Rajam\u00e4ki.<\/p>\n<p>Itsepalvelu t\u00e4ydent\u00e4\u00e4 henkil\u00f6kohtaista palvelua<\/p>\n<p>Haminassa ja Jumalniemess\u00e4 itsepalvelu ei korvaa henkil\u00f6kohtaista palvelua, vaan t\u00e4ydent\u00e4\u00e4 sit\u00e4. Henkil\u00f6kunta on jatkossa paikalla arkisin p\u00e4iv\u00e4saikaan ja alkuillasta, ja muina aikoina asiointi tapahtuu itsepalveluna. Itsepalvelu on asiakkaiden k\u00e4ytett\u00e4viss\u00e4 my\u00f6s palvelutuntien aikana.<br \/>Uudistuksen my\u00f6t\u00e4 viikoittaiset aukioloajat lis\u00e4\u00e4ntyv\u00e4t: Haminassa yhdeks\u00e4ll\u00e4 tunnilla ja Jumalniemess\u00e4 kahdeksalla tunnilla.<br \/>\u2013 Seuraamme, miten itsepalvelun k\u00e4ytt\u00f6 l\u00e4htee sujumaan ja muokkaamme aukioloaikoja tarvittaessa. Kes\u00e4kaudelle, jolloin asemilla on vilkkainta, itsepalveluaikoja on tulossa lis\u00e4\u00e4, Rajam\u00e4ki toteaa.<\/p>\n<p>Miehikk\u00e4l\u00e4\u00e4n lis\u00e4\u00e4 palvelutunteja \u2013 itsepalvelu tulossa kes\u00e4kaudelle<\/p>\n<p>Miehikk\u00e4l\u00e4n j\u00e4teasemalla itsepalvelu otetaan k\u00e4ytt\u00f6\u00f6n kes\u00e4kaudella 2026, huhtikuun alussa. Miehikk\u00e4l\u00e4n aukiolop\u00e4iv\u00e4 muuttuu jo nyt lauantaista keskiviikkoon, ja henkil\u00f6kohtaisen palvelun m\u00e4\u00e4r\u00e4 lis\u00e4\u00e4ntyy kahdella tunnilla. J\u00e4teasema palvelee jatkossa keskiviikkoisin klo 12\u201318, jolloin my\u00f6s henkil\u00f6kunta on paikalla.<br \/>N\u00e4in itsepalveluasiointi toimii Haminan ja Jumalniemen j\u00e4teasemilla<br \/>Asiakas ilmoittaa etuk\u00e4teen j\u00e4teasemalle tuotavat j\u00e4tteet verkkopalvelussa, osoitteessa klj.materialport.com. Mahdolliset maksulliset j\u00e4tteet maksetaan ilmoituksen yhteydess\u00e4. T\u00e4m\u00e4n j\u00e4lkeen asiakas saa s\u00e4hk\u00f6postiinsa linkin, jolla j\u00e4teaseman puomi avautuu. Linkki on voimassa 48 tuntia.<br \/>Itsepalveluna voi tuoda kaikkia j\u00e4teasemalla vastaanotettavia j\u00e4tteit\u00e4 paitsi vaarallisia j\u00e4tteit\u00e4, jotka otetaan vastaan turvallisuussyist\u00e4 vain palvelutunteina. J\u00e4teasemilla on kameravalvonta.<br \/>Hinnat ja lajitteluohjeet ovat samat kuin palvelutunteina.<br \/>Lis\u00e4tiedot ja ohjevideo itsepalveluasiointiin: www.kymenlaaksonjate.fi\/itsepalveluasiointi<\/p>\n<p>Haminan, Jumalniemen ja Miehikk\u00e4l\u00e4n j\u00e4teasemien aukioloajat 2.1. alkaen<\/p>\n<p>Huom. Uudenvuoden p\u00e4iv\u00e4n\u00e4 ja loppiaisena kaikki j\u00e4teasemat ovat suljettuina.<\/p>\n<p><strong>Hamina<\/strong><br \/>Henkil\u00f6kohtainen palvelu: ma-ke 8\u201316, to 10\u201318, pe 8\u201314<br \/>Itsepalvelu: ma-pe 8\u201318<\/p>\n<p><strong>Jumalniemi<\/strong><br \/>Henkil\u00f6kohtainen palvelu: ma-pe 8\u201318<br \/>Itsepalvelu: ma-pe 8\u201321, la 8\u201318, su 10\u201318<\/p>\n<p><strong>Miehikk\u00e4l\u00e4<\/strong><br \/>Henkil\u00f6kohtainen palvelu: ke 12\u201318<\/p>\n","protected":false},"excerpt":{"rendered":"J\u00e4teasemien aukioloajat uudistuvat Etel\u00e4-Kymenlaaksossa 2.1.2026. Itsepalvelu lis\u00e4\u00e4 asiointimahdollisuuksia Haminassa ja Jumalniemess\u00e4, ja Miehikk\u00e4l\u00e4ss\u00e4 lis\u00e4t\u00e4\u00e4n henkil\u00f6kohtaista palvelua. Haminassa asiointiaika&hellip;\n","protected":false},"author":2,"featured_media":129895,"comment_status":"","ping_status":"","sticky":false,"template":"","format":"standard","meta":{"footnotes":""},"categories":[5],"tags":[22,23,26,27,33,31,30,17,24,25,28,29,15,18,21,32,19,20,16],"class_list":{"0":"post-129894","1":"post","2":"type-post","3":"status-publish","4":"format-standard","5":"has-post-thumbnail","7":"category-otsikot","8":"tag-breaking-news","9":"tag-breakingnews","10":"tag-featured-news","11":"tag-featurednews","12":"tag-fi","13":"tag-finland","14":"tag-finnish","15":"tag-headlines","16":"tag-latest-news","17":"tag-latestnews","18":"tag-main-news","19":"tag-mainnews","20":"tag-news","21":"tag-otsikot","22":"tag-paauutiset","23":"tag-suomi","24":"tag-top-stories","25":"tag-topstories","26":"tag-uutiset"},"share_on_mastodon":{"url":"https:\/\/pubeurope.com\/@fi\/115814396211946639","error":""},"_links":{"self":[{"href":"https:\/\/www.europesays.com\/fi\/wp-json\/wp\/v2\/posts\/129894","targetHints":{"allow":["GET"]}}],"collection":[{"href":"https:\/\/www.europesays.com\/fi\/wp-json\/wp\/v2\/posts"}],"about":[{"href":"https:\/\/www.europesays.com\/fi\/wp-json\/wp\/v2\/types\/post"}],"author":[{"embeddable":true,"href":"https:\/\/www.europesays.com\/fi\/wp-json\/wp\/v2\/users\/2"}],"replies":[{"embeddable":true,"href":"https:\/\/www.europesays.com\/fi\/wp-json\/wp\/v2\/comments?post=129894"}],"version-history":[{"count":0,"href":"https:\/\/www.europesays.com\/fi\/wp-json\/wp\/v2\/posts\/129894\/revisions"}],"wp:featuredmedia":[{"embeddable":true,"href":"https:\/\/www.europesays.com\/fi\/wp-json\/wp\/v2\/media\/129895"}],"wp:attachment":[{"href":"https:\/\/www.europesays.com\/fi\/wp-json\/wp\/v2\/media?parent=129894"}],"wp:term":[{"taxonomy":"category","embeddable":true,"href":"https:\/\/www.europesays.com\/fi\/wp-json\/wp\/v2\/categories?post=129894"},{"taxonomy":"post_tag","embeddable":true,"href":"https:\/\/www.europesays.com\/fi\/wp-json\/wp\/v2\/tags?post=129894"}],"curies":[{"name":"wp","href":"https:\/\/api.w.org\/{rel}","templated":true}]}}