{"id":12991,"date":"2025-08-22T09:31:08","date_gmt":"2025-08-22T09:31:08","guid":{"rendered":"https:\/\/www.europesays.com\/fi\/12991\/"},"modified":"2025-08-22T09:31:08","modified_gmt":"2025-08-22T09:31:08","slug":"yle-julkaisi-vihjeita-uusista-elamani-biisi-artisteista-somessa-kay-kuhina","status":"publish","type":"post","link":"https:\/\/www.europesays.com\/fi\/12991\/","title":{"rendered":"Yle julkaisi vihjeit\u00e4 uusista El\u00e4m\u00e4ni biisi -artisteista \u2013 Somessa k\u00e4y kuhina"},"content":{"rendered":"<p>Yle kertoi vihjeit\u00e4 suosikkiohjelman uusista t\u00e4htiartisteista.<\/p>\n<p><img decoding=\"async\" class=\"image image-show image-preview\" src=\"https:\/\/www.europesays.com\/fi\/wp-content\/uploads\/2025\/08\/448357b395f8becd7d079421927f49d0d448443843ed9dc44c430d881651f55a.jpg\" alt=\"\"\/><img decoding=\"async\" class=\"image image-show\" src=\"https:\/\/www.europesays.com\/fi\/wp-content\/uploads\/2025\/08\/1755855068_764_448357b395f8becd7d079421927f49d0d448443843ed9dc44c430d881651f55a.jpg\" alt=\"\"\/><\/p>\n<p>El\u00e4m\u00e4ni biisi jatkuu j\u00e4lleen 13. syyskuuta uusin jaksoin ja artistein. Pete Anikari<\/p>\n<p class=\"paragraph\">Viime viikolla kerrottiin, ett\u00e4 kolme artistia j\u00e4tt\u00e4v\u00e4t TV1:n suositun El\u00e4m\u00e4ni biisi -ohjelman. <strong>Tero Vesterisen<\/strong>, <strong>Jore Marjarannan<\/strong> ja <strong>Arja Saijonmaan<\/strong> seuraajat aiheuttivat spekulaatioita sosiaalisessa mediassa. <a href=\"https:\/\/www.iltalehti.fi\/tv-ja-leffat\/2b7a1df1-4b9a-4eab-817f-cd3df5ff48b5\" rel=\"nofollow noopener\" target=\"_blank\">Yle kertoi tiedottavansa kolme uutta artistia 27. elokuuta.<\/a><\/p>\n<p class=\"paragraph\">Nyt Yle on julkaissut vihjeit\u00e4 tulevista El\u00e4m\u00e4ni biisi -artisteista. Jokaisen artistin vihjeiksi on annettu kolme sanaa.<\/p>\n<p class=\"paragraph\">Ensimm\u00e4inen artisti on saanut sanat Kristiina, poliisikoira ja s\u00e4\u00e4nt\u00f6jen rikkoja.<\/p>\n<p class=\"paragraph\">Toinen artisti on saanut vihjesanat hengaillaan, haamun \u00e4iti ja sielukas oktetti.<\/p>\n<p class=\"paragraph\">Kolmannen artistin vihjeet taas ovat sanat Dublin, kansikuvapoika ja Belsizen polkupy\u00f6r\u00e4t.<\/p>\n<p class=\"paragraph\">Keist\u00e4 voi olla kyse?<\/p>\n<p class=\"paragraph\">N\u00e4et julkaisun alta tai <a href=\"https:\/\/www.instagram.com\/p\/DNn3sxOtIbg\/?img_index=2\" rel=\"noopener nofollow\" target=\"_blank\">t\u00e4\u00e4lt\u00e4<\/a>.<\/p>\n<p class=\"paragraph\">Kansa on saanut arvailla sosiaalisessa mediassa artisteja, ja erilaisia ehdotuksia on heitetty ilmoille.<\/p>\n<p class=\"paragraph\">\u2013 1. <strong>Henri Piispanen<\/strong> 2. <strong>Johanna Rauma<\/strong> 3. <strong>Markku Aro<\/strong>, arvailee er\u00e4s ohjelman katsoja Instagramissa.<\/p>\n<p class=\"paragraph\">\u2013 Kolmonen on kyll\u00e4 Markku Aro, kirjoittaa tangokuningatar <a href=\"https:\/\/www.iltalehti.fi\/henkilot\/Johanna Pakonen\" class=\"article-link-person-page\" rel=\"nofollow noopener\" target=\"_blank\">Johanna Pakonen<\/a> kommentteihin.<\/p>\n<p class=\"paragraph\">\u2013 Voisko toi 2. olla <strong>Emma Salokoski<\/strong>? Ehdottelee laulaja <a href=\"https:\/\/www.iltalehti.fi\/henkilot\/Kasmir\" class=\"article-link-person-page\" rel=\"nofollow noopener\" target=\"_blank\">Kasmir<\/a>.<\/p>\n<p class=\"paragraph\">\u2013 1. <a href=\"https:\/\/www.iltalehti.fi\/henkilot\/Antti Ketonen\" class=\"article-link-person-page\" rel=\"nofollow noopener\" target=\"_blank\">Antti Ketonen<\/a> 2. <a href=\"https:\/\/www.iltalehti.fi\/henkilot\/Annika Eklund\" class=\"article-link-person-page\" rel=\"nofollow noopener\" target=\"_blank\">Annika Eklund<\/a> 3. Markku Aro, arvailee er\u00e4s kommentoija.<\/p>\n<p class=\"paragraph\">Ykk\u00f6seksi ep\u00e4ill\u00e4\u00e4n my\u00f6s <strong>Ressu Redfordia<\/strong> ja kolmoseksi Poets of the Fall -yhtyeen <strong>Marko Saarestoa<\/strong>.<\/p>\n<p class=\"paragraph\">\u2013 <a href=\"https:\/\/www.iltalehti.fi\/henkilot\/Mikael Konttinen\" class=\"article-link-person-page\" rel=\"nofollow noopener\" target=\"_blank\">Mikael Konttinen<\/a>, Annika Eklund ja <a href=\"https:\/\/www.iltalehti.fi\/henkilot\/Elias Kaskinen\" class=\"article-link-person-page\" rel=\"nofollow noopener\" target=\"_blank\">Elias Kaskinen<\/a>, heitt\u00e4\u00e4 yksi kommentoija <a href=\"https:\/\/www.facebook.com\/yleisradio\/posts\/pfbid0256pahqeU1zwMU1oUXVLWSFU3fu6Gmc7HaKjBQN5W3XBU4z9WpfBGKgEgvr9rkhJ4l\" rel=\"noopener nofollow\" target=\"_blank\">Facebookissa.<\/a><\/p>\n<p class=\"paragraph\">El\u00e4m\u00e4ni biisi -ohjelma jatkuu TV1-kanavalla lauantai-iltaisin 13. syyskuuta alkaen.<\/p>\n<p><script async src=\"\/\/www.instagram.com\/embed.js\"><\/script><\/p>\n","protected":false},"excerpt":{"rendered":"Yle kertoi vihjeit\u00e4 suosikkiohjelman uusista t\u00e4htiartisteista. El\u00e4m\u00e4ni biisi jatkuu j\u00e4lleen 13. syyskuuta uusin jaksoin ja artistein. Pete Anikari&hellip;\n","protected":false},"author":2,"featured_media":12992,"comment_status":"","ping_status":"","sticky":false,"template":"","format":"standard","meta":{"footnotes":""},"categories":[130],"tags":[35,138,137,33,31,30,47,141,742,32,484,109],"class_list":{"0":"post-12991","1":"post","2":"type-post","3":"status-publish","4":"format-standard","5":"has-post-thumbnail","7":"category-viihde","8":"tag-24h","9":"tag-audio","10":"tag-entertainment","11":"tag-fi","12":"tag-finland","13":"tag-finnish","14":"tag-musiikki","15":"tag-muusikot-bandit","16":"tag-suomalainen-musiikki","17":"tag-suomi","18":"tag-taiteellinen-ilmaisu-ja-mediat","19":"tag-viihde"},"share_on_mastodon":{"url":"","error":""},"_links":{"self":[{"href":"https:\/\/www.europesays.com\/fi\/wp-json\/wp\/v2\/posts\/12991","targetHints":{"allow":["GET"]}}],"collection":[{"href":"https:\/\/www.europesays.com\/fi\/wp-json\/wp\/v2\/posts"}],"about":[{"href":"https:\/\/www.europesays.com\/fi\/wp-json\/wp\/v2\/types\/post"}],"author":[{"embeddable":true,"href":"https:\/\/www.europesays.com\/fi\/wp-json\/wp\/v2\/users\/2"}],"replies":[{"embeddable":true,"href":"https:\/\/www.europesays.com\/fi\/wp-json\/wp\/v2\/comments?post=12991"}],"version-history":[{"count":0,"href":"https:\/\/www.europesays.com\/fi\/wp-json\/wp\/v2\/posts\/12991\/revisions"}],"wp:featuredmedia":[{"embeddable":true,"href":"https:\/\/www.europesays.com\/fi\/wp-json\/wp\/v2\/media\/12992"}],"wp:attachment":[{"href":"https:\/\/www.europesays.com\/fi\/wp-json\/wp\/v2\/media?parent=12991"}],"wp:term":[{"taxonomy":"category","embeddable":true,"href":"https:\/\/www.europesays.com\/fi\/wp-json\/wp\/v2\/categories?post=12991"},{"taxonomy":"post_tag","embeddable":true,"href":"https:\/\/www.europesays.com\/fi\/wp-json\/wp\/v2\/tags?post=12991"}],"curies":[{"name":"wp","href":"https:\/\/api.w.org\/{rel}","templated":true}]}}