{"id":129910,"date":"2025-12-31T13:48:07","date_gmt":"2025-12-31T13:48:07","guid":{"rendered":"https:\/\/www.europesays.com\/fi\/129910\/"},"modified":"2025-12-31T13:48:07","modified_gmt":"2025-12-31T13:48:07","slug":"tama-tiedetaan-viranomaisten-haltuun-ottamasta-fitburg-aluksesta-alus-oli-matkalla-israeliin-uutisia-lyhyesti","status":"publish","type":"post","link":"https:\/\/www.europesays.com\/fi\/129910\/","title":{"rendered":"T\u00e4m\u00e4 tiedet\u00e4\u00e4n viranomaisten haltuun ottamasta Fitburg-aluksesta \u2013 alus oli matkalla Israeliin | Uutisia lyhyesti"},"content":{"rendered":"<p class=\"aw-1gybjub aw-5vja16 kEtdKx kmuxyA yle__article__paragraph\">Alus on 132 metri\u00e4 pitk\u00e4 rahtialus ja sen lippuvaltio on Karibianmerell\u00e4 sijaitseva Saint Vincent &amp; Grenadiinit.<\/p>\n<p><img decoding=\"async\" alt=\"Fitburg-aluksen reitti. P\u00e4\u00e4tepisteess\u00e4 on sijainti 31. joulukuuta kello 13.22.\" src=\"https:\/\/www.europesays.com\/fi\/wp-content\/uploads\/2025\/12\/39-1576011695515ddbe713.jpeg\" class=\"aw-1l9m598 hKVVvP\"\/><\/p>\n<p>Avaa kuvien katselu<\/p>\n<p>Fitburg-niminen alus l\u00e4hti liikkeelle Ven\u00e4j\u00e4lt\u00e4 Pietarista tiistaina. Viranomaiset pys\u00e4yttiv\u00e4t aluksen keskiviikkona ja se on otettu haltuun Porkkalan edustalla. Aluksen reitti selvisi merenkulkua seuraavalta Marinetraffic-sivustolta. Kuva: Tommi Pylkk\u00f6 \/ Yle, Mapcreator, OpenStreetMap, l\u00e4hde: MarineTraffic<\/p>\n<p class=\"aw-1gybjub aw-1p7kakr kEtdKx cEmitX yle__article__paragraph\">Suomen viranomaiset ovat ottaneet Fitburg-nimisen aluksen haltuun yhteisoperaationa sen j\u00e4lkeen, kun Elisan tietoliikennekaapeli vaurioitui keskiviikkona Helsingin ja Tallinnan v\u00e4lill\u00e4.<\/p>\n<p class=\"aw-1gybjub aw-1p7kakr kEtdKx cEmitX yle__article__paragraph\">Alus on 132 metri\u00e4 pitk\u00e4 rahtialus ja sen lippuvaltio on Karibianmerell\u00e4 sijaitseva Saint Vincent &amp; Grenadiinit.<\/p>\n<p class=\"aw-1gybjub aw-1p7kakr kEtdKx cEmitX yle__article__paragraph\">Ep\u00e4ilty alus tavattiin Rajavartiolaitoksen vartiolaiva Turvan ja helikopterin toimesta Suomen talousvy\u00f6hykkeell\u00e4 ja aluksen ankkuriketjun havaittiin olevan meress\u00e4. Rajavartiolaitos pyysi alusta pys\u00e4htym\u00e4\u00e4n sek\u00e4 nostamaan ankkuriketjun yl\u00f6s. Rajavartiolaitos pyysi alusta siirtym\u00e4\u00e4n turvalliselle ankkuripaikalle Suomen aluevesille.<\/p>\n<p class=\"aw-1gybjub aw-1p7kakr kEtdKx cEmitX yle__article__paragraph\">Merenkulkua seuraavan Marinetraffic-sivuston mukaan alus on nyt Porkkalan edustalla. Sivuston perusteella laiva oli matkalla Israeliin Haifaan.<\/p>\n<p class=\"aw-1gybjub aw-1p7kakr kEtdKx cEmitX yle__article__paragraph\">Fitburg-alusta tai sen IMO-numeroa ei l\u00f6ydy virallisilta pakotelistoilta. Pakotteita koostava Open Sanctions on kuitenkin jo aiemmin m\u00e4\u00e4ritellyt Fitburgin kiinnostavaksi alukseksi. Se ei kuitenkaan tarkoita, ett\u00e4 alusta ep\u00e4ilt\u00e4isiin osaksi Ven\u00e4j\u00e4n varjolaivastoa.<\/p>\n<p class=\"aw-1gybjub aw-1p7kakr kEtdKx cEmitX yle__article__paragraph\">Open Sanctions on open source -projekti, joka koostaa ja seuraa laajasti pakotteita ja niiden kohteita. Kiinnostava kohde (englanniksi entity of interest) tarkoittaa Open Sanctionsin m\u00e4\u00e4ritelm\u00e4n mukaisesti alusta, joka on sen mielest\u00e4 kiinnostava seurattava, vaikka kohde ei virallisesti olisikaan mill\u00e4\u00e4n pakotelistoilla.<\/p>\n<p class=\"aw-1gybjub aw-1p7kakr kEtdKx cEmitX yle__article__paragraph\">Aluksen IMO-numero pysyy samana aluksen koko elinkaaren l\u00e4pi. Monet alukset saattavat muuttaa nime\u00e4\u00e4n ja lippumaataan v\u00e4ltt\u00e4\u00e4kseen ep\u00e4ilyj\u00e4. Siksi IMO-numero on t\u00e4rke\u00e4: sen avulla tiedet\u00e4\u00e4n laivan kaikki nimet sen olemassaolon ajalta.<\/p>\n<p><img decoding=\"async\" alt=\"Rajavartiolaitoksen vartiolaiva Turva merell\u00e4, taustalla rahtialus Fitburg.\" src=\"https:\/\/www.europesays.com\/fi\/wp-content\/uploads\/2025\/12\/39-157598669550f5252e04.jpeg\" loading=\"lazy\" class=\"aw-1l9m598 hKVVvP\"\/><\/p>\n<p>Avaa kuvien katselu<\/p>\n<p>Rajavartiovartiolaitoksen alus merell\u00e4, taustalla rahtialus Fitburg. Kuva: Rajavartiolaitos<\/p>\n","protected":false},"excerpt":{"rendered":"Alus on 132 metri\u00e4 pitk\u00e4 rahtialus ja sen lippuvaltio on Karibianmerell\u00e4 sijaitseva Saint Vincent &amp; Grenadiinit. Avaa kuvien&hellip;\n","protected":false},"author":2,"featured_media":129911,"comment_status":"","ping_status":"","sticky":false,"template":"","format":"standard","meta":{"footnotes":""},"categories":[5],"tags":[22,23,26,27,33,31,30,17,71,6174,24,25,28,29,4249,15,18,21,1263,32,634,19,20,16],"class_list":{"0":"post-129910","1":"post","2":"type-post","3":"status-publish","4":"format-standard","5":"has-post-thumbnail","7":"category-otsikot","8":"tag-breaking-news","9":"tag-breakingnews","10":"tag-featured-news","11":"tag-featurednews","12":"tag-fi","13":"tag-finland","14":"tag-finnish","15":"tag-headlines","16":"tag-kotimaa","17":"tag-laivat","18":"tag-latest-news","19":"tag-latestnews","20":"tag-main-news","21":"tag-mainnews","22":"tag-merikaapeli","23":"tag-news","24":"tag-otsikot","25":"tag-paauutiset","26":"tag-rikosepailyt","27":"tag-suomi","28":"tag-tietoliikenne","29":"tag-top-stories","30":"tag-topstories","31":"tag-uutiset"},"share_on_mastodon":{"url":"https:\/\/pubeurope.com\/@fi\/115814498518206181","error":""},"_links":{"self":[{"href":"https:\/\/www.europesays.com\/fi\/wp-json\/wp\/v2\/posts\/129910","targetHints":{"allow":["GET"]}}],"collection":[{"href":"https:\/\/www.europesays.com\/fi\/wp-json\/wp\/v2\/posts"}],"about":[{"href":"https:\/\/www.europesays.com\/fi\/wp-json\/wp\/v2\/types\/post"}],"author":[{"embeddable":true,"href":"https:\/\/www.europesays.com\/fi\/wp-json\/wp\/v2\/users\/2"}],"replies":[{"embeddable":true,"href":"https:\/\/www.europesays.com\/fi\/wp-json\/wp\/v2\/comments?post=129910"}],"version-history":[{"count":0,"href":"https:\/\/www.europesays.com\/fi\/wp-json\/wp\/v2\/posts\/129910\/revisions"}],"wp:featuredmedia":[{"embeddable":true,"href":"https:\/\/www.europesays.com\/fi\/wp-json\/wp\/v2\/media\/129911"}],"wp:attachment":[{"href":"https:\/\/www.europesays.com\/fi\/wp-json\/wp\/v2\/media?parent=129910"}],"wp:term":[{"taxonomy":"category","embeddable":true,"href":"https:\/\/www.europesays.com\/fi\/wp-json\/wp\/v2\/categories?post=129910"},{"taxonomy":"post_tag","embeddable":true,"href":"https:\/\/www.europesays.com\/fi\/wp-json\/wp\/v2\/tags?post=129910"}],"curies":[{"name":"wp","href":"https:\/\/api.w.org\/{rel}","templated":true}]}}