{"id":129912,"date":"2025-12-31T14:00:13","date_gmt":"2025-12-31T14:00:13","guid":{"rendered":"https:\/\/www.europesays.com\/fi\/129912\/"},"modified":"2025-12-31T14:00:13","modified_gmt":"2025-12-31T14:00:13","slug":"perttu-hyvarisen-managerista-pysayttava-kuva-julki-ei-helkkari","status":"publish","type":"post","link":"https:\/\/www.europesays.com\/fi\/129912\/","title":{"rendered":"Perttu Hyv\u00e4risen managerista pys\u00e4ytt\u00e4v\u00e4 kuva julki: \u201dEi helkkari\u201d"},"content":{"rendered":"<p>Hiiht\u00e4j\u00e4n rahat ovat loppu, kun manageri py\u00f6rii videopeliporukoissa.<\/p>\n<p><img decoding=\"async\" class=\"image image-show image-preview\" src=\"https:\/\/www.europesays.com\/fi\/wp-content\/uploads\/2025\/12\/4e2aec08dfe56d23780320113c691ce96969d7f3315defd804e16e25ff341224.jpg\" alt=\"\"\/><img decoding=\"async\" class=\"image image-show\" src=\"https:\/\/www.europesays.com\/fi\/wp-content\/uploads\/2025\/12\/1767189611_872_4e2aec08dfe56d23780320113c691ce96969d7f3315defd804e16e25ff341224.jpg\" alt=\"\"\/><\/p>\n<p>Perttu Hyv\u00e4risen vauhti kiihtyy. Jussi Saarinen<\/p>\n<p class=\"paragraph\"><strong>Perttu Hyv\u00e4risen<\/strong> huumorintajuinen manageri <strong>Lelu Ojansivu<\/strong> julkaisi sosiaalisessa mediassa itsest\u00e4\u00e4n sangen pys\u00e4ytt\u00e4v\u00e4n <a href=\"https:\/\/www.instagram.com\/p\/DS6_2hFjGDl\/?img_index=3&amp;igsh=MTQ0ZDBnbGM0Z2xvOA%3D%3D\" rel=\"noopener nofollow\" target=\"_blank\">kuvan<\/a>.<\/p>\n<p class=\"paragraph\">Otoksen perusteella entinen lentopalloilija kaipaa parturia ja ulkoilua.<\/p>\n<p class=\"paragraph\">\u2013 Ei helkkari, Hyv\u00e4rinen hym\u00e4ht\u00e4\u00e4 kuvalle.<\/p>\n<p class=\"paragraph\">\u2013 En ole n\u00e4hnyt miest\u00e4 pitk\u00e4\u00e4n aikaan, eik\u00e4 h\u00e4nest\u00e4 ole kuulunut mit\u00e4\u00e4n. H\u00e4n on h\u00e4ipynyt e-urheilun pariin, hiiht\u00e4j\u00e4 virnuilee.<\/p>\n<p class=\"paragraph\">Hyv\u00e4rinen sanoo, ett\u00e4 pian pit\u00e4\u00e4 olla manageriin yhteydess\u00e4.<\/p>\n<p class=\"paragraph\">\u2013 Pit\u00e4\u00e4 soittaa, kun rahat alkavat loppumaan.<\/p>\n<p class=\"paragraph\">Huumori pois.<\/p>\n<p class=\"paragraph\">Menn\u00e4\u00e4n maastohiihtoon.<\/p>\n<p class=\"paragraph\">\u2013 Ihan lopussa olin ok ja nostin sijoja. Alussa olin huono, Hyv\u00e4rinen ruoti Tour de Skin erikoisen etapin 3\/6 j\u00e4lkeen.<\/p>\n<p class=\"paragraph\">H\u00e4n oli viiden kilometrin vapaan er\u00e4massal\u00e4hd\u00f6ss\u00e4 44:s (+14,0).<\/p>\n<p class=\"paragraph\">\u2013 Sama ero k\u00e4rkeen kuin sprintiss\u00e4, mies virnuili.<\/p>\n<p class=\"paragraph\">\u2013 Luulin, ett\u00e4 olen kovempi t\u00e4lle radalle, ett\u00e4 se olisi paljon hapottavampi. Ei kannattanut ampua siihen isoon nousuun, kun katseli edellisi\u00e4 eri\u00e4. Lopussa tehtiin ratkaisut, Hyv\u00e4rinen kertasi.<\/p>\n<p>Pilkahdus<\/p>\n<p>Olli-Pekka \u201dLelu\u201d Ojansivu kuvattuna huhtikuussa 2022. Saimi Airaksinen \/ AOP<\/p>\n<p class=\"paragraph\">Hyv\u00e4rinen on ollut Tour de Skill\u00e4 hyvin pettynyt tuloksiinsa, kunnes vuoden 2025 viimeisen\u00e4 p\u00e4iv\u00e4n\u00e4 irtosi hieman hymy\u00e4.<\/p>\n<p class=\"paragraph\">\u2013 Her\u00e4sin pertsan kisan j\u00e4lkeen maanantaina. Luulin, ett\u00e4 hiihdin tosi huonosti. Mutta ei se niin huono ollut, sijalle 12 perinteisen kympill\u00e4 Toblachissa sivakoinut urheilija tuumi.<\/p>\n<p class=\"paragraph\">Maa- ja mets\u00e4talousmiehen viime talvi meni pilalle terveysmurheiden vuoksi eik\u00e4 t\u00e4m\u00e4 kausi alkanut erityisen makeasti.<\/p>\n<p class=\"paragraph\">\u2013 Pertsaan on jo v\u00e4h\u00e4n luottoa. Vapaalla pit\u00e4\u00e4 pikkasen parantaa. Siihen olen tyytyv\u00e4inen, ett\u00e4 viime kaudella en p\u00e4\u00e4ssyt kuin kerran kohtuulliseen vireeseen. Nyt olo tuntuu mukavalta ja on uskoa siihen, ett\u00e4 pystyy t\u00e4n\u00e4 talvena hiiht\u00e4m\u00e4\u00e4n kovaa.<\/p>\n<p>FAKTATTour de Skin etappi 3\/6, vapaan 5 km er\u00e4massal\u00e4ht\u00f6<\/p>\n<p class=\"paragraph\">1. Gus Schumacher, USA 9.35,4 (er\u00e4 2)<\/p>\n<p class=\"paragraph\">2. Benjamin Moser, AUT +0,2 (2)<\/p>\n<p class=\"paragraph\">3. Lars Heggen, NOR +0,6 (2)<\/p>\n<p class=\"paragraph\">4. Jules Chappaz, FRA +0,7 (2)<\/p>\n<p class=\"paragraph\">5. James Clugnet, GBR +0,7 (2)<\/p>\n<p class=\"paragraph\">6. Michal Novak, CZE +5,4 (2)<\/p>\n<p class=\"paragraph\"><strong>7. Niilo Moilanen +6,0 (2)<\/strong><\/p>\n<p class=\"paragraph\">***<\/p>\n<p class=\"paragraph\"><strong>22. Iivo Niskanen +10,1 (1)<\/strong><\/p>\n<p class=\"paragraph\"><strong>44. Perttu Hyv\u00e4rinen +14,0 (4)<\/strong><\/p>\n<p class=\"paragraph\"><strong>48. Petteri Koivisto +15,2 (4)<\/strong><\/p>\n<p class=\"paragraph\"><strong>62. Niko Anttola +19,8 (1)<\/strong><\/p>\n<p class=\"paragraph\"><strong>83. Lauri Vuorinen +36,2 (2)<\/strong><\/p>\n<p class=\"paragraph\"><strong>88. Joni M\u00e4ki +47,7 (3)<\/strong><\/p>\n<p><a href=\"https:\/\/www.iltalehti.fi\/telkku\/?utm_source=iltalehti.fi&amp;utm_medium=almainternal&amp;utm_campaign=urheilu_artikkelibanneri&amp;utm_content=banner_612_a\" rel=\"nofollow noopener\" target=\"_blank\"><img decoding=\"async\" src=\"https:\/\/www.europesays.com\/fi\/wp-content\/uploads\/2025\/08\/7ef604e47d46ca174b7df4149bd3557dbde56a86d520f8e1b2125548b0a2e03a.png\" alt=\"TV-ohjelmat t\u00e4n\u00e4\u00e4n, TV-opas\"\/><\/a><script async src=\"\/\/www.instagram.com\/embed.js\"><\/script><\/p>\n","protected":false},"excerpt":{"rendered":"Hiiht\u00e4j\u00e4n rahat ovat loppu, kun manageri py\u00f6rii videopeliporukoissa. Perttu Hyv\u00e4risen vauhti kiihtyy. Jussi Saarinen Perttu Hyv\u00e4risen huumorintajuinen manageri&hellip;\n","protected":false},"author":2,"featured_media":129913,"comment_status":"","ping_status":"","sticky":false,"template":"","format":"standard","meta":{"footnotes":""},"categories":[136],"tags":[35,407,137,33,31,30,478,408,41,72,151,32,1145,109],"class_list":{"0":"post-129912","1":"post","2":"type-post","3":"status-publish","4":"format-standard","5":"has-post-thumbnail","7":"category-julkkikset","8":"tag-24h","9":"tag-celebrities","10":"tag-entertainment","11":"tag-fi","12":"tag-finland","13":"tag-finnish","14":"tag-harrastukset","15":"tag-julkkikset","16":"tag-liikunta-ja-urheilu","17":"tag-luonto","18":"tag-sosiaalinen-media-ja-verkostoituminen","19":"tag-suomi","20":"tag-talviurheilu","21":"tag-viihde"},"share_on_mastodon":{"url":"https:\/\/pubeurope.com\/@fi\/115814545656222067","error":""},"_links":{"self":[{"href":"https:\/\/www.europesays.com\/fi\/wp-json\/wp\/v2\/posts\/129912","targetHints":{"allow":["GET"]}}],"collection":[{"href":"https:\/\/www.europesays.com\/fi\/wp-json\/wp\/v2\/posts"}],"about":[{"href":"https:\/\/www.europesays.com\/fi\/wp-json\/wp\/v2\/types\/post"}],"author":[{"embeddable":true,"href":"https:\/\/www.europesays.com\/fi\/wp-json\/wp\/v2\/users\/2"}],"replies":[{"embeddable":true,"href":"https:\/\/www.europesays.com\/fi\/wp-json\/wp\/v2\/comments?post=129912"}],"version-history":[{"count":0,"href":"https:\/\/www.europesays.com\/fi\/wp-json\/wp\/v2\/posts\/129912\/revisions"}],"wp:featuredmedia":[{"embeddable":true,"href":"https:\/\/www.europesays.com\/fi\/wp-json\/wp\/v2\/media\/129913"}],"wp:attachment":[{"href":"https:\/\/www.europesays.com\/fi\/wp-json\/wp\/v2\/media?parent=129912"}],"wp:term":[{"taxonomy":"category","embeddable":true,"href":"https:\/\/www.europesays.com\/fi\/wp-json\/wp\/v2\/categories?post=129912"},{"taxonomy":"post_tag","embeddable":true,"href":"https:\/\/www.europesays.com\/fi\/wp-json\/wp\/v2\/tags?post=129912"}],"curies":[{"name":"wp","href":"https:\/\/api.w.org\/{rel}","templated":true}]}}