{"id":129914,"date":"2025-12-31T14:04:08","date_gmt":"2025-12-31T14:04:08","guid":{"rendered":"https:\/\/www.europesays.com\/fi\/129914\/"},"modified":"2025-12-31T14:04:08","modified_gmt":"2025-12-31T14:04:08","slug":"yle-muistaa-suomirockin-legendaa-lauantain-suorassa-tv-lahetyksessa-pate-mustajarvea-muistelevat-soittokaverit-ja-ystavat-kotimaa","status":"publish","type":"post","link":"https:\/\/www.europesays.com\/fi\/129914\/","title":{"rendered":"Yle muistaa suomirockin legendaa \u2013 lauantain suorassa tv-l\u00e4hetyksess\u00e4 Pate Mustaj\u00e4rve\u00e4 muistelevat soittokaverit ja yst\u00e4v\u00e4t | Kotimaa"},"content":{"rendered":"<p class=\"aw-1gybjub aw-5vja16 kEtdKx kmuxyA yle__article__paragraph\">Pate Mustaj\u00e4rve\u00e4 muistelevat muun muassa musiikkineuvos Epe Helenius sek\u00e4 siskonpoika ja muusikko Jussi Aaltonen. Katja St\u00e5hlin juontama l\u00e4hetys alkaa kello 21.<\/p>\n<p><img decoding=\"async\" alt=\"Suomalainen muusikko Pauli Antero \u201dPate\u201d Mustaj\u00e4rvi.\" src=\"https:\/\/www.europesays.com\/fi\/wp-content\/uploads\/2025\/12\/39-124546065cf4c590900d.jpeg\" class=\"aw-1l9m598 hKVVvP\"\/><\/p>\n<p>Avaa kuvien katselu<\/p>\n<p>Pauli Antero \u201dPate\u201d Mustaj\u00e4rvi 1956\u2013 2025. Kuva on otettu pari vuotta sitten Helsingin Konepajalla. Kuva: Benjamin Suomela \/ Yle<\/p>\n<p class=\"aw-1gybjub aw-1p7kakr kEtdKx cEmitX yle__article__paragraph\">Tapaninp\u00e4iv\u00e4n\u00e4 menehtynytt\u00e4 <strong class=\"aw-ak79eh KyCXm yle__article__strong\">Pauli \u201dPate\u201d Mustaj\u00e4rve\u00e4<\/strong> muistellaan suorassa Ylen tv-l\u00e4hetyksess\u00e4 lauantai-iltana.<\/p>\n<p class=\"aw-1gybjub aw-1p7kakr kEtdKx cEmitX yle__article__paragraph\">Pate Mustaj\u00e4rvi \u2013 suomirockin legenda -l\u00e4hetys kuvataan Tampere-talon pieness\u00e4 salissa. TV2 n\u00e4ytt\u00e4\u00e4 sen suorana kello 21 alkaen, ja l\u00e4hetyst\u00e4 voi seurata my\u00f6s Yle Areenan kautta.<\/p>\n<p class=\"aw-1gybjub aw-1p7kakr kEtdKx cEmitX yle__article__paragraph\">Muistol\u00e4hetyksen p\u00e4\u00e4osassa ovat Paten muusikkoyst\u00e4v\u00e4t ja soittokaverit sek\u00e4 muita muusikon uralle t\u00e4rkeit\u00e4 ihmisi\u00e4.<\/p>\n<p class=\"aw-1gybjub aw-1p7kakr kEtdKx cEmitX yle__article__paragraph\">Suoran l\u00e4hetyksen Tampereelta juontaa <strong class=\"aw-ak79eh KyCXm yle__article__strong\">Katja St\u00e5hl<\/strong>.<\/p>\n<p>Pate-muistot p\u00e4\u00e4osassa<\/p>\n<p class=\"aw-1gybjub aw-1p7kakr kEtdKx cEmitX yle__article__paragraph\">Pate Mustaj\u00e4rvi oli tamperelaisen Popeda-yhtyeen keulakuva, joten muistelemaan tulee esimerkiksi Poko Rekordsin perustaja <strong class=\"aw-ak79eh KyCXm yle__article__strong\">Kari \u201dEpe\u201d Helenius.<\/strong><\/p>\n<p class=\"aw-1gybjub aw-1p7kakr kEtdKx cEmitX yle__article__paragraph\">Helenius on kertonut esimerkiksi, ett\u00e4 meni ensimm\u00e4isen kerran kuuntelemaan Popedaa Pate Mustaj\u00e4rven autotalliin. Ei mennyt tuntiakaan, kun h\u00e4n oli jo valmis allekirjoittamaan levytyssopimuksen yhtyeen kanssa.<\/p>\n<p class=\"aw-1gybjub aw-1p7kakr kEtdKx cEmitX yle__article__paragraph\">L\u00e4hetykseen mukaan ovat lupautuneet my\u00f6s Paten siskonpoika ja soittokaveri <strong class=\"aw-ak79eh KyCXm yle__article__strong\">Jussi Aaltonen,<\/strong> tiedottaja ja yst\u00e4v\u00e4 <strong class=\"aw-ak79eh KyCXm yle__article__strong\">Taija Holm<\/strong>, hovivalokuvaaja <strong class=\"aw-ak79eh KyCXm yle__article__strong\">Harri Hinkka<\/strong>, l\u00e4heinen muusikkoyst\u00e4v\u00e4 <strong class=\"aw-ak79eh KyCXm yle__article__strong\">Matti Mikkonen<\/strong> ja eri vaiheissa Mustaj\u00e4rven monipuolista uraa yhteisty\u00f6t\u00e4 tehneet <strong class=\"aw-ak79eh KyCXm yle__article__strong\">Aku Syrj\u00e4<\/strong> ja <strong class=\"aw-ak79eh KyCXm yle__article__strong\">Jukka Leisti<\/strong>.<\/p>\n<p class=\"aw-1gybjub aw-1p7kakr kEtdKx cEmitX yle__article__paragraph\">L\u00e4hetyksess\u00e4 kuullaan my\u00f6s <strong class=\"aw-ak79eh KyCXm yle__article__strong\">Pauli Hanhiniemen<\/strong> ja muusikko-roudarilegenda <strong class=\"aw-ak79eh KyCXm yle__article__strong\">Ari \u201dRaaka-Arska\u201d Tuomisen<\/strong> muistoja.<\/p>\n<p class=\"aw-1gybjub aw-1p7kakr kEtdKx cEmitX yle__article__paragraph\">\u2013 Lauantain l\u00e4hetys ei ole musiikki-, vaan nimenomaan muisto- ja muistelul\u00e4hetys, sanoo tapahtumap\u00e4\u00e4llikk\u00f6 <strong class=\"aw-ak79eh KyCXm yle__article__strong\">Jyri Kataja-Rahko<\/strong> Ylelt\u00e4.<\/p>\n<p class=\"aw-1gybjub aw-1p7kakr kEtdKx cEmitX yle__article__paragraph\">Muistol\u00e4hetys j\u00e4rjestet\u00e4\u00e4n yhteisty\u00f6ss\u00e4 Tampereen kaupungin kanssa Tampere-talolla. Paikalla yleis\u00f6ss\u00e4 on Mustaj\u00e4rven yst\u00e4vi\u00e4 ja faneja.<\/p>\n<p class=\"aw-1gybjub aw-1p7kakr kEtdKx cEmitX yle__article__paragraph\">Sy\u00f6p\u00e4\u00e4 sairastanut <a class=\"aw-iao6s4 iHOxEa yle__article__link\" href=\"https:\/\/yle.fi\/a\/74-20201507\" role=\"link\" rel=\"nofollow noopener\" target=\"_blank\">Pauli \u201dPate\u201d Mustaj\u00e4rvi menehtyi<\/a> tapaninp\u00e4iv\u00e4n\u00e4. H\u00e4n olisi t\u00e4ytt\u00e4nyt 70 ensi kes\u00e4n\u00e4.<\/p>\n<p><img decoding=\"async\" alt=\"Muistokynttil\u00f6it\u00e4 Pate Mustaj\u00e4rven kotitalon portilla.\" src=\"https:\/\/www.europesays.com\/fi\/wp-content\/uploads\/2025\/12\/39-1574760694ff61740d97.jpeg\" loading=\"lazy\" class=\"aw-1l9m598 hKVVvP\"\/><\/p>\n<p>Avaa kuvien katselu<\/p>\n<p>Pate Mustaj\u00e4rvest\u00e4 puhuttiin ainakin Ikurin turpiinina, Ukkometsona ja rokkikukkona. Muusikon muistaminen alkoi h\u00e4nen kotitalonsa portilla Tampereen Ikurissa heti, kun suru-uutinen tavoitti yleis\u00f6n. Kuva: Petra Ketonen \/ Yle<\/p>\n<p class=\"aw-1gybjub aw-1p7kakr kEtdKx cEmitX yle__article__paragraph\">Pate Mustaj\u00e4rvi \u2013 suomirockin legenda Ylen TV2:lla ja Areenassa lauantaina 3.1. kello 21. L\u00e4hetys tehd\u00e4\u00e4n suorana Tampere-talosta.<\/p>\n<p class=\"aw-1gybjub aw-1p7kakr kEtdKx cEmitX yle__article__paragraph\">Juttua muokattu kello 15.31: Korjattu Epe Heleniusta koskevaa kohtaa. H\u00e4n oli Popedaa julkaisseen Poko Recordsin perustaja, ei tuottaja.<\/p>\n","protected":false},"excerpt":{"rendered":"Pate Mustaj\u00e4rve\u00e4 muistelevat muun muassa musiikkineuvos Epe Helenius sek\u00e4 siskonpoika ja muusikko Jussi Aaltonen. Katja St\u00e5hlin juontama l\u00e4hetys&hellip;\n","protected":false},"author":2,"featured_media":129915,"comment_status":"","ping_status":"","sticky":false,"template":"","format":"standard","meta":{"footnotes":""},"categories":[132],"tags":[137,33,31,30,71,108,12481,6209,195,47,22967,5730,553,32,5257,109,22968],"class_list":{"0":"post-129914","1":"post","2":"type-post","3":"status-publish","4":"format-standard","5":"has-post-thumbnail","7":"category-musiikki","8":"tag-entertainment","9":"tag-fi","10":"tag-finland","11":"tag-finnish","12":"tag-kotimaa","13":"tag-kulttuuri","14":"tag-manserock","15":"tag-muistelu","16":"tag-music","17":"tag-musiikki","18":"tag-muusikkous","19":"tag-pate-mustajarvi","20":"tag-pirkanmaa","21":"tag-suomi","22":"tag-tampere-talo","23":"tag-viihde","24":"tag-yle-tv2"},"share_on_mastodon":{"url":"https:\/\/pubeurope.com\/@fi\/115814561388071293","error":""},"_links":{"self":[{"href":"https:\/\/www.europesays.com\/fi\/wp-json\/wp\/v2\/posts\/129914","targetHints":{"allow":["GET"]}}],"collection":[{"href":"https:\/\/www.europesays.com\/fi\/wp-json\/wp\/v2\/posts"}],"about":[{"href":"https:\/\/www.europesays.com\/fi\/wp-json\/wp\/v2\/types\/post"}],"author":[{"embeddable":true,"href":"https:\/\/www.europesays.com\/fi\/wp-json\/wp\/v2\/users\/2"}],"replies":[{"embeddable":true,"href":"https:\/\/www.europesays.com\/fi\/wp-json\/wp\/v2\/comments?post=129914"}],"version-history":[{"count":0,"href":"https:\/\/www.europesays.com\/fi\/wp-json\/wp\/v2\/posts\/129914\/revisions"}],"wp:featuredmedia":[{"embeddable":true,"href":"https:\/\/www.europesays.com\/fi\/wp-json\/wp\/v2\/media\/129915"}],"wp:attachment":[{"href":"https:\/\/www.europesays.com\/fi\/wp-json\/wp\/v2\/media?parent=129914"}],"wp:term":[{"taxonomy":"category","embeddable":true,"href":"https:\/\/www.europesays.com\/fi\/wp-json\/wp\/v2\/categories?post=129914"},{"taxonomy":"post_tag","embeddable":true,"href":"https:\/\/www.europesays.com\/fi\/wp-json\/wp\/v2\/tags?post=129914"}],"curies":[{"name":"wp","href":"https:\/\/api.w.org\/{rel}","templated":true}]}}