{"id":129922,"date":"2025-12-31T14:12:07","date_gmt":"2025-12-31T14:12:07","guid":{"rendered":"https:\/\/www.europesays.com\/fi\/129922\/"},"modified":"2025-12-31T14:12:07","modified_gmt":"2025-12-31T14:12:07","slug":"datakeskukset-kuormittavat-irlannin-sahkoverkkoa-uutissuomalainen","status":"publish","type":"post","link":"https:\/\/www.europesays.com\/fi\/129922\/","title":{"rendered":"Datakeskukset kuormittavat Irlannin s\u00e4hk\u00f6verkkoa | Uutissuomalainen"},"content":{"rendered":"<p>Irlannissa on yksi maailman nopeimmin kasvavista datakeskusten keskittymist\u00e4, mutta maa on t\u00f6rm\u00e4\u00e4m\u00e4ss\u00e4 kasvun varjopuoliin.<\/p>\n<p>Globaaleja teknologiaj\u00e4ttej\u00e4 palvelevat datakeskukset kuluttavat jo viidenneksen maan s\u00e4hk\u00f6st\u00e4. T\u00e4m\u00e4 on her\u00e4tt\u00e4nyt huolta paitsi Irlannin s\u00e4hk\u00f6verkon vakaudesta my\u00f6s maan p\u00e4\u00e4st\u00f6v\u00e4hennystavoitteiden toteutumisesta.<\/p>\n<p>Irlannista l\u00f6ytyy jo yli 80 datakeskusta. Yhdysvaltalaisen Synergy-tutkimuslaitoksen vuonna 2024 julkaiseman raportin mukaan Irlannin p\u00e4\u00e4kaupunkia Dublinia tihe\u00e4mmin datakeskuksia l\u00f6ytyy vain Yhdysvaltojen Virginian osavaltiosta ja Kiinan Pekingist\u00e4.<\/p>\n<p>Dublinin datakeskusten keskittym\u00e4ss\u00e4 s\u00e4ilytet\u00e4\u00e4n ja k\u00e4sitell\u00e4\u00e4n valtavia m\u00e4\u00e4ri\u00e4 dataa Googlen, Metan, Microsoftin ja Amazonin kaltaisille teknologiaj\u00e4teille.<\/p>\n<p>Datakeskusten talousmoottori on tuonut Irlantiin investointeja ja ty\u00f6paikkoja. Samalla ep\u00e4ilykset ymp\u00e4rist\u00f6vaikutuksista ovat kasvaneet.<\/p>\n<p>\t\t\t\t&#8221;Kest\u00e4m\u00e4t\u00f6n tilanne&#8221;<\/p>\n<p>Ymp\u00e4rist\u00f6j\u00e4rjest\u00f6 Friends of the Earth kuvailee tilannetta kest\u00e4m\u00e4tt\u00f6m\u00e4ksi.<\/p>\n<p>\u2013\u2009Kyseess\u00e4 on yksi aikamme perustavanlaatuisista ilmasto-oikeuden kysymyksist\u00e4, j\u00e4rjest\u00f6n tiedottaja Rosi Leonard kertoi uutistoimisto AFP:lle.<\/p>\n<p>Vuonna 2024 datakeskusten osuus Irlannin mitatusta s\u00e4hk\u00f6nkulutuksesta oli 22 prosenttia. EU:ssa keskim\u00e4\u00e4rin vastaava osuus oli muutaman prosentin.<\/p>\n<p>Irlannin kansallisen s\u00e4hk\u00f6verkkoyhti\u00f6 EirGridin mukaan datakeskusten osuus s\u00e4hk\u00f6nkulutuksesta voi nousta 30 prosenttiin vuoteen 2030 menness\u00e4. Se vastaa kahden miljoonan kotitalouden vuosittaista s\u00e4hk\u00f6nkulutusta.<\/p>\n<p>Energia-analyytikko Wood Mackenzie kertoi AFP:lle hein\u00e4kuussa, ett\u00e4 osa Dublinin datakeskuksista oli jo siirtynyt py\u00f6rim\u00e4\u00e4n varageneraattoreiden voimalla.<\/p>\n<p>Varageneraattorit toimivat yleens\u00e4 kaasulla tai \u00f6ljyll\u00e4. T\u00e4m\u00e4 voi entisest\u00e4\u00e4n hankaloittaa Irlannin mahdollisuuksia ylt\u00e4\u00e4 EU:n vuodelle 2030 asettamiin ilmastotavoitteisiin.<\/p>\n<p>Tavoitteiden saavuttamatta j\u00e4tt\u00e4minen voi johtaa miljardien eurojen sakkoihin.<\/p>\n<p>Friends of the Earth -j\u00e4rjest\u00f6n mukaan datakeskukset kuluttavat my\u00f6s suuren osan maan s\u00e4hk\u00f6verkkoon saatavasta uusiutuvasta energiasta, kuten tuuli- ja aurinkovoimasta.<\/p>\n<p>\u2013\u2009Vaadimme lykk\u00e4yst\u00e4 datakeskusten laajenemiselle, kunnes ne eiv\u00e4t en\u00e4\u00e4 uhkaa ilmastoa ja hiilibudjettiamme, Rosi Leonard j\u00e4rjest\u00f6st\u00e4 sanoi.<\/p>\n<p>\t\t\t\t&#8221;Alamme on limbossa&#8221;<\/p>\n<p>EirGrid suunnittelee laajennuksia kapasiteettiinsa, jotta datakeskusten s\u00e4hk\u00f6nkulutus voitaisiin jatkossa jakaa tasaisemmin. Irlannin hallituksen mukaan s\u00e4hk\u00f6verkkoa ollaan p\u00e4ivitt\u00e4m\u00e4ss\u00e4 viiden vuoden kuluessa.<\/p>\n<p>Asiantuntijat ep\u00e4ilev\u00e4t, vastataanko kysynt\u00e4\u00e4n ajoissa.<\/p>\n<p>Irlannin p\u00e4\u00e4st\u00f6v\u00e4hennystavoitteen n\u00e4k\u00f6kulmasta aikomus laajentaa p\u00e4\u00e4st\u00f6j\u00e4 lis\u00e4\u00e4v\u00e4\u00e4 sektoria ei k\u00e4y j\u00e4rkeen. N\u00e4in n\u00e4kee ilmastonmuutokseen erikoistunut tutkija Barry McMullin Dublin City Universitysta. H\u00e4nen mukaansa datakeskukset eiv\u00e4t liene yhteensopivia maan p\u00e4\u00e4st\u00f6v\u00e4hennystavoitteen kanssa viel\u00e4 vuosikymmeneen.<\/p>\n<p>Vuonna 2024 Dublinin kaupunginvaltuusto hylk\u00e4si esityksen Googlen datakeskuksen rakentamisesta vedoten riitt\u00e4m\u00e4tt\u00f6m\u00e4\u00e4n verkkokapasiteettiin ja uusiutuvan energian puutteeseen.<\/p>\n<p>Datakeskuksia edustavan Digital Infrastructure Ireland (DII) -ryhm\u00e4n mukaan Irlannin vetovoima alalla uhkaa jo hiipua s\u00e4hk\u00f6verkon ja suunnittelun ongelmien vuoksi.<\/p>\n<p>\u2013\u2009Alamme on limbossa, tarvitsemme toimivan s\u00e4hk\u00f6verkon ja selke\u00e4n poliittisen ymp\u00e4rist\u00f6n, DII:n edustaja Maurice Mortell kommentoi.<\/p>\n<p>\t\t\t\tHukkal\u00e4mp\u00f6 hy\u00f6tyk\u00e4ytt\u00f6\u00f6n?<\/p>\n<p>Irlannin hallituksen strategiassa vuodelta 2022 todetaan, ett\u00e4 datakeskusten tulisi tavoitella hiilidioksidip\u00e4\u00e4st\u00f6jen v\u00e4hent\u00e4mist\u00e4 ja nollap\u00e4\u00e4st\u00f6j\u00e4.<\/p>\n<p>Vuonna 2023 k\u00e4ynnistyneess\u00e4 Amazon Web Services (AWS) -pilviyksik\u00f6n ja Dublinin viranomaisten yhteishankkeessa on etsitty kompensointikeinoja datakeskusten negatiivisille ilmastovaikutuksille.<\/p>\n<p>Hankkeessa hukkal\u00e4mp\u00f6\u00e4 on pystytty hy\u00f6dynt\u00e4m\u00e4\u00e4n AWS:n datakeskuksesta l\u00e4heisten toimistojen ja kirjaston l\u00e4mmitt\u00e4miseen. K\u00e4yt\u00e4nt\u00f6\u00e4 suunnitellaan laajennettavaksi satoihin alueen kotitalouksiin.<\/p>\n<p>Voittoa tavoittelemattoman energiayhti\u00f6 Heatworksin projektip\u00e4\u00e4llik\u00f6n Admir Shalan mukaan muutkin datakeskukset pystyisiv\u00e4t samaan.<\/p>\n<p>Tutkija McMullin on skeptinen. Vaadittavaa infrastruktuuria ei h\u00e4nen mukaansa ole. H\u00e4n my\u00f6s huomauttaa, ett\u00e4 datakeskukset toimivat ymp\u00e4ri vuoden, mutta koteja tarvitsee l\u00e4mmitt\u00e4\u00e4 vain kylmin\u00e4 kuukausina.<\/p>\n","protected":false},"excerpt":{"rendered":"Irlannissa on yksi maailman nopeimmin kasvavista datakeskusten keskittymist\u00e4, mutta maa on t\u00f6rm\u00e4\u00e4m\u00e4ss\u00e4 kasvun varjopuoliin. Globaaleja teknologiaj\u00e4ttej\u00e4 palvelevat datakeskukset&hellip;\n","protected":false},"author":2,"featured_media":129923,"comment_status":"","ping_status":"","sticky":false,"template":"","format":"standard","meta":{"footnotes":""},"categories":[14],"tags":[22,23,26,27,33,31,30,17,3880,510,24,25,961,28,29,1567,15,18,21,5340,402,32,19,20,56,16,59,60,61,709],"class_list":{"0":"post-129922","1":"post","2":"type-post","3":"status-publish","4":"format-standard","5":"has-post-thumbnail","7":"category-ulkomaat","8":"tag-breaking-news","9":"tag-breakingnews","10":"tag-featured-news","11":"tag-featurednews","12":"tag-fi","13":"tag-finland","14":"tag-finnish","15":"tag-headlines","16":"tag-julkinen-infrastruktuuri","17":"tag-kiina","18":"tag-latest-news","19":"tag-latestnews","20":"tag-luonnonsuojelu","21":"tag-main-news","22":"tag-mainnews","23":"tag-microsoft","24":"tag-news","25":"tag-otsikot","26":"tag-paauutiset","27":"tag-peking","28":"tag-rakentaminen-kiinteistot","29":"tag-suomi","30":"tag-top-stories","31":"tag-topstories","32":"tag-ulkomaat","33":"tag-uutiset","34":"tag-world","35":"tag-world-news","36":"tag-worldnews","37":"tag-ymparistoasiat"},"share_on_mastodon":{"url":"https:\/\/pubeurope.com\/@fi\/115814592936027084","error":""},"_links":{"self":[{"href":"https:\/\/www.europesays.com\/fi\/wp-json\/wp\/v2\/posts\/129922","targetHints":{"allow":["GET"]}}],"collection":[{"href":"https:\/\/www.europesays.com\/fi\/wp-json\/wp\/v2\/posts"}],"about":[{"href":"https:\/\/www.europesays.com\/fi\/wp-json\/wp\/v2\/types\/post"}],"author":[{"embeddable":true,"href":"https:\/\/www.europesays.com\/fi\/wp-json\/wp\/v2\/users\/2"}],"replies":[{"embeddable":true,"href":"https:\/\/www.europesays.com\/fi\/wp-json\/wp\/v2\/comments?post=129922"}],"version-history":[{"count":0,"href":"https:\/\/www.europesays.com\/fi\/wp-json\/wp\/v2\/posts\/129922\/revisions"}],"wp:featuredmedia":[{"embeddable":true,"href":"https:\/\/www.europesays.com\/fi\/wp-json\/wp\/v2\/media\/129923"}],"wp:attachment":[{"href":"https:\/\/www.europesays.com\/fi\/wp-json\/wp\/v2\/media?parent=129922"}],"wp:term":[{"taxonomy":"category","embeddable":true,"href":"https:\/\/www.europesays.com\/fi\/wp-json\/wp\/v2\/categories?post=129922"},{"taxonomy":"post_tag","embeddable":true,"href":"https:\/\/www.europesays.com\/fi\/wp-json\/wp\/v2\/tags?post=129922"}],"curies":[{"name":"wp","href":"https:\/\/api.w.org\/{rel}","templated":true}]}}