{"id":129926,"date":"2025-12-31T14:14:07","date_gmt":"2025-12-31T14:14:07","guid":{"rendered":"https:\/\/www.europesays.com\/fi\/129926\/"},"modified":"2025-12-31T14:14:07","modified_gmt":"2025-12-31T14:14:07","slug":"ruotsiin-ennustetaan-perjantaille-lumikaaosta-mahdollinen-myos-etela-suomessa-uutisia-lyhyesti","status":"publish","type":"post","link":"https:\/\/www.europesays.com\/fi\/129926\/","title":{"rendered":"Ruotsiin ennustetaan perjantaille lumikaaosta \u2013 mahdollinen my\u00f6s Etel\u00e4-Suomessa | Uutisia lyhyesti"},"content":{"rendered":"<p class=\"aw-1gybjub aw-5vja16 kEtdKx kmuxyA yle__article__paragraph\">Voimakas it\u00e4tuuli saattaa tuoda avoimelta merelt\u00e4 voimakkaan lumipyryn.<\/p>\n<p><img decoding=\"async\" alt=\"Oranssi aurausviitta valtatien penkalla.\" src=\"https:\/\/www.europesays.com\/fi\/wp-content\/uploads\/2025\/12\/39-15751476952607453332.jpeg\" class=\"aw-1l9m598 hKVVvP\"\/><\/p>\n<p>Avaa kuvien katselu<\/p>\n<p>Lumipyry tulisi yhdess\u00e4 voimakkaan tuulen kanssa, jolloin lumi kinostuisi voimakkaasti. Samaan aikaan liikennes\u00e4\u00e4 olisi eritt\u00e4in huono. Kuvituskuva. Kuva: Juha Kemppainen \/ Yle<\/p>\n<p>14:56\u2022P\u00e4ivitetty 15:01<\/p>\n<p class=\"aw-1gybjub aw-1p7kakr kEtdKx cEmitX yle__article__paragraph\">Ruotsin ilmatieteilij\u00e4t varoittavat rajusta lumentulosta perjantaina. Ruotsin keskiosan rannikolle, suunnilleen Porin &#8211; Vaasan korkeudella Pohjanlahden l\u00e4nsirannalla saattaa sataa perjantaina 40 sentti\u00e4 lunta, varoittaa <a class=\"aw-iao6s4 iHOxEa yle__article__link\" href=\"https:\/\/www.svt.se\/nyheter\/inrikes\/efter-johannes-da-slar-nasta-ovader-till-pa-nyarsdagen\" role=\"link\" rel=\"nofollow noopener\" target=\"_blank\">Ruotsin yleisradion SVT:n<\/a> meteorologi <strong class=\"aw-ak79eh KyCXm yle__article__strong\">Tora Tomasdottir<\/strong>.<\/p>\n<p class=\"aw-1gybjub aw-1p7kakr kEtdKx cEmitX yle__article__paragraph\">Lumipyry tulisi yhdess\u00e4 voimakkaan tuulen kanssa, jolloin lumi kinostuisi voimakkaasti. Samaan aikaan liikennes\u00e4\u00e4 olisi eritt\u00e4in huono.<\/p>\n<p class=\"aw-1gybjub aw-1p7kakr kEtdKx cEmitX yle__article__paragraph\">Kysymys on matalapaineesta, jonka keskus osuisi perjantaina Skandinavian etel\u00e4osaan, kertoo Ylen meteorologi <strong class=\"aw-ak79eh KyCXm yle__article__strong\">Anniina Valtonen<\/strong>.<\/p>\n<p class=\"aw-1gybjub aw-1p7kakr kEtdKx cEmitX yle__article__paragraph\">Matalapaine voimistaa it\u00e4tuulta. Koska Pohjanlahti on sula, voi tuuli puhaltaa merelt\u00e4 kosteutta, joka saisi aikaan ankaran lumisateen rannikon tuntumaan.<\/p>\n<p class=\"aw-1gybjub aw-1p7kakr kEtdKx cEmitX yle__article__paragraph\">Sama it\u00e4tuuli tuntuu Suomenlahdella, joka on my\u00f6s avoin. On mahdollista, ett\u00e4 tuuli saa aikaan lumitykki-ilmi\u00f6n, jolloin Etel\u00e4-Suomen rannikolle tulisi perjantaina voimakas lumisade.<\/p>\n<p class=\"aw-1gybjub aw-1p7kakr kEtdKx cEmitX yle__article__paragraph\">Valtonen painottaa, ett\u00e4 perjantain s\u00e4\u00e4ennuste on toistaiseksi viel\u00e4 hyvin ep\u00e4varma. On my\u00f6s mahdollista, ett\u00e4 Etel\u00e4-Suomessa saadaan vain kevytt\u00e4 pakkaslumisadetta.<\/p>\n","protected":false},"excerpt":{"rendered":"Voimakas it\u00e4tuuli saattaa tuoda avoimelta merelt\u00e4 voimakkaan lumipyryn. Avaa kuvien katselu Lumipyry tulisi yhdess\u00e4 voimakkaan tuulen kanssa, jolloin&hellip;\n","protected":false},"author":2,"featured_media":129927,"comment_status":"","ping_status":"","sticky":false,"template":"","format":"standard","meta":{"footnotes":""},"categories":[5],"tags":[22,23,21395,26,27,33,31,30,17,71,24,25,9765,6329,28,29,15,18,21,110,710,1424,5991,32,19,20,1943,56,16],"class_list":{"0":"post-129926","1":"post","2":"type-post","3":"status-publish","4":"format-standard","5":"has-post-thumbnail","7":"category-otsikot","8":"tag-breaking-news","9":"tag-breakingnews","10":"tag-etela-suomi","11":"tag-featured-news","12":"tag-featurednews","13":"tag-fi","14":"tag-finland","15":"tag-finnish","16":"tag-headlines","17":"tag-kotimaa","18":"tag-latest-news","19":"tag-latestnews","20":"tag-lumi","21":"tag-lumimyrskyt","22":"tag-main-news","23":"tag-mainnews","24":"tag-news","25":"tag-otsikot","26":"tag-paauutiset","27":"tag-ruotsi","28":"tag-saa","29":"tag-saaennusteet","30":"tag-suomenlahti","31":"tag-suomi","32":"tag-top-stories","33":"tag-topstories","34":"tag-tuuli","35":"tag-ulkomaat","36":"tag-uutiset"},"share_on_mastodon":{"url":"https:\/\/pubeurope.com\/@fi\/115814600699527022","error":""},"_links":{"self":[{"href":"https:\/\/www.europesays.com\/fi\/wp-json\/wp\/v2\/posts\/129926","targetHints":{"allow":["GET"]}}],"collection":[{"href":"https:\/\/www.europesays.com\/fi\/wp-json\/wp\/v2\/posts"}],"about":[{"href":"https:\/\/www.europesays.com\/fi\/wp-json\/wp\/v2\/types\/post"}],"author":[{"embeddable":true,"href":"https:\/\/www.europesays.com\/fi\/wp-json\/wp\/v2\/users\/2"}],"replies":[{"embeddable":true,"href":"https:\/\/www.europesays.com\/fi\/wp-json\/wp\/v2\/comments?post=129926"}],"version-history":[{"count":0,"href":"https:\/\/www.europesays.com\/fi\/wp-json\/wp\/v2\/posts\/129926\/revisions"}],"wp:featuredmedia":[{"embeddable":true,"href":"https:\/\/www.europesays.com\/fi\/wp-json\/wp\/v2\/media\/129927"}],"wp:attachment":[{"href":"https:\/\/www.europesays.com\/fi\/wp-json\/wp\/v2\/media?parent=129926"}],"wp:term":[{"taxonomy":"category","embeddable":true,"href":"https:\/\/www.europesays.com\/fi\/wp-json\/wp\/v2\/categories?post=129926"},{"taxonomy":"post_tag","embeddable":true,"href":"https:\/\/www.europesays.com\/fi\/wp-json\/wp\/v2\/tags?post=129926"}],"curies":[{"name":"wp","href":"https:\/\/api.w.org\/{rel}","templated":true}]}}