{"id":129930,"date":"2025-12-31T14:33:07","date_gmt":"2025-12-31T14:33:07","guid":{"rendered":"https:\/\/www.europesays.com\/fi\/129930\/"},"modified":"2025-12-31T14:33:07","modified_gmt":"2025-12-31T14:33:07","slug":"presidentti-stubb-xssa-suomen-viranomaiset-ovat-tarkastaneet-aluksen-jota-epaillaan-kaapelivaurion-aiheuttamisesta-suomenlahdella-savon-sanomat","status":"publish","type":"post","link":"https:\/\/www.europesays.com\/fi\/129930\/","title":{"rendered":"Presidentti Stubb X:ss\u00e4: Suomen viranomaiset ovat tarkastaneet aluksen, jota ep\u00e4ill\u00e4\u00e4n kaapelivaurion aiheuttamisesta Suomenlahdella &#8211; Savon Sanomat"},"content":{"rendered":"<ol>\n<li><a href=\"https:\/\/news.google.com\/rss\/articles\/CBMiW0FVX3lxTE14U1pCUVg2Q28xVWJmRUl5TUtDTWhGa2NPMm1Nb3dNZDc2REh5dmJ0TS0ydWFuLVVfU1NSMEhZRDNSb0J1c1p4Sm9DRkw4VWprQ0lVcXBJeGpaY0k?oc=5\" target=\"_blank\" rel=\"nofollow noopener\">Presidentti Stubb X:ss\u00e4: Suomen viranomaiset ovat tarkastaneet aluksen, jota ep\u00e4ill\u00e4\u00e4n kaapelivaurion aiheuttamisesta Suomenlahdella<\/a>&nbsp;&nbsp;Savon Sanomat<\/li>\n<li><a href=\"https:\/\/news.google.com\/rss\/articles\/CBMiW0FVX3lxTE5YbnN4NF9KQ0VCdHQ0Z0xaOHlPSWZLR1BEOVBQNGlDUWJqRU1PRTBwVlZnU3oxZ2VmZ0Z3WmZwa3ZnQm9BOTFMQ0FHdldHX24yRFRTaDlEbzBGR1E?oc=5\" target=\"_blank\" rel=\"nofollow noopener\">Kuopion sataman Luodon taustalla oleva yritys yrityssaneeraukseen<\/a>&nbsp;&nbsp;Savon Sanomat<\/li>\n<li><a href=\"https:\/\/news.google.com\/rss\/articles\/CBMiT0FVX3lxTE93a21tUlprbXN2X2swQVdtWWJjd0lVR0QtU0k1bjJ0elM2bDdDVDhDcXYxem5hTzFTbFpfYmNocEphOXdtOXphbFRpaEVpZ0k?oc=5\" target=\"_blank\" rel=\"nofollow noopener\">Raimo Helminen n\u00e4kee KalPalle n\u00f6yrtyneen SaiPan kadottaneen identiteetti\u00e4\u00e4n: &#8221;Se on tietenkin meik\u00e4l\u00e4isen syy&#8221;<\/a>&nbsp;&nbsp;Etel\u00e4-Saimaa<\/li>\n<li><a href=\"https:\/\/news.google.com\/rss\/articles\/CBMiiwFBVV95cUxNcHY1LUx5UUlCcW9wckNvNzdYaDdMcGk3S25Qb0x4ZDBtcUNpMVNhSFV5cHdyMTBFcGZxdDNzUGNyWjg2aUtDdEViSkx0bXhBaWl6My1MT0N2N0VlSHk3bXhsVG9UZ3oweVBSQUlwOVJiR0RUeXB1SEIzOVNHU3RrYUp2Qkh4OWFwNlpF?oc=5\" target=\"_blank\" rel=\"nofollow noopener\">Raimo Helmiselt\u00e4 karu ulostulo SaiPasta<\/a>&nbsp;&nbsp;mtvuutiset.fi<\/li>\n<li><a href=\"https:\/\/news.google.com\/rss\/articles\/CBMiswJBVV95cUxQTnZMdHNZbTR1VW1QdUFuOVJMMy1fRlNzMWFTQ2lQaW9FYWgzLVozcmo0OXc1ZUNIaThfZTE5Uzg4S2huMzRUQzh3RHljMjRCU2lscmhhOFlGa19uYnQxSHlJUkYtSzBoTElMZE9PUm93amE1a0xwTktwV20wVEU0WGZkZ3pSTEZySGp5LVpid01mM2ZkMV91NWJMbU5jNGNaSG53Mkhra1AzVzNuaTJJNVo3MW53ZGt5REQ1VW4tc3lBSEUydG1EVUJ3dFJqbE94QWtaZmcwYVM0QmpZa1htdjFaRGRGUFNOX3BXcEFNMnNxcGJvQnh2NjVOMV8zVENxV0trMVNmdmUtVDByaVVtY0hieHpONGJ6S05wM09SSjkxUVdMdFBqamZrOHRfNEdrc2Fr?oc=5\" target=\"_blank\" rel=\"nofollow noopener\">Voittomaalin j\u00e4lleen SaiPan verkkoon ly\u00f6nyt Filip Westerlund my\u00f6nt\u00e4\u00e4, ett\u00e4 It\u00e4-Suomen herruudesta kilpaillaan aiempaa enemm\u00e4n<\/a>&nbsp;&nbsp;Jatkoaika.com<\/li>\n<\/ol>\n","protected":false},"excerpt":{"rendered":"Presidentti Stubb X:ss\u00e4: Suomen viranomaiset ovat tarkastaneet aluksen, jota ep\u00e4ill\u00e4\u00e4n kaapelivaurion aiheuttamisesta Suomenlahdella&nbsp;&nbsp;Savon Sanomat Kuopion sataman Luodon taustalla&hellip;\n","protected":false},"author":2,"featured_media":129931,"comment_status":"","ping_status":"","sticky":false,"template":"","format":"standard","meta":{"footnotes":""},"categories":[158],"tags":[3406,33,31,30,863,1708,1707,142,637,159,32,160,638,4645],"class_list":{"0":"post-129930","1":"post","2":"type-post","3":"status-publish","4":"format-standard","5":"has-post-thumbnail","7":"category-urheilu","8":"tag-alexander-stubb","9":"tag-fi","10":"tag-finland","11":"tag-finnish","12":"tag-hallitus","13":"tag-ministeriot-ja-valtioneuvosto","14":"tag-ministerit","15":"tag-poliitikot","16":"tag-politiikka","17":"tag-sports","18":"tag-suomi","19":"tag-urheilu","20":"tag-valtiovalta","21":"tag-viranomaiset"},"share_on_mastodon":{"url":"https:\/\/pubeurope.com\/@fi\/115814675604951606","error":""},"_links":{"self":[{"href":"https:\/\/www.europesays.com\/fi\/wp-json\/wp\/v2\/posts\/129930","targetHints":{"allow":["GET"]}}],"collection":[{"href":"https:\/\/www.europesays.com\/fi\/wp-json\/wp\/v2\/posts"}],"about":[{"href":"https:\/\/www.europesays.com\/fi\/wp-json\/wp\/v2\/types\/post"}],"author":[{"embeddable":true,"href":"https:\/\/www.europesays.com\/fi\/wp-json\/wp\/v2\/users\/2"}],"replies":[{"embeddable":true,"href":"https:\/\/www.europesays.com\/fi\/wp-json\/wp\/v2\/comments?post=129930"}],"version-history":[{"count":0,"href":"https:\/\/www.europesays.com\/fi\/wp-json\/wp\/v2\/posts\/129930\/revisions"}],"wp:featuredmedia":[{"embeddable":true,"href":"https:\/\/www.europesays.com\/fi\/wp-json\/wp\/v2\/media\/129931"}],"wp:attachment":[{"href":"https:\/\/www.europesays.com\/fi\/wp-json\/wp\/v2\/media?parent=129930"}],"wp:term":[{"taxonomy":"category","embeddable":true,"href":"https:\/\/www.europesays.com\/fi\/wp-json\/wp\/v2\/categories?post=129930"},{"taxonomy":"post_tag","embeddable":true,"href":"https:\/\/www.europesays.com\/fi\/wp-json\/wp\/v2\/tags?post=129930"}],"curies":[{"name":"wp","href":"https:\/\/api.w.org\/{rel}","templated":true}]}}