{"id":129939,"date":"2025-12-31T14:40:10","date_gmt":"2025-12-31T14:40:10","guid":{"rendered":"https:\/\/www.europesays.com\/fi\/129939\/"},"modified":"2025-12-31T14:40:10","modified_gmt":"2025-12-31T14:40:10","slug":"taas-kaapeli-rikki-suomenlahdella-syyttaja-rappe-nayttaa-ilmeiselta-etta-rikoksen-mahdollisuus-on-olemassa-kotimaa","status":"publish","type":"post","link":"https:\/\/www.europesays.com\/fi\/129939\/","title":{"rendered":"Taas kaapeli rikki Suomenlahdella \u2013 syytt\u00e4j\u00e4 Rappe: N\u00e4ytt\u00e4\u00e4 ilmeiselt\u00e4, ett\u00e4 rikoksen mahdollisuus on olemassa | Kotimaa"},"content":{"rendered":"<p class=\"aw-1gybjub aw-5vja16 kEtdKx kmuxyA yle__article__paragraph\">Apulaisvaltakunnansyytt\u00e4j\u00e4 Jukka Rappe on m\u00e4\u00e4r\u00e4nnyt esitutkinnan aloitettavaksi Helsingin ja Tallinnan v\u00e4lill\u00e4 vaurioituneen tietoliikennekaapelin takia.<\/p>\n<p><img decoding=\"async\" alt=\"Rajavartiolaitoksen vartiolaiva Turva merell\u00e4, taustalla rahtialus Fitburg.\" src=\"https:\/\/www.europesays.com\/fi\/wp-content\/uploads\/2025\/12\/39-157598669550f5252e04.jpeg\" class=\"aw-1l9m598 hKVVvP\"\/><\/p>\n<p>Avaa kuvien katselu<\/p>\n<p>Rajavartiolaitoksen vartiolaiva Turva merell\u00e4, taustalla rahtialus Fitburg. Kuva: Rajavartiolaitos<\/p>\n<p class=\"aw-1gybjub aw-1p7kakr kEtdKx cEmitX yle__article__paragraph\">Suomen viranomaiset ovat ottaneet haltuun aluksen, jonka <a class=\"aw-iao6s4 iHOxEa yle__article__link\" href=\"https:\/\/yle.fi\/a\/74-20202088\" role=\"link\" rel=\"nofollow noopener\" target=\"_blank\">ep\u00e4ill\u00e4\u00e4n vaurioittaneen <\/a>Elisan tietoliikennekaapelia Helsingin ja Tallinnan v\u00e4lill\u00e4 Suomenlahdella.<\/p>\n<p class=\"aw-1gybjub aw-1p7kakr kEtdKx cEmitX yle__article__paragraph\">Apulaisvaltakunnansyytt\u00e4j\u00e4 <strong class=\"aw-ak79eh KyCXm yle__article__strong\">Jukka Rappe<\/strong> on m\u00e4\u00e4r\u00e4nnyt tapauksesta aloitettavaksi esitutkinnan, jonka tekee keskusrikospoliisi.<\/p>\n<p class=\"aw-1gybjub aw-1p7kakr kEtdKx cEmitX yle__article__paragraph\">\u2013 Rahtialuksen ep\u00e4ill\u00e4\u00e4n katkaisseen datakaapelin olosuhteissa, joissa nyt n\u00e4ytti ilmeiselt\u00e4, ett\u00e4 my\u00f6s rikoksen mahdollisuus on olemassa, Rappe sanoo Ylelle.<\/p>\n<p class=\"aw-1gybjub aw-1p7kakr kEtdKx cEmitX yle__article__paragraph\">Rappe sanoo, ett\u00e4 kaikki mahdollisuudet ovat viel\u00e4 auki, ja kyseess\u00e4 voi olla my\u00f6s vahinko. Poliisi tutkii tapahtumia t\u00e4ss\u00e4 vaiheessa rikosnimikkeill\u00e4 ep\u00e4ilty t\u00f6rke\u00e4 vahingonteko, ep\u00e4ilty t\u00f6rke\u00e4n vahingonteon yritys ja ep\u00e4ilty t\u00f6rke\u00e4 tietoliikenteen h\u00e4irint\u00e4.<\/p>\n<p class=\"aw-1gybjub aw-1p7kakr kEtdKx cEmitX yle__article__paragraph\">Jos rikoksesta on kysymys, tulee Rappen mukaan viel\u00e4 selvitett\u00e4v\u00e4ksi, onko tapaus sellainen, mihin Suomella on laink\u00e4ytt\u00f6valtaa.<\/p>\n<p class=\"aw-1gybjub aw-1p7kakr kEtdKx cEmitX yle__article__paragraph\">Elisan ilmoittama kaapelin vaurioitumispaikka sijaitsee Viron talousvy\u00f6hykkeell\u00e4, eli Suomen alueen ulkopuolella.<\/p>\n<p class=\"aw-1gybjub aw-1p7kakr kEtdKx cEmitX yle__article__paragraph\">Rappen mukaan rikosoikeuden n\u00e4k\u00f6kulmasta on pohdittava, ovatko mahdollisella rikoksella aiheutetut vahingot realisoituneet Suomessa, mik\u00e4 toisi sen suoraan Suomen laink\u00e4ytt\u00f6vallan alle. Toinen vaihtoehto on, ett\u00e4 kaapelin omistajalle on aiheutunut sellaista vahinkoa, ett\u00e4 sit\u00e4 kautta Suomi saisi tuomiovallan.<\/p>\n<p class=\"aw-1gybjub aw-1p7kakr kEtdKx cEmitX yle__article__paragraph\">Rappe muistuttaa, ett\u00e4 edelleen kesken olevassa Eagle S -tapauksen oikeudenk\u00e4ynniss\u00e4 kiistell\u00e4\u00e4n siit\u00e4, onko tuomiovaltaa vai eik\u00f6 ole.<\/p>\n<p class=\"aw-1gybjub aw-1p7kakr kEtdKx cEmitX yle__article__paragraph\">\u2013 Kysymykset ovat hankalia, Rappe sanoo.<\/p>\n<p class=\"aw-1gybjub aw-1p7kakr kEtdKx cEmitX yle__article__paragraph\">Eagle S -\u00f6ljytankkeri katkaisi joulup\u00e4iv\u00e4n\u00e4 vuonna 2024 viisi kaapelia Suomenlahdella.<\/p>\n<p class=\"aw-1gybjub aw-1p7kakr kEtdKx cEmitX yle__article__paragraph\">Helsingin k\u00e4r\u00e4j\u00e4oikeus <a class=\"aw-iao6s4 iHOxEa yle__article__link\" href=\"https:\/\/yle.fi\/a\/74-20186821\" role=\"link\" rel=\"nofollow noopener\" target=\"_blank\">katsoi lokakuussa<\/a>, ett\u00e4 sill\u00e4 ei ole toimivaltaa Eagle S -aluksen p\u00e4\u00e4llyst\u00f6n syytteen k\u00e4sittelyyn. Oikeuden mukaan rikostapausta ei voi k\u00e4sitell\u00e4 suomalaisessa tuomioistuimessa, koska v\u00e4itetyt rikokset on tehty ennen aluksen saapumista Suomen aluevesille.<\/p>\n<p class=\"aw-1gybjub aw-1p7kakr kEtdKx cEmitX yle__article__paragraph\">Rappen mukaan seuraava askel tuoreessa tapauksessa on nyt se, ett\u00e4 poliisi suorittaa esitutkintaa ja on tiedottamisvastuussa.<\/p>\n","protected":false},"excerpt":{"rendered":"Apulaisvaltakunnansyytt\u00e4j\u00e4 Jukka Rappe on m\u00e4\u00e4r\u00e4nnyt esitutkinnan aloitettavaksi Helsingin ja Tallinnan v\u00e4lill\u00e4 vaurioituneen tietoliikennekaapelin takia. Avaa kuvien katselu Rajavartiolaitoksen&hellip;\n","protected":false},"author":2,"featured_media":129940,"comment_status":"","ping_status":"","sticky":false,"template":"","format":"standard","meta":{"footnotes":""},"categories":[5],"tags":[22,23,26,27,33,31,30,17,1965,71,24,25,28,29,4249,15,18,21,1263,5991,32,19,20,16],"class_list":{"0":"post-129939","1":"post","2":"type-post","3":"status-publish","4":"format-standard","5":"has-post-thumbnail","7":"category-otsikot","8":"tag-breaking-news","9":"tag-breakingnews","10":"tag-featured-news","11":"tag-featurednews","12":"tag-fi","13":"tag-finland","14":"tag-finnish","15":"tag-headlines","16":"tag-itameri","17":"tag-kotimaa","18":"tag-latest-news","19":"tag-latestnews","20":"tag-main-news","21":"tag-mainnews","22":"tag-merikaapeli","23":"tag-news","24":"tag-otsikot","25":"tag-paauutiset","26":"tag-rikosepailyt","27":"tag-suomenlahti","28":"tag-suomi","29":"tag-top-stories","30":"tag-topstories","31":"tag-uutiset"},"share_on_mastodon":{"url":"https:\/\/pubeurope.com\/@fi\/115814702965971355","error":""},"_links":{"self":[{"href":"https:\/\/www.europesays.com\/fi\/wp-json\/wp\/v2\/posts\/129939","targetHints":{"allow":["GET"]}}],"collection":[{"href":"https:\/\/www.europesays.com\/fi\/wp-json\/wp\/v2\/posts"}],"about":[{"href":"https:\/\/www.europesays.com\/fi\/wp-json\/wp\/v2\/types\/post"}],"author":[{"embeddable":true,"href":"https:\/\/www.europesays.com\/fi\/wp-json\/wp\/v2\/users\/2"}],"replies":[{"embeddable":true,"href":"https:\/\/www.europesays.com\/fi\/wp-json\/wp\/v2\/comments?post=129939"}],"version-history":[{"count":0,"href":"https:\/\/www.europesays.com\/fi\/wp-json\/wp\/v2\/posts\/129939\/revisions"}],"wp:featuredmedia":[{"embeddable":true,"href":"https:\/\/www.europesays.com\/fi\/wp-json\/wp\/v2\/media\/129940"}],"wp:attachment":[{"href":"https:\/\/www.europesays.com\/fi\/wp-json\/wp\/v2\/media?parent=129939"}],"wp:term":[{"taxonomy":"category","embeddable":true,"href":"https:\/\/www.europesays.com\/fi\/wp-json\/wp\/v2\/categories?post=129939"},{"taxonomy":"post_tag","embeddable":true,"href":"https:\/\/www.europesays.com\/fi\/wp-json\/wp\/v2\/tags?post=129939"}],"curies":[{"name":"wp","href":"https:\/\/api.w.org\/{rel}","templated":true}]}}