{"id":129941,"date":"2025-12-31T14:52:08","date_gmt":"2025-12-31T14:52:08","guid":{"rendered":"https:\/\/www.europesays.com\/fi\/129941\/"},"modified":"2025-12-31T14:52:08","modified_gmt":"2025-12-31T14:52:08","slug":"laulaja-adele-vetaytyi-julkisuudesta-talta-han-nayttaa-nyt-kuvat","status":"publish","type":"post","link":"https:\/\/www.europesays.com\/fi\/129941\/","title":{"rendered":"Laulaja Adele vet\u00e4ytyi julkisuudesta: T\u00e4lt\u00e4 h\u00e4n n\u00e4ytt\u00e4\u00e4 nyt &#8211; kuvat!"},"content":{"rendered":"<p class=\"article-content article-content-width !bg-background\">Brittil\u00e4inen laulaja-lauluntekij\u00e4 <a alt=\"Haku\" class=\"text-primary-red font-extrabold\" href=\"https:\/\/www.seiska.fi\/haku?q=Adele\" rel=\"nofollow noopener\" target=\"_blank\">Adele<\/a> (oik. <a alt=\"Haku\" class=\"text-primary-red font-extrabold\" href=\"https:\/\/www.seiska.fi\/haku?q=Adele Adkins\" rel=\"nofollow noopener\" target=\"_blank\">Adele Adkins<\/a>) on ker\u00e4nnyt uransa aikana 16 Grammy-palkintoa. Syksyll\u00e4 2024 h\u00e4n kuitenkin ilmoitti j\u00e4\u00e4v\u00e4ns\u00e4 m\u00e4\u00e4rittelem\u00e4tt\u00f6m\u00e4n mittaiselle tauolle kaksivuotisen Las Vegasin residenssins\u00e4 p\u00e4\u00e4tytty\u00e4.\u00a0<\/p>\n<p class=\"article-content article-content-width !bg-background\">Adele totesi faneilleen, ettei tule n\u00e4kem\u00e4\u00e4n n\u00e4it\u00e4 uskomattoman pitk\u00e4\u00e4n aikaan. Kuluneen vuoden aikana Adele onkin onnistunut pysym\u00e4\u00e4n pitk\u00e4lti poissa valokeilasta superstaran statuksestaan huolimatta.\u00a0<\/p>\n<p>                <img decoding=\"async\" src=\"https:\/\/www.europesays.com\/fi\/wp-content\/uploads\/2025\/12\/2034103.webp.jpeg\" width=\"576\" height=\"696\" alt=\"Adele on ollut viime vuosina esill\u00e4 musiikkinsa lis\u00e4ksi my\u00f6s muodonmuutoksensa takia.\" loading=\"lazy\" \/>            <\/p>\n<p>\n            Adele on ollut viime vuosina esill\u00e4 musiikkinsa lis\u00e4ksi my\u00f6s muodonmuutoksensa takia.<br \/>\n            AOP\n        <\/p>\n<p class=\"article-content article-content-width !bg-background\">Syksyll\u00e4 Skyfall-laulaja bongattiin illastamassa Los Angelesilaisessa ravintolassa puolisonsa <a alt=\"Haku\" class=\"text-primary-red font-extrabold\" href=\"https:\/\/www.seiska.fi\/haku?q=Rich Paulin\" rel=\"nofollow noopener\" target=\"_blank\">Rich Paulin<\/a> kanssa. H\u00e4n piipahti lokakuussa my\u00f6s Formula 1 -varikolla Teksasissa.\u00a0<\/p>\n<p>Piilotti kasvonsa joulujuhlissa<\/p>\n<p class=\"article-content article-content-width !bg-background\">Joulukuussa Adelesta saatiin j\u00e4lleen silminn\u00e4kij\u00e4havaintoja. H\u00e4n poistui Hollywoodissa sijaitsevasta Sunset Tower -hotellista yhdess\u00e4 Richin sek\u00e4 lasten kanssa. Perheen kerrotaan olleen majoituslaitoksessa joulunvietossa.\u00a0<\/p>\n<p class=\"article-content article-content-width !bg-background\">Adele olikin sonnustautunut jouluisen punaiseen neuleeseen. Suuremman huomion vei kuitenkin laulajan kasvoja peitt\u00e4v\u00e4 hengityssuojain.\u00a0<\/p>\n<p>                <img decoding=\"async\" src=\"https:\/\/www.europesays.com\/fi\/wp-content\/uploads\/2025\/12\/2034109.webp.jpeg\" width=\"576\" height=\"720\" alt=\"Adele luotti jouluna varsin rentoon asukokonaisuuteen.\" loading=\"lazy\" \/>            <\/p>\n<p>\n            Adele luotti jouluna varsin rentoon asukokonaisuuteen.<br \/>\n            AOP\n        <\/p>\n<p class=\"article-content article-content-width !bg-background\">Musta maski muistuttaa muutaman vuoden takaisesta pandemiasta. Paparazzeilta piilottelun sijaan Adele saattoikin haluta suojata muita juhlijoita mahdolliselta flunssalta.\u00a0<\/p>\n<p>Onnellinen uusperhe<\/p>\n<p class=\"article-content article-content-width !bg-background\">Adele, 37, ja urheiluagenttina ty\u00f6skentelev\u00e4 Rich ovat olleet yhdess\u00e4 viitisen vuotta. Elokuussa 2024 laulaja kertoi pariskunnan olevan kihloissa.\u00a0<\/p>\n<p class=\"article-content article-content-width !bg-background\">Uusperheeseen kuuluvat my\u00f6s Adelen 13-vuotias <a alt=\"Haku\" class=\"text-primary-red font-extrabold\" href=\"https:\/\/www.seiska.fi\/haku?q=Angelo\" rel=\"nofollow noopener\" target=\"_blank\">Angelo<\/a>-poika sek\u00e4 Richin kolme lasta aiemmasta suhteesta.\u00a0<\/p>\n<p>                <img decoding=\"async\" src=\"https:\/\/www.europesays.com\/fi\/wp-content\/uploads\/2025\/12\/2034117.webp.jpeg\" width=\"576\" height=\"322\" alt=\"Adele ja Rich pakkasivat itsens\u00e4 ja j\u00e4lkikasvunsa autoon.\" loading=\"lazy\" \/>            <\/p>\n<p>\n            Adele ja Rich pakkasivat itsens\u00e4 ja j\u00e4lkikasvunsa autoon.<br \/>\n            AOP\n        <\/p>\n<p class=\"article-content article-content-width !bg-background\">Adele oli aiemmin naimisissa yritt\u00e4j\u00e4 <a alt=\"Haku\" class=\"text-primary-red font-extrabold\" href=\"https:\/\/www.seiska.fi\/haku?q=Simon Koneckin\" rel=\"nofollow noopener\" target=\"_blank\">Simon Koneckin<\/a> kanssa.\u00a0 Ex-pari erosi virallisesti vuonna 2021, mutta asumuseroa oli tuolloin kest\u00e4nyt jo useamman vuoden.\u00a0<\/p>\n","protected":false},"excerpt":{"rendered":"Brittil\u00e4inen laulaja-lauluntekij\u00e4 Adele (oik. Adele Adkins) on ker\u00e4nnyt uransa aikana 16 Grammy-palkintoa. Syksyll\u00e4 2024 h\u00e4n kuitenkin ilmoitti j\u00e4\u00e4v\u00e4ns\u00e4&hellip;\n","protected":false},"author":2,"featured_media":129942,"comment_status":"","ping_status":"","sticky":false,"template":"","format":"standard","meta":{"footnotes":""},"categories":[136],"tags":[13488,407,137,33,31,30,7361,408,2682,8489,4436,2927,23046,32,12170,10949,109],"class_list":{"0":"post-129941","1":"post","2":"type-post","3":"status-publish","4":"format-standard","5":"has-post-thumbnail","7":"category-julkkikset","8":"tag-adele","9":"tag-celebrities","10":"tag-entertainment","11":"tag-fi","12":"tag-finland","13":"tag-finnish","14":"tag-grammy-palkinnot","15":"tag-julkkikset","16":"tag-kauneus","17":"tag-las-vegas","18":"tag-muodonmuutos","19":"tag-puoliso","20":"tag-rich-paul","21":"tag-suomi","22":"tag-tauko","23":"tag-uusperhe","24":"tag-viihde"},"share_on_mastodon":{"url":"https:\/\/pubeurope.com\/@fi\/115814750218837986","error":""},"_links":{"self":[{"href":"https:\/\/www.europesays.com\/fi\/wp-json\/wp\/v2\/posts\/129941","targetHints":{"allow":["GET"]}}],"collection":[{"href":"https:\/\/www.europesays.com\/fi\/wp-json\/wp\/v2\/posts"}],"about":[{"href":"https:\/\/www.europesays.com\/fi\/wp-json\/wp\/v2\/types\/post"}],"author":[{"embeddable":true,"href":"https:\/\/www.europesays.com\/fi\/wp-json\/wp\/v2\/users\/2"}],"replies":[{"embeddable":true,"href":"https:\/\/www.europesays.com\/fi\/wp-json\/wp\/v2\/comments?post=129941"}],"version-history":[{"count":0,"href":"https:\/\/www.europesays.com\/fi\/wp-json\/wp\/v2\/posts\/129941\/revisions"}],"wp:featuredmedia":[{"embeddable":true,"href":"https:\/\/www.europesays.com\/fi\/wp-json\/wp\/v2\/media\/129942"}],"wp:attachment":[{"href":"https:\/\/www.europesays.com\/fi\/wp-json\/wp\/v2\/media?parent=129941"}],"wp:term":[{"taxonomy":"category","embeddable":true,"href":"https:\/\/www.europesays.com\/fi\/wp-json\/wp\/v2\/categories?post=129941"},{"taxonomy":"post_tag","embeddable":true,"href":"https:\/\/www.europesays.com\/fi\/wp-json\/wp\/v2\/tags?post=129941"}],"curies":[{"name":"wp","href":"https:\/\/api.w.org\/{rel}","templated":true}]}}