{"id":129945,"date":"2025-12-31T15:00:08","date_gmt":"2025-12-31T15:00:08","guid":{"rendered":"https:\/\/www.europesays.com\/fi\/129945\/"},"modified":"2025-12-31T15:00:08","modified_gmt":"2025-12-31T15:00:08","slug":"regina-koivuviita-luovutti-yrityksensa-minialleen-tinjalle-olisi-todella-vaikeaa-lopettaa-toisen-elamantyo","status":"publish","type":"post","link":"https:\/\/www.europesays.com\/fi\/129945\/","title":{"rendered":"Regina Koivuviita luovutti yrityksens\u00e4 mini\u00e4lleen Tinjalle: \u201dOlisi todella vaikeaa lopettaa toisen el\u00e4m\u00e4nty\u00f6\u201d"},"content":{"rendered":"<p><img decoding=\"async\" src=\"https:\/\/www.europesays.com\/fi\/wp-content\/uploads\/2025\/12\/1767193208_813_978.jpg\" alt=\"Tinja Koivuviita tuli ensimm\u00e4isen kerran kes\u00e4t\u00f6ihin anoppinsa Regina Koivuviidan liikkeeseen teini-ik\u00e4isen\u00e4. Ensimm\u00e4isest\u00e4 ty\u00f6p\u00e4iv\u00e4st\u00e4 h\u00e4n ei paljoa muista. \u201d Sen muistan, ett\u00e4 sain Reginalta palkan lis\u00e4ksi alusasusetin.\u201d \" class=\"_Img_1rerz_1\" style=\"aspect-ratio:1.5011727912431587\" loading=\"eager\"\/><\/p>\n<p class=\"article-picture-caption\">Tinja Koivuviita tuli ensimm\u00e4isen kerran kes\u00e4t\u00f6ihin anoppinsa Regina Koivuviidan liikkeeseen teini-ik\u00e4isen\u00e4. Ensimm\u00e4isest\u00e4 ty\u00f6p\u00e4iv\u00e4st\u00e4 h\u00e4n ei paljoa muista. \u201d Sen muistan, ett\u00e4 sain Reginalta palkan lis\u00e4ksi alusasusetin.\u201d  Kuva:\u00a0Pinja Sarkkinen<\/p>\n<p>Regina Koivuviita on luottanut yrityksens\u00e4 huoletta mini\u00e4ns\u00e4 k\u00e4siin. Yhden t\u00e4rke\u00e4n asian h\u00e4n on kuitenkin halunnut opettaa.<\/p>\n<p class=\"article-body mb-nof-24 px-nof-16\">Rauma<\/p>\n<p class=\"article-body mb-nof-24 px-nof-16\">V\u00e4lill\u00e4 takahuoneesta kuuluvaa kovaa kuorsausta t\u00e4ytyy selitell\u00e4, sill\u00e4 se kaikuu myym\u00e4l\u00e4\u00e4n asti. Vastauksen kuultuaan asiakkaat l\u00e4hinn\u00e4 nauravat.<\/p>\n<p class=\"article-body mb-nof-24 px-nof-16\">Nyt vakipaikka on tyhj\u00e4.<\/p>\n<p class=\"article-body mb-nof-24 px-nof-16\">\u201dKaneli viett\u00e4\u00e4 nyt talvilomaa\u201d, <a class=\"font-bold underline-offset-[0.12em] [text-decoration:var(--person-link-text-decoration)] ![text-decoration-color:var(--person-link-text-decoration-color)]\" href=\"https:\/\/www.satakunnankansa.fi\/haku\/?query=Tinja%20Koivuviita\" rel=\"nofollow noopener\" target=\"_blank\">Tinja Koivuviita<\/a> naurahtaa.<\/p>\n<p class=\"article-body mb-nof-24 px-nof-16\">\u201dSe on meid\u00e4n kaikkien vauva. Ihanaa, kun saadaan se aina v\u00e4lill\u00e4 vieraaksi\u201d, <a class=\"font-bold underline-offset-[0.12em] [text-decoration:var(--person-link-text-decoration)] ![text-decoration-color:var(--person-link-text-decoration-color)]\" href=\"https:\/\/www.satakunnankansa.fi\/haku\/?query=Regina%20Koivuviita\" rel=\"nofollow noopener\" target=\"_blank\">Regina Koivuviita<\/a> jatkaa.<\/p>\n","protected":false},"excerpt":{"rendered":"Tinja Koivuviita tuli ensimm\u00e4isen kerran kes\u00e4t\u00f6ihin anoppinsa Regina Koivuviidan liikkeeseen teini-ik\u00e4isen\u00e4. Ensimm\u00e4isest\u00e4 ty\u00f6p\u00e4iv\u00e4st\u00e4 h\u00e4n ei paljoa muista. \u201d&hellip;\n","protected":false},"author":2,"featured_media":129946,"comment_status":"","ping_status":"","sticky":false,"template":"","format":"standard","meta":{"footnotes":""},"categories":[130],"tags":[137,33,31,30,80,32,109],"class_list":{"0":"post-129945","1":"post","2":"type-post","3":"status-publish","4":"format-standard","5":"has-post-thumbnail","7":"category-viihde","8":"tag-entertainment","9":"tag-fi","10":"tag-finland","11":"tag-finnish","12":"tag-satakunnan-kansa","13":"tag-suomi","14":"tag-viihde"},"share_on_mastodon":{"url":"https:\/\/pubeurope.com\/@fi\/115814781602432550","error":""},"_links":{"self":[{"href":"https:\/\/www.europesays.com\/fi\/wp-json\/wp\/v2\/posts\/129945","targetHints":{"allow":["GET"]}}],"collection":[{"href":"https:\/\/www.europesays.com\/fi\/wp-json\/wp\/v2\/posts"}],"about":[{"href":"https:\/\/www.europesays.com\/fi\/wp-json\/wp\/v2\/types\/post"}],"author":[{"embeddable":true,"href":"https:\/\/www.europesays.com\/fi\/wp-json\/wp\/v2\/users\/2"}],"replies":[{"embeddable":true,"href":"https:\/\/www.europesays.com\/fi\/wp-json\/wp\/v2\/comments?post=129945"}],"version-history":[{"count":0,"href":"https:\/\/www.europesays.com\/fi\/wp-json\/wp\/v2\/posts\/129945\/revisions"}],"wp:featuredmedia":[{"embeddable":true,"href":"https:\/\/www.europesays.com\/fi\/wp-json\/wp\/v2\/media\/129946"}],"wp:attachment":[{"href":"https:\/\/www.europesays.com\/fi\/wp-json\/wp\/v2\/media?parent=129945"}],"wp:term":[{"taxonomy":"category","embeddable":true,"href":"https:\/\/www.europesays.com\/fi\/wp-json\/wp\/v2\/categories?post=129945"},{"taxonomy":"post_tag","embeddable":true,"href":"https:\/\/www.europesays.com\/fi\/wp-json\/wp\/v2\/tags?post=129945"}],"curies":[{"name":"wp","href":"https:\/\/api.w.org\/{rel}","templated":true}]}}