{"id":129949,"date":"2025-12-31T15:04:07","date_gmt":"2025-12-31T15:04:07","guid":{"rendered":"https:\/\/www.europesays.com\/fi\/129949\/"},"modified":"2025-12-31T15:04:07","modified_gmt":"2025-12-31T15:04:07","slug":"zelenskyille-tiukka-varoitus-iltalehti","status":"publish","type":"post","link":"https:\/\/www.europesays.com\/fi\/129949\/","title":{"rendered":"Zelenskyille tiukka varoitus &#8211; Iltalehti"},"content":{"rendered":"<ol>\n<li><a href=\"https:\/\/news.google.com\/rss\/articles\/CBMifEFVX3lxTE9zZDUtVE9PR2duLVhQakNUaEVUU1NLUW5fR3FPdTBFRVlZNDdpdzEtRVJlZEhXNVRVbHVSZGc3T3RUZEJwdFFDMm01TmZpOWNjS2JLQkNwNDJ3QVlVNkhQN1BmTFJPVzlQMjAyaFp4STBEYjNDV0dpNjdPSW4?oc=5\" target=\"_blank\" rel=\"nofollow noopener\">Zelenskyille tiukka varoitus<\/a>&nbsp;&nbsp;Iltalehti<\/li>\n<li><a href=\"https:\/\/news.google.com\/rss\/articles\/CBMiXEFVX3lxTE56RW0xcG5tQUhzNE9lOHlUenhZakw5MTFaZlRGNmVvX29wUjY0TXJ1NHg1UEpYNHNTcENHTzQ1ZklsLURXT3NEa3l4ZDROX19adzJDX1NacThDM1FC?oc=5\" target=\"_blank\" rel=\"nofollow noopener\">Ukraina | NYT: Tapaaminen Zelenskyin kanssa muuttui hetkess\u00e4, kun Trump soitti ukrainalaismissille<\/a>&nbsp;&nbsp;HS.fi<\/li>\n<li><a href=\"https:\/\/news.google.com\/rss\/articles\/CBMiXkFVX3lxTE9WM256el9XeUJHRGJGZmxidEdFM0pGQkd2SDRvS1JIUnF0TTlOMUlxNmZTc3BOSkUyZ1VVUUJlam53MExWd2h5d1UtcHRveWU4aG5DV3hHQXlhSHVINnc?oc=5\" target=\"_blank\" rel=\"nofollow noopener\">Macronilta merkitt\u00e4v\u00e4 ilmoitus Trumpin ja Zelenskyin tapaamisen j\u00e4lkeen<\/a>&nbsp;&nbsp;Ilta-Sanomat<\/li>\n<li><a href=\"https:\/\/news.google.com\/rss\/articles\/CBMie0FVX3lxTFB3R0N5UzFIelNyaTJBV21BX1RXYThmbm52ZnlmR3ZlUVExRmdlVUhrXy0yYWc3UVM1bmFYdVBucl9rc3Iyemo0Zm9lWTkxTmVkQXVKT2w3c2xUWlNfeHdDYkNhQ2dMUnhNakJzT08xdmZNQk82eGF1djlDZw?oc=5\" target=\"_blank\" rel=\"nofollow noopener\">J\u00e4rkytys levi\u00e4\u00e4: Trumpilta \u201duskomaton lausunto\u201d Putinista ja Ukrainasta<\/a>&nbsp;&nbsp;Uusi Suomi<\/li>\n<li><a href=\"https:\/\/news.google.com\/rss\/articles\/CBMiQkFVX3lxTE5ra0s5a1E0ci1NZjZUTzBZdFN5Y2N3Y0lZVDYzWnJOUXcxTjhLMHVPMWxiR0k5dm5KZUs5Tno3UURiUQ?oc=5\" target=\"_blank\" rel=\"nofollow noopener\">Stubb keskusteli Zelenskyin kanssa<\/a>&nbsp;&nbsp;Yle<\/li>\n<\/ol>\n","protected":false},"excerpt":{"rendered":"Zelenskyille tiukka varoitus&nbsp;&nbsp;Iltalehti Ukraina | NYT: Tapaaminen Zelenskyin kanssa muuttui hetkess\u00e4, kun Trump soitti ukrainalaismissille&nbsp;&nbsp;HS.fi Macronilta merkitt\u00e4v\u00e4 ilmoitus&hellip;\n","protected":false},"author":2,"featured_media":129950,"comment_status":"","ping_status":"","sticky":false,"template":"","format":"standard","meta":{"footnotes":""},"categories":[14],"tags":[35,22,23,26,27,33,31,30,17,24,25,28,29,15,18,21,142,639,637,144,32,19,20,56,16,638,59,60,61],"class_list":{"0":"post-129949","1":"post","2":"type-post","3":"status-publish","4":"format-standard","5":"has-post-thumbnail","7":"category-ulkomaat","8":"tag-24h","9":"tag-breaking-news","10":"tag-breakingnews","11":"tag-featured-news","12":"tag-featurednews","13":"tag-fi","14":"tag-finland","15":"tag-finnish","16":"tag-headlines","17":"tag-latest-news","18":"tag-latestnews","19":"tag-main-news","20":"tag-mainnews","21":"tag-news","22":"tag-otsikot","23":"tag-paauutiset","24":"tag-poliitikot","25":"tag-poliittiset-johtajat","26":"tag-politiikka","27":"tag-presidentti","28":"tag-suomi","29":"tag-top-stories","30":"tag-topstories","31":"tag-ulkomaat","32":"tag-uutiset","33":"tag-valtiovalta","34":"tag-world","35":"tag-world-news","36":"tag-worldnews"},"share_on_mastodon":{"url":"https:\/\/pubeurope.com\/@fi\/115814797409253590","error":""},"_links":{"self":[{"href":"https:\/\/www.europesays.com\/fi\/wp-json\/wp\/v2\/posts\/129949","targetHints":{"allow":["GET"]}}],"collection":[{"href":"https:\/\/www.europesays.com\/fi\/wp-json\/wp\/v2\/posts"}],"about":[{"href":"https:\/\/www.europesays.com\/fi\/wp-json\/wp\/v2\/types\/post"}],"author":[{"embeddable":true,"href":"https:\/\/www.europesays.com\/fi\/wp-json\/wp\/v2\/users\/2"}],"replies":[{"embeddable":true,"href":"https:\/\/www.europesays.com\/fi\/wp-json\/wp\/v2\/comments?post=129949"}],"version-history":[{"count":0,"href":"https:\/\/www.europesays.com\/fi\/wp-json\/wp\/v2\/posts\/129949\/revisions"}],"wp:featuredmedia":[{"embeddable":true,"href":"https:\/\/www.europesays.com\/fi\/wp-json\/wp\/v2\/media\/129950"}],"wp:attachment":[{"href":"https:\/\/www.europesays.com\/fi\/wp-json\/wp\/v2\/media?parent=129949"}],"wp:term":[{"taxonomy":"category","embeddable":true,"href":"https:\/\/www.europesays.com\/fi\/wp-json\/wp\/v2\/categories?post=129949"},{"taxonomy":"post_tag","embeddable":true,"href":"https:\/\/www.europesays.com\/fi\/wp-json\/wp\/v2\/tags?post=129949"}],"curies":[{"name":"wp","href":"https:\/\/api.w.org\/{rel}","templated":true}]}}