{"id":129951,"date":"2025-12-31T15:05:08","date_gmt":"2025-12-31T15:05:08","guid":{"rendered":"https:\/\/www.europesays.com\/fi\/129951\/"},"modified":"2025-12-31T15:05:08","modified_gmt":"2025-12-31T15:05:08","slug":"uudenvuodenaattona-moni-naki-taivaalla-upeita-kaaria-asiantuntija-kertoo-mista-valoilmiot-johtuvat","status":"publish","type":"post","link":"https:\/\/www.europesays.com\/fi\/129951\/","title":{"rendered":"Uudenvuodenaattona moni n\u00e4ki taivaalla upeita kaaria \u2013 asiantuntija kertoo, mist\u00e4 valoilmi\u00f6t johtuvat"},"content":{"rendered":"<p>Aamulehden lukijat l\u00e4hettiv\u00e4t useita kuvia upeista haloilmi\u00f6ist\u00e4.<\/p>\n<p class=\"article-body mb-nof-24 px-nof-16\">Aamulehti<\/p>\n<p class=\"article-body mb-nof-24 px-nof-16\">Uudenvuodenaattona moni n\u00e4ki taivaalla upeita valopilareita, tupla-aurinkoja sek\u00e4 kaaria. Moni lukija l\u00e4hetti toimitukseen kuvia valoilmi\u00f6ist\u00e4.<\/p>\n<p class=\"article-body mb-nof-24 px-nof-16\">Kysyimme T\u00e4htitieteellinen yhdistys Tampereen Ursan asiantuntijalta <a class=\"font-bold underline-offset-[0.12em] [text-decoration:var(--person-link-text-decoration)] ![text-decoration-color:var(--person-link-text-decoration-color)]\" href=\"https:\/\/www.aamulehti.fi\/haku\/?query=Kari%20A.%20Kuurelta\" rel=\"nofollow noopener\" target=\"_blank\">Kari A. Kuurelta<\/a>, mit\u00e4 kuvissa on ja mist\u00e4 haloilmi\u00f6t johtuvat.<\/p>\n","protected":false},"excerpt":{"rendered":"Aamulehden lukijat l\u00e4hettiv\u00e4t useita kuvia upeista haloilmi\u00f6ist\u00e4. Aamulehti Uudenvuodenaattona moni n\u00e4ki taivaalla upeita valopilareita, tupla-aurinkoja sek\u00e4 kaaria. Moni&hellip;\n","protected":false},"author":2,"featured_media":129952,"comment_status":"","ping_status":"","sticky":false,"template":"","format":"standard","meta":{"footnotes":""},"categories":[12],"tags":[157,22,23,26,27,33,31,30,17,24,25,28,29,15,18,21,32,19,20,16],"class_list":{"0":"post-129951","1":"post","2":"type-post","3":"status-publish","4":"format-standard","5":"has-post-thumbnail","7":"category-suomi","8":"tag-aamulehti","9":"tag-breaking-news","10":"tag-breakingnews","11":"tag-featured-news","12":"tag-featurednews","13":"tag-fi","14":"tag-finland","15":"tag-finnish","16":"tag-headlines","17":"tag-latest-news","18":"tag-latestnews","19":"tag-main-news","20":"tag-mainnews","21":"tag-news","22":"tag-otsikot","23":"tag-paauutiset","24":"tag-suomi","25":"tag-top-stories","26":"tag-topstories","27":"tag-uutiset"},"share_on_mastodon":{"url":"https:\/\/pubeurope.com\/@fi\/115814801325418729","error":""},"_links":{"self":[{"href":"https:\/\/www.europesays.com\/fi\/wp-json\/wp\/v2\/posts\/129951","targetHints":{"allow":["GET"]}}],"collection":[{"href":"https:\/\/www.europesays.com\/fi\/wp-json\/wp\/v2\/posts"}],"about":[{"href":"https:\/\/www.europesays.com\/fi\/wp-json\/wp\/v2\/types\/post"}],"author":[{"embeddable":true,"href":"https:\/\/www.europesays.com\/fi\/wp-json\/wp\/v2\/users\/2"}],"replies":[{"embeddable":true,"href":"https:\/\/www.europesays.com\/fi\/wp-json\/wp\/v2\/comments?post=129951"}],"version-history":[{"count":0,"href":"https:\/\/www.europesays.com\/fi\/wp-json\/wp\/v2\/posts\/129951\/revisions"}],"wp:featuredmedia":[{"embeddable":true,"href":"https:\/\/www.europesays.com\/fi\/wp-json\/wp\/v2\/media\/129952"}],"wp:attachment":[{"href":"https:\/\/www.europesays.com\/fi\/wp-json\/wp\/v2\/media?parent=129951"}],"wp:term":[{"taxonomy":"category","embeddable":true,"href":"https:\/\/www.europesays.com\/fi\/wp-json\/wp\/v2\/categories?post=129951"},{"taxonomy":"post_tag","embeddable":true,"href":"https:\/\/www.europesays.com\/fi\/wp-json\/wp\/v2\/tags?post=129951"}],"curies":[{"name":"wp","href":"https:\/\/api.w.org\/{rel}","templated":true}]}}