{"id":129953,"date":"2025-12-31T15:06:07","date_gmt":"2025-12-31T15:06:07","guid":{"rendered":"https:\/\/www.europesays.com\/fi\/129953\/"},"modified":"2025-12-31T15:06:07","modified_gmt":"2025-12-31T15:06:07","slug":"iakas-potilas-kuoli-sairaalassa-jyvaskylassa-nuori-hoitaja-tuomittiin-torkeasta-vammantuottamuksesta-keski-suomi","status":"publish","type":"post","link":"https:\/\/www.europesays.com\/fi\/129953\/","title":{"rendered":"I\u00e4k\u00e4s potilas kuoli sairaalassa Jyv\u00e4skyl\u00e4ss\u00e4 \u2013 nuori hoitaja tuomittiin t\u00f6rke\u00e4st\u00e4 vamman\u00adtuottamuksesta | Keski-Suomi"},"content":{"rendered":"<p class=\"aw-1gybjub aw-5vja16 kEtdKx kmuxyA yle__article__paragraph\">Sairaanhoitaja ymm\u00e4rsi v\u00e4\u00e4rin l\u00e4\u00e4k\u00e4rin antaman l\u00e4\u00e4ke\u00adm\u00e4\u00e4r\u00e4yksen, ja antoi potilaalle kymmenkertaisen annoksen, mik\u00e4 aiheutti syv\u00e4n tajuttomuuden.<\/p>\n<p><img decoding=\"async\" alt=\"potilaspaareja.\" src=\"https:\/\/www.europesays.com\/fi\/wp-content\/uploads\/2025\/12\/39-89024861b305dc73625.jpeg\" class=\"aw-1l9m598 hKVVvP\"\/><\/p>\n<p>Avaa kuvien katselu<\/p>\n<p>Rikos tapahtui Jyv\u00e4skyl\u00e4ss\u00e4 vuonna 2022. Kuvituskuva. Kuva: Simo Pitk\u00e4nen \/ Yle<\/p>\n<p class=\"aw-1gybjub aw-1p7kakr kEtdKx cEmitX yle__article__paragraph\">Keski-Suomen k\u00e4r\u00e4j\u00e4oikeus on tuominnut nuoren sairaanhoitajan t\u00f6rke\u00e4st\u00e4 vammantuottamuksesta sakkorangaistukseen.<\/p>\n<p class=\"aw-1gybjub aw-1p7kakr kEtdKx cEmitX yle__article__paragraph\">Tuomio koskee tapahtumaketjua, jonka seurauksena i\u00e4k\u00e4s potilas kuoli.<\/p>\n<p class=\"aw-1gybjub aw-1p7kakr kEtdKx cEmitX yle__article__paragraph\">Tuomion mukaan sairaanhoitaja ymm\u00e4rsi v\u00e4\u00e4rin l\u00e4\u00e4k\u00e4rin antamat ohjeet.<\/p>\n<p class=\"aw-1gybjub aw-1p7kakr kEtdKx cEmitX yle__article__paragraph\">L\u00e4\u00e4k\u00e4ri m\u00e4\u00e4r\u00e4si potilaalle kolmen milligramman annoksen voimakasta kipul\u00e4\u00e4kett\u00e4. L\u00e4\u00e4k\u00e4ri antoi l\u00e4\u00e4kem\u00e4\u00e4r\u00e4yksen hoitajalle suullisesti, ja k\u00e4ytti ilmaisua \u201dkolme milli\u00e4\u201d.<\/p>\n<p class=\"aw-1gybjub aw-1p7kakr kEtdKx cEmitX yle__article__paragraph\">Hoitaja ymm\u00e4rsi, ett\u00e4 annos tarkoitti kolmea millilitraa. T\u00e4ten h\u00e4n antoi l\u00e4\u00e4kett\u00e4 30 milligrammaa, joka on kymmenkertainen annos l\u00e4\u00e4k\u00e4rin m\u00e4\u00e4r\u00e4ykseen verrattuna.<\/p>\n<p class=\"aw-1gybjub aw-1p7kakr kEtdKx cEmitX yle__article__paragraph\">Potilas kuoli seuraavana p\u00e4iv\u00e4n\u00e4. Syyn\u00e4 oli komplikaatio, joka johtui aiemmasta l\u00e4\u00e4kehoidosta.<\/p>\n<p class=\"aw-1gybjub aw-1p7kakr kEtdKx cEmitX yle__article__paragraph\">Kuoleman syy ei siis ollut suuri m\u00e4\u00e4r\u00e4 kipul\u00e4\u00e4kett\u00e4, mutta v\u00e4\u00e4r\u00e4n annostelun vuoksi potilas oli syv\u00e4ss\u00e4 tajuttomuudessa, mik\u00e4 my\u00f6t\u00e4vaikutti kuolemaa.<\/p>\n<p>60 p\u00e4iv\u00e4sakkoa<\/p>\n<p class=\"aw-1gybjub aw-1p7kakr kEtdKx cEmitX yle__article__paragraph\">Syytt\u00e4j\u00e4 vaati sairaanhoitajalle rangaistusta kuolemantuottamuksesta tai vaihtoehtoisesti t\u00f6rke\u00e4st\u00e4 vammantuottamuksesta.<\/p>\n<p class=\"aw-1gybjub aw-1p7kakr kEtdKx cEmitX yle__article__paragraph\">Hoitaja kiisti syyllistyneens\u00e4 rikokseen, ja vaati syytteiden hylk\u00e4\u00e4mist\u00e4. H\u00e4n kertoi oikeudelle luulleensa, ett\u00e4 l\u00e4\u00e4k\u00e4ri todella tarkoitti kolmea millilitraa.<\/p>\n<p class=\"aw-1gybjub aw-1p7kakr kEtdKx cEmitX yle__article__paragraph\">Tuomion mukaan sairaanhoitaja ei ollut tarpeeksi huolellinen, sill\u00e4 h\u00e4nen olisi pit\u00e4nyt tiet\u00e4\u00e4, ett\u00e4 annos on hengenvaarallinen.<\/p>\n<p class=\"aw-1gybjub aw-1p7kakr kEtdKx cEmitX yle__article__paragraph\">Keski-Suomen k\u00e4r\u00e4j\u00e4oikeus tuomitsi sairaanhoitajan t\u00f6rke\u00e4st\u00e4 vammantuottamuksesta 60 p\u00e4iv\u00e4sakkoon.<\/p>\n<p class=\"aw-1gybjub aw-1p7kakr kEtdKx cEmitX yle__article__paragraph\">Rikos tapahtui Jyv\u00e4skyl\u00e4ss\u00e4 toukokuussa 2022. Keski-Suomen k\u00e4r\u00e4j\u00e4oikeus antoi tuomion joulukuussa 2025.<\/p>\n<p class=\"aw-1gybjub aw-1p7kakr kEtdKx cEmitX yle__article__paragraph\">My\u00f6s potilasta hoitanutta l\u00e4\u00e4k\u00e4ri\u00e4 syytettiin rikoksesta, mutta k\u00e4r\u00e4j\u00e4oikeus hylk\u00e4si h\u00e4nen syytteens\u00e4.<\/p>\n<p class=\"aw-1gybjub aw-1p7kakr kEtdKx cEmitX yle__article__paragraph\">Tuomio ei ole lainvoimainen, ja sairaanhoitaja on ilmoittanut siihen tyytym\u00e4tt\u00f6myytt\u00e4.<\/p>\n<p class=\"aw-1gybjub aw-1p7kakr kEtdKx cEmitX yle__article__paragraph\">Asiasta kertoivat aiemmin ainakin <a class=\"aw-iao6s4 iHOxEa yle__article__link\" href=\"https:\/\/www.ksml.fi\/paikalliset\/9084529\" role=\"link\" rel=\"nofollow noopener\" target=\"_blank\">Keskisuomalainen<\/a> ja <a class=\"aw-iao6s4 iHOxEa yle__article__link\" href=\"https:\/\/www.is.fi\/kotimaa\/art-2000011719040.html\" role=\"link\" rel=\"nofollow noopener\" target=\"_blank\">Ilta-Sanomat<\/a>.<\/p>\n","protected":false},"excerpt":{"rendered":"Sairaanhoitaja ymm\u00e4rsi v\u00e4\u00e4rin l\u00e4\u00e4k\u00e4rin antaman l\u00e4\u00e4ke\u00adm\u00e4\u00e4r\u00e4yksen, ja antoi potilaalle kymmenkertaisen annoksen, mik\u00e4 aiheutti syv\u00e4n tajuttomuuden. Avaa kuvien katselu&hellip;\n","protected":false},"author":2,"featured_media":129954,"comment_status":"","ping_status":"","sticky":false,"template":"","format":"standard","meta":{"footnotes":""},"categories":[5],"tags":[22,23,26,27,33,31,30,17,425,4912,474,71,24,25,28,29,15,18,21,581,32,19,20,1727,16],"class_list":{"0":"post-129953","1":"post","2":"type-post","3":"status-publish","4":"format-standard","5":"has-post-thumbnail","7":"category-otsikot","8":"tag-breaking-news","9":"tag-breakingnews","10":"tag-featured-news","11":"tag-featurednews","12":"tag-fi","13":"tag-finland","14":"tag-finnish","15":"tag-headlines","16":"tag-jyvaskyla","17":"tag-keski-suomen-karajaoikeus","18":"tag-keski-suomi","19":"tag-kotimaa","20":"tag-latest-news","21":"tag-latestnews","22":"tag-main-news","23":"tag-mainnews","24":"tag-news","25":"tag-otsikot","26":"tag-paauutiset","27":"tag-rikokset","28":"tag-suomi","29":"tag-top-stories","30":"tag-topstories","31":"tag-tuomiot","32":"tag-uutiset"},"share_on_mastodon":{"url":"https:\/\/pubeurope.com\/@fi\/115814805203294565","error":""},"_links":{"self":[{"href":"https:\/\/www.europesays.com\/fi\/wp-json\/wp\/v2\/posts\/129953","targetHints":{"allow":["GET"]}}],"collection":[{"href":"https:\/\/www.europesays.com\/fi\/wp-json\/wp\/v2\/posts"}],"about":[{"href":"https:\/\/www.europesays.com\/fi\/wp-json\/wp\/v2\/types\/post"}],"author":[{"embeddable":true,"href":"https:\/\/www.europesays.com\/fi\/wp-json\/wp\/v2\/users\/2"}],"replies":[{"embeddable":true,"href":"https:\/\/www.europesays.com\/fi\/wp-json\/wp\/v2\/comments?post=129953"}],"version-history":[{"count":0,"href":"https:\/\/www.europesays.com\/fi\/wp-json\/wp\/v2\/posts\/129953\/revisions"}],"wp:featuredmedia":[{"embeddable":true,"href":"https:\/\/www.europesays.com\/fi\/wp-json\/wp\/v2\/media\/129954"}],"wp:attachment":[{"href":"https:\/\/www.europesays.com\/fi\/wp-json\/wp\/v2\/media?parent=129953"}],"wp:term":[{"taxonomy":"category","embeddable":true,"href":"https:\/\/www.europesays.com\/fi\/wp-json\/wp\/v2\/categories?post=129953"},{"taxonomy":"post_tag","embeddable":true,"href":"https:\/\/www.europesays.com\/fi\/wp-json\/wp\/v2\/tags?post=129953"}],"curies":[{"name":"wp","href":"https:\/\/api.w.org\/{rel}","templated":true}]}}