{"id":129957,"date":"2025-12-31T15:21:09","date_gmt":"2025-12-31T15:21:09","guid":{"rendered":"https:\/\/www.europesays.com\/fi\/129957\/"},"modified":"2025-12-31T15:21:09","modified_gmt":"2025-12-31T15:21:09","slug":"taman-tiedamme-nyt-kaapelirikosta-14-miehiston-jasenta-otettu-haltuun-mukana-myos-venajan-kansalaisia-uutisia-lyhyesti","status":"publish","type":"post","link":"https:\/\/www.europesays.com\/fi\/129957\/","title":{"rendered":"T\u00e4m\u00e4n tied\u00e4mme nyt kaapelirikosta: 14 miehist\u00f6n j\u00e4sent\u00e4 otettu haltuun, mukana my\u00f6s Ven\u00e4j\u00e4n kansalaisia | Uutisia lyhyesti"},"content":{"rendered":"<p class=\"aw-1gybjub aw-5vja16 kEtdKx kmuxyA yle__article__paragraph\">Elisan tietoliikennekaapeli vaurioitui keskiviikkona Helsingin ja Tallinnan v\u00e4lill\u00e4. Fitburg-alus otettiin haltuun t\u00e4n\u00e4\u00e4n kello yhdentoista j\u00e4lkeen.<\/p>\n<p><img decoding=\"async\" alt=\"Rajavartiolaitoksen vartiolaiva Turva merell\u00e4, taustalla rahtialus Fitburg.\" src=\"https:\/\/www.europesays.com\/fi\/wp-content\/uploads\/2025\/12\/39-157598669550f5252e04.jpeg\" class=\"aw-1l9m598 hKVVvP\"\/><\/p>\n<p>Avaa kuvien katselu<\/p>\n<p>Kuva: Rajavartiolaitos<\/p>\n<p>15:10\u2022P\u00e4ivitetty 17:14<\/p>\n<p class=\"aw-1gybjub aw-1p7kakr kEtdKx cEmitX yle__article__paragraph\">Elisan tietoliikennekaapeli vaurioitui keskiviikkona Helsingin ja Tallinnan v\u00e4lill\u00e4. Helsingin poliisilaitos ja Rajavartiolaitos kertoivat tapauksesta t\u00e4n\u00e4\u00e4n tiedotustilaisuudessa.<\/p>\n<p class=\"aw-1gybjub aw-1p7kakr kEtdKx cEmitX yle__article__paragraph\">Poliisihallituksen poliisiylijohtaja <strong class=\"aw-ak79eh KyCXm yle__article__strong\">Ilkka Koskim\u00e4ki<\/strong> kertoo, ett\u00e4 Fitburg-alus otettiin haltuun t\u00e4n\u00e4\u00e4n aamup\u00e4iv\u00e4ll\u00e4 kello yhdentoista j\u00e4lkeen. Samassa operaatiossa poliisi otti haltuun 14 miehist\u00f6n j\u00e4sent\u00e4.<\/p>\n<p class=\"aw-1gybjub aw-1p7kakr kEtdKx cEmitX yle__article__paragraph\">Koskim\u00e4en mukaan t\u00e4ss\u00e4 vaiheessa on tiedossa, ett\u00e4 miehist\u00f6n j\u00e4senet ovat Ven\u00e4j\u00e4n, Georgian, Azerbaidzanin ja Kazakstanin kansalaisia.<\/p>\n<p class=\"aw-1gybjub aw-1p7kakr kEtdKx cEmitX yle__article__paragraph\">Poliisi ja Rajavartiolaitos ottivat aluksen haltuun.<\/p>\n<p class=\"aw-1gybjub aw-1p7kakr kEtdKx cEmitX yle__article__paragraph\">Helsingin apulaispoliisip\u00e4\u00e4llikk\u00f6 <strong class=\"aw-ak79eh KyCXm yle__article__strong\">Heikki Kopperoisen<\/strong> mukaan viranomaiset laskeutuivat alukselle helikopterin avulla. Alukselle laskeuduttuaan viranomaiset ottivat komentosillan haltuun.<\/p>\n<p class=\"aw-1gybjub aw-1p7kakr kEtdKx cEmitX yle__article__paragraph\">Poliisiylijohtaja Koskim\u00e4en mukaan alus on t\u00e4ll\u00e4 hetkell\u00e4 turvallisessa paikassa. Poliisi kertoi, ett\u00e4 alusta siirret\u00e4\u00e4n parhaillaan, mutta poliisi ei kerro m\u00e4\u00e4r\u00e4np\u00e4\u00e4t\u00e4 keskener\u00e4isen operaation ja turvallisuuden vuoksi. Marinetrafficin mukaan alus olisi t\u00e4ll\u00e4 hetkell\u00e4 Kirkkonummen Kantvikissa.<\/p>\n<p class=\"aw-1gybjub aw-1p7kakr kEtdKx cEmitX yle__article__paragraph\">Poliisin mukaan tutkinta on vasta alussa, eik\u00e4 poliisi kommentoi liittyyk\u00f6 tapaukseen esimerkiksi valtiollinen vaikuttaminen. Poliisi ep\u00e4ilee t\u00e4ll\u00e4 hetkell\u00e4 tapauksessa t\u00f6rke\u00e4\u00e4 tietoliikenteen h\u00e4irint\u00e4\u00e4, t\u00f6rke\u00e4\u00e4 vahingontekoa ja t\u00f6rke\u00e4\u00e4 vahingonteon yrityst\u00e4.<\/p>\n<p class=\"aw-1gybjub aw-1p7kakr kEtdKx cEmitX yle__article__paragraph\">Keskusrikospoliisin p\u00e4\u00e4llikk\u00f6 <strong class=\"aw-ak79eh KyCXm yle__article__strong\">Robin Lardot<\/strong> kertoo, ett\u00e4 k\u00e4ynniss\u00e4 on aluksen tekninen tutkinta ja miehist\u00f6n kuulustelut alkavat pian. Poliisi on yhteydess\u00e4 my\u00f6s aluksen lippuvaltioon Saint Vincent &amp; Grenadiineihin.<\/p>\n<p><img decoding=\"async\" alt=\"Poliisiylijohtaja Ilkka Koskim\u00e4ki Poliisihalituksesta tiedotustilaisuudessa.\" src=\"https:\/\/www.europesays.com\/fi\/wp-content\/uploads\/2025\/12\/39-157606369553484873f4.jpeg\" loading=\"lazy\" class=\"aw-1l9m598 hKVVvP\"\/><\/p>\n<p>Avaa kuvien katselu<\/p>\n<p>Poliisiylijohtaja Ilkka Koskim\u00e4ki Poliisihallituksesta kertoi poliisin toiminnasta tiedotustilaisuudessa.  Kuva: Henrietta Hassinen \/ YleAnkkuri oli meress\u00e4 aluksen ollessa kulussa<\/p>\n<p class=\"aw-1gybjub aw-1p7kakr kEtdKx cEmitX yle__article__paragraph\">Rajavartiolaitoksen p\u00e4\u00e4llikk\u00f6 <strong class=\"aw-ak79eh KyCXm yle__article__strong\">Markku Hassinen<\/strong> kertoo, ett\u00e4 tieto rikkoutuneesta kaapelista tuli Rajavartiolaitokselle varhain aamulla Elisalta.<\/p>\n<p class=\"aw-1gybjub aw-1p7kakr kEtdKx cEmitX yle__article__paragraph\">\u2013 Heti alkuvaiheessa olimme yhteydess\u00e4 virolaisiin yhteisty\u00f6kumppaneihimme.<\/p>\n<p class=\"aw-1gybjub aw-1p7kakr kEtdKx cEmitX yle__article__paragraph\">Suomenlahden merivartioston komentaja <strong class=\"aw-ak79eh KyCXm yle__article__strong\">Mikko Simola<\/strong> kertoo, ett\u00e4 tieto tuli kello 04.45 Elisalta. Arvioitu vaurioitumispaikka sijaitsi kansainv\u00e4lisell\u00e4 merialueella Viron talousvy\u00f6hykkeell\u00e4. Simola kertoo, ett\u00e4 paikalle l\u00e4hettiin Rajavartiolaitoksen helikopteri ja vartiolaiva Turva.<\/p>\n<p class=\"aw-1gybjub aw-1p7kakr kEtdKx cEmitX yle__article__paragraph\">\u2013 Alkuvaiheessa ep\u00e4iltyj\u00e4 aluksia oli kolme. P\u00e4\u00e4kohteeksi saimme liiketekij\u00f6ihin ja aikajanaan perustuen Fitburg-rahtialuksen, joka oli matkalla Ven\u00e4j\u00e4n Pietarista Israeliin.<\/p>\n<p><img decoding=\"async\" alt=\"Komentaja Mikko Simola Suomenlahden merivartiostosta tiedotustilaisuudessa.\" src=\"https:\/\/www.europesays.com\/fi\/wp-content\/uploads\/2025\/12\/39-15760596955326dcc357.jpeg\" loading=\"lazy\" class=\"aw-1l9m598 hKVVvP\"\/><\/p>\n<p>Avaa kuvien katselu<\/p>\n<p>Komentaja Mikko Simola Suomenlahden merivartiostosta kertoi viranomaisten yhteisty\u00f6st\u00e4. Kuva: Henrietta Hassinen \/ Yle<\/p>\n<p class=\"aw-1gybjub aw-1p7kakr kEtdKx cEmitX yle__article__paragraph\">Rajavartiolaitoksen helikopteri tavoitti Fitburg-aluksen, kun se oli Suomen talousvy\u00f6hykkeell\u00e4 kansainv\u00e4lisell\u00e4 merialueella.<\/p>\n<p class=\"aw-1gybjub aw-1p7kakr kEtdKx cEmitX yle__article__paragraph\">Rajavartiolaitos havaitsi kello puoli kahdeksan j\u00e4lkeen, ett\u00e4 aluksen ankkuriketju oli meress\u00e4 ja alus kulki eteenp\u00e4in.<\/p>\n<p class=\"aw-1gybjub aw-1p7kakr kEtdKx cEmitX yle__article__paragraph\">Simolan mukaan alusta pyydettiin pys\u00e4ytt\u00e4m\u00e4\u00e4n vauhtinsa ja nostamaan ankkurinsa sek\u00e4 siirtym\u00e4\u00e4n turvalliseen ankkuripaikkaan Suomen aluevesille.<\/p>\n<p class=\"aw-1gybjub aw-1p7kakr kEtdKx cEmitX yle__article__paragraph\">Ankkurinnosto tapahtui Rajavartiolaitoksen helikopterin valvoessa ja kuvatessa. Vartiolaiva Turva saapui paikalle ankkurin ollessa ylh\u00e4\u00e4ll\u00e4 kello yhdeks\u00e4n aikaan. Alus toimi Simolan mukaan yhteisty\u00f6kykyisesti.<\/p>\n<p class=\"aw-1gybjub aw-1p7kakr kEtdKx cEmitX yle__article__paragraph\">Simolan mukaan tarkat tutkimukset ovat viel\u00e4 kesken, mutta ankkuri on yleens\u00e4 merenpohjassa tai v\u00e4livedess\u00e4, mik\u00e4li ankkuriketju on meress\u00e4.<\/p>\n<p class=\"aw-1gybjub aw-1p7kakr kEtdKx cEmitX yle__article__paragraph\">Poliisihallituksen poliisiylijohtaja Koskim\u00e4ki kertoo, ett\u00e4 alus oli vet\u00e4nyt ankkuria joitakin tunteja mukanaan.<\/p>\n<p class=\"aw-1gybjub aw-1p7kakr kEtdKx cEmitX yle__article__paragraph\">Koskim\u00e4en mukaan viranomaiset ovat varautuneet yh\u00e4 paremmin kaapelirikkoihin. Esimerkiksi reagointikyky\u00e4, nopeutta, johtamista ja viranomaisyhteisty\u00f6\u00e4 on parannettu.<\/p>\n<p class=\"aw-1gybjub aw-1p7kakr kEtdKx cEmitX yle__article__paragraph\">Voit katsoa Ylen erikoisl\u00e4hetyksen ja tiedotustilaisuuden t\u00e4st\u00e4:<\/p>\n<p class=\"aw-1gybjub aw-1p7kakr kEtdKx cEmitX yle__article__paragraph\">Uutinen p\u00e4ivittyy.<\/p>\n","protected":false},"excerpt":{"rendered":"Elisan tietoliikennekaapeli vaurioitui keskiviikkona Helsingin ja Tallinnan v\u00e4lill\u00e4. Fitburg-alus otettiin haltuun t\u00e4n\u00e4\u00e4n kello yhdentoista j\u00e4lkeen. Avaa kuvien katselu&hellip;\n","protected":false},"author":2,"featured_media":129940,"comment_status":"","ping_status":"","sticky":false,"template":"","format":"standard","meta":{"footnotes":""},"categories":[133],"tags":[137,33,31,30,71,23047,1263,5991,32,206,634,156,109],"class_list":{"0":"post-129957","1":"post","2":"type-post","3":"status-publish","4":"format-standard","5":"has-post-thumbnail","7":"category-televisiot","8":"tag-entertainment","9":"tag-fi","10":"tag-finland","11":"tag-finnish","12":"tag-kotimaa","13":"tag-merikaapelit","14":"tag-rikosepailyt","15":"tag-suomenlahti","16":"tag-suomi","17":"tag-televisiot","18":"tag-tietoliikenne","19":"tag-tv","20":"tag-viihde"},"share_on_mastodon":{"url":"https:\/\/pubeurope.com\/@fi\/115814864231615585","error":""},"_links":{"self":[{"href":"https:\/\/www.europesays.com\/fi\/wp-json\/wp\/v2\/posts\/129957","targetHints":{"allow":["GET"]}}],"collection":[{"href":"https:\/\/www.europesays.com\/fi\/wp-json\/wp\/v2\/posts"}],"about":[{"href":"https:\/\/www.europesays.com\/fi\/wp-json\/wp\/v2\/types\/post"}],"author":[{"embeddable":true,"href":"https:\/\/www.europesays.com\/fi\/wp-json\/wp\/v2\/users\/2"}],"replies":[{"embeddable":true,"href":"https:\/\/www.europesays.com\/fi\/wp-json\/wp\/v2\/comments?post=129957"}],"version-history":[{"count":0,"href":"https:\/\/www.europesays.com\/fi\/wp-json\/wp\/v2\/posts\/129957\/revisions"}],"wp:featuredmedia":[{"embeddable":true,"href":"https:\/\/www.europesays.com\/fi\/wp-json\/wp\/v2\/media\/129940"}],"wp:attachment":[{"href":"https:\/\/www.europesays.com\/fi\/wp-json\/wp\/v2\/media?parent=129957"}],"wp:term":[{"taxonomy":"category","embeddable":true,"href":"https:\/\/www.europesays.com\/fi\/wp-json\/wp\/v2\/categories?post=129957"},{"taxonomy":"post_tag","embeddable":true,"href":"https:\/\/www.europesays.com\/fi\/wp-json\/wp\/v2\/tags?post=129957"}],"curies":[{"name":"wp","href":"https:\/\/api.w.org\/{rel}","templated":true}]}}