{"id":129960,"date":"2025-12-31T15:25:11","date_gmt":"2025-12-31T15:25:11","guid":{"rendered":"https:\/\/www.europesays.com\/fi\/129960\/"},"modified":"2025-12-31T15:25:11","modified_gmt":"2025-12-31T15:25:11","slug":"tama-venalaismies-sai-luvan-toinen-ei-paassyt","status":"publish","type":"post","link":"https:\/\/www.europesays.com\/fi\/129960\/","title":{"rendered":"T\u00e4m\u00e4 ven\u00e4l\u00e4ismies sai luvan: \u201dToinen ei p\u00e4\u00e4ssyt\u201d"},"content":{"rendered":"<p>Saveli Korosteljovin ja Darja Neprjajevan suksia huoltaa Tour de Skill\u00e4 yksi henkil\u00f6.<\/p>\n<p><img decoding=\"async\" class=\"image image-show image-preview\" src=\"https:\/\/www.europesays.com\/fi\/wp-content\/uploads\/2025\/12\/2c48d50a95808cc9017e2a316fd2a08cbb5d9a816c2fd15df36c9a14bb826a09.jpg\" alt=\"\"\/><img decoding=\"async\" class=\"image image-show\" src=\"https:\/\/www.europesays.com\/fi\/wp-content\/uploads\/2025\/12\/1767194709_896_2c48d50a95808cc9017e2a316fd2a08cbb5d9a816c2fd15df36c9a14bb826a09.jpg\" alt=\"\"\/><\/p>\n<p>T\u00e4m\u00e4 mies huoltaa ven\u00e4l\u00e4isten suksia Tour de Skill\u00e4. Jussi Saarinen<\/p>\n<p class=\"paragraph\">Maatunnuksettomia ven\u00e4l\u00e4ishiiht\u00e4ji\u00e4 on Tour de Skill\u00e4 kaksi: <strong>Saveli Korosteljov<\/strong> ja <strong>Darja Neprjajeva<\/strong><strong>.<\/strong><\/p>\n<p class=\"paragraph\">\u2013 Meill\u00e4 on t\u00e4\u00e4ll\u00e4 Tourilla vain yksi huoltomies. Toinen ei p\u00e4\u00e4ssyt, koska h\u00e4n ei saanut akkreditointia, Korosteljov kertoi Tourin avausetapin j\u00e4lkeen.<\/p>\n<p class=\"paragraph\">Tourilla operoiva huoltomies on ven\u00e4l\u00e4inen.<\/p>\n<p class=\"paragraph\">\u2013 H\u00e4nen on minun huoltomieheni. Parempi, jos olisi enemm\u00e4n huoltomiehi\u00e4. Sama mies ei voi tehd\u00e4 kaikkia hommia. Meill\u00e4 on k\u00e4yt\u00f6ss\u00e4mme huoltokoppi Toblachissa.<\/p>\n<p class=\"paragraph\">Maatunnuksettomia valkoven\u00e4l\u00e4isurheilijoita Tourilla on kaksi.<\/p>\n<p class=\"paragraph\">\u2013 Ymm\u00e4rt\u00e4\u00e4kseni teemme yhteisty\u00f6t\u00e4 valkoven\u00e4l\u00e4isten huollon kanssa, Korosteljov toteaa.<\/p>\n<p class=\"paragraph\">Muutama maatunnukseton ven\u00e4l\u00e4is- ja valkoven\u00e4l\u00e4isurheilija saa poikkeusluvalla kilpailla maastohiihdon maailmancupissa.<\/p>\n<p class=\"paragraph\">Yksi poikkeusluvan kriteeri on, ettei urheilija tue Ven\u00e4j\u00e4n hy\u00f6kk\u00e4yssotaa Ukrainassa eik\u00e4 ole mukana puna-armeijassa.<\/p>\n<p class=\"paragraph\">Samat kriteerit p\u00e4tev\u00e4t hiiht\u00e4jien taustahenkil\u00f6ihin.<\/p>\n<p class=\"paragraph\">Esimerkiksi Korosteljovin valmentaja <strong>Jegor Sorin<\/strong> ei saanut Kansainv\u00e4liselt\u00e4 hiihtoliitolta lupaa toimia neutraalien urheilijoiden joukkueessa. H\u00e4n operoi Tourilla akkreditoidun alueen ulkopuolella eli kilpailujen aikana h\u00e4n on samalla alueella katsojien kanssa.<\/p>\n<p class=\"paragraph\">Ven\u00e4l\u00e4isist\u00e4 ja valkoven\u00e4l\u00e4isist\u00e4 hiiht\u00e4jist\u00e4 k\u00e4ytett\u00e4\u00e4n Tourilla tunnusta AIN-urheilija.<\/p>\n<p><a href=\"https:\/\/www.iltalehti.fi\/telkku\/?utm_source=iltalehti.fi&amp;utm_medium=almainternal&amp;utm_campaign=urheilu_artikkelibanneri&amp;utm_content=banner_612_a\" rel=\"nofollow noopener\" target=\"_blank\"><img decoding=\"async\" src=\"https:\/\/www.europesays.com\/fi\/wp-content\/uploads\/2025\/08\/7ef604e47d46ca174b7df4149bd3557dbde56a86d520f8e1b2125548b0a2e03a.png\" alt=\"TV-ohjelmat t\u00e4n\u00e4\u00e4n, TV-opas\"\/><\/a><\/p>\n","protected":false},"excerpt":{"rendered":"Saveli Korosteljovin ja Darja Neprjajevan suksia huoltaa Tour de Skill\u00e4 yksi henkil\u00f6. T\u00e4m\u00e4 mies huoltaa ven\u00e4l\u00e4isten suksia Tour&hellip;\n","protected":false},"author":2,"featured_media":129961,"comment_status":"","ping_status":"","sticky":false,"template":"","format":"standard","meta":{"footnotes":""},"categories":[158],"tags":[35,33,31,30,2096,41,3318,2668,159,32,1145,160],"class_list":{"0":"post-129960","1":"post","2":"type-post","3":"status-publish","4":"format-standard","5":"has-post-thumbnail","7":"category-urheilu","8":"tag-24h","9":"tag-fi","10":"tag-finland","11":"tag-finnish","12":"tag-hiihtolajit","13":"tag-liikunta-ja-urheilu","14":"tag-maastohiihto","15":"tag-pohjoismaiset-hiihtolajit","16":"tag-sports","17":"tag-suomi","18":"tag-talviurheilu","19":"tag-urheilu"},"share_on_mastodon":{"url":"https:\/\/pubeurope.com\/@fi\/115814880185525959","error":""},"_links":{"self":[{"href":"https:\/\/www.europesays.com\/fi\/wp-json\/wp\/v2\/posts\/129960","targetHints":{"allow":["GET"]}}],"collection":[{"href":"https:\/\/www.europesays.com\/fi\/wp-json\/wp\/v2\/posts"}],"about":[{"href":"https:\/\/www.europesays.com\/fi\/wp-json\/wp\/v2\/types\/post"}],"author":[{"embeddable":true,"href":"https:\/\/www.europesays.com\/fi\/wp-json\/wp\/v2\/users\/2"}],"replies":[{"embeddable":true,"href":"https:\/\/www.europesays.com\/fi\/wp-json\/wp\/v2\/comments?post=129960"}],"version-history":[{"count":0,"href":"https:\/\/www.europesays.com\/fi\/wp-json\/wp\/v2\/posts\/129960\/revisions"}],"wp:featuredmedia":[{"embeddable":true,"href":"https:\/\/www.europesays.com\/fi\/wp-json\/wp\/v2\/media\/129961"}],"wp:attachment":[{"href":"https:\/\/www.europesays.com\/fi\/wp-json\/wp\/v2\/media?parent=129960"}],"wp:term":[{"taxonomy":"category","embeddable":true,"href":"https:\/\/www.europesays.com\/fi\/wp-json\/wp\/v2\/categories?post=129960"},{"taxonomy":"post_tag","embeddable":true,"href":"https:\/\/www.europesays.com\/fi\/wp-json\/wp\/v2\/tags?post=129960"}],"curies":[{"name":"wp","href":"https:\/\/api.w.org\/{rel}","templated":true}]}}