{"id":129962,"date":"2025-12-31T15:26:07","date_gmt":"2025-12-31T15:26:07","guid":{"rendered":"https:\/\/www.europesays.com\/fi\/129962\/"},"modified":"2025-12-31T15:26:07","modified_gmt":"2025-12-31T15:26:07","slug":"liikutuin-oikeasti-vahan-lukiessani-taman","status":"publish","type":"post","link":"https:\/\/www.europesays.com\/fi\/129962\/","title":{"rendered":"\u201dLiikutuin oikeasti v\u00e4h\u00e4n lukiessani t\u00e4m\u00e4n\u201d"},"content":{"rendered":"<p>Melissa Gilbertin ja Melissa Sue Andersonin yst\u00e4vyys ei aina ole ollut erityisen l\u00e4heinen.<\/p>\n<p><img decoding=\"async\" class=\"image image-show image-preview\" src=\"https:\/\/www.europesays.com\/fi\/wp-content\/uploads\/2025\/12\/3b83d74ef18867421e43964098497e8da7fee2d7ac2950edea3565ee6dd26935.jpg\" alt=\"\"\/><img decoding=\"async\" class=\"image image-show\" src=\"https:\/\/www.europesays.com\/fi\/wp-content\/uploads\/2025\/12\/1767194767_124_3b83d74ef18867421e43964098497e8da7fee2d7ac2950edea3565ee6dd26935.jpg\" alt=\"\"\/><\/p>\n<p>Melissa Gilbert ja Melissa Sue Anderson n\u00e4ytteliv\u00e4tIngallsin sisaruksia sarjassa. AOP<\/p>\n<p class=\"paragraph\">Ikonisen Pieni talo preerialla -sarjan t\u00e4hdet <a href=\"https:\/\/www.iltalehti.fi\/henkilot\/Melissa Gilbert\" class=\"article-link-person-page\" rel=\"nofollow noopener\" target=\"_blank\">Melissa Gilbert<\/a> ja <a href=\"https:\/\/www.iltalehti.fi\/henkilot\/Melissa Sue Anderson\" class=\"article-link-person-page\" rel=\"nofollow noopener\" target=\"_blank\">Melissa Sue Anderson<\/a> n\u00e4hd\u00e4\u00e4n pitk\u00e4st\u00e4 aikaa yhdess\u00e4.<\/p>\n<p class=\"paragraph\">Gilbert julkaisi Instagramissa kuvan, jossa he poseeraavat yhdess\u00e4 n\u00e4yttelij\u00e4 <strong>Veanne Coxin<\/strong> ja n\u00e4yttelij\u00e4-laulaja <a href=\"https:\/\/www.iltalehti.fi\/henkilot\/Betty Buckley\" class=\"article-link-person-page\" rel=\"nofollow noopener\" target=\"_blank\">Betty Buckleyn<\/a> kanssa. Tunnelma vaikuttaa onnelliselta, sill\u00e4 naisnelikko hymyilee kameralle leve\u00e4sti.<\/p>\n<p class=\"paragraph\">\u2013 Olen niin onnellinen, ett\u00e4 Melissa Anderson on taas el\u00e4m\u00e4ss\u00e4ni. Meill\u00e4 on niin t\u00e4rke\u00e4 yhteinen historia, ett\u00e4 kukaan muu maailmassa ei sit\u00e4 t\u00e4ysin ymm\u00e4rr\u00e4. Vain me Ingallsin tyt\u00f6t, Gilbert kirjoittaa kuvatekstiss\u00e4.<\/p>\n<p class=\"paragraph\">Jos julkaisu ei n\u00e4y, voit katsoa sen <a href=\"https:\/\/www.instagram.com\/p\/DSxjfEZEarW\/\" target=\"_blank\" rel=\"noopener nofollow\">t\u00e4st\u00e4<\/a>.<\/p>\n<p class=\"paragraph\">Fanien riemu repesi Gilbertin julkaisusta, sill\u00e4 kaksikon v\u00e4lej\u00e4 on aiemmin kuvailtu et\u00e4isiksi.<\/p>\n<p class=\"paragraph\">\u2013 Liikutuin oikeasti v\u00e4h\u00e4n lukiessani t\u00e4m\u00e4n. Olen niin iloinen teid\u00e4n molempien puolesta ja siit\u00e4, ett\u00e4 yhteys henkil\u00f6\u00f6n, joka jakoi kanssasi niin merkitt\u00e4v\u00e4n kokemuksen, on palautunut, yksi fani kirjoittaa kuvan kommenttikentt\u00e4\u00e4n.<\/p>\n<p class=\"paragraph\">\u2013 T\u00e4m\u00e4 tekee minut niin onnelliseksi, hehkuttaa toinen syd\u00e4men kera.<\/p>\n<p class=\"paragraph\">\u2013 Kyll\u00e4! Rakastamme n\u00e4hd\u00e4 teid\u00e4t taas yhdess\u00e4!<\/p>\n<p class=\"paragraph\">\u2013 Niin ihanaa lukea t\u00e4m\u00e4! El\u00e4m\u00e4 on liian lyhyt pit\u00e4\u00e4kseen kiinni mist\u00e4\u00e4n negatiivisesta. Toivotan teille monia lis\u00e4\u00e4 suloisia j\u00e4lleenn\u00e4kemisi\u00e4 tulevaisuudessa!<\/p>\n<p class=\"paragraph\">Kaksikko esitti vuonna 1974 alkaneessa sarjassa Ingallsin perheen tytt\u00e4ri\u00e4, Lauraa ja Marya. Vaikka sisarukset n\u00e4ytt\u00e4ytyiv\u00e4t ruudulla l\u00e4heisin\u00e4, kulissien takana lapsin\u00e4yttelij\u00f6iden v\u00e4linen suhde oli toisenlainen.<\/p>\n<p class=\"paragraph\">Vuosien varrella he ovat haastatteluissaan kuvanneet suhdettaan ammatilliseksi ja kunnioittavaksi. Gilbert kuvaili v\u00e4lej\u00e4\u00e4n Andersonin kanssa vuonna 2009 julkaistussa el\u00e4m\u00e4kertassaan Prairie Tale: A Memoir:<\/p>\n<p class=\"paragraph\">\u2013\u2009H\u00e4n oli minulle kuin pomo, erityisesti kameran edess\u00e4. H\u00e4nest\u00e4 huokui kylmyys, ehk\u00e4 siksi, etten koskaan oikein tiennyt, miten h\u00e4nen l\u00e4helleen p\u00e4\u00e4sisi. H\u00e4nen kanssaan ei ollut helppo tulla toimeen, ja h\u00e4nen varautuneisuutensa tuli erityisen selv\u00e4sti esille my\u00f6s kuvausten ulkopuolella.<\/p>\n<p><script async src=\"\/\/www.instagram.com\/embed.js\"><\/script><\/p>\n","protected":false},"excerpt":{"rendered":"Melissa Gilbertin ja Melissa Sue Andersonin yst\u00e4vyys ei aina ole ollut erityisen l\u00e4heinen. Melissa Gilbert ja Melissa Sue&hellip;\n","protected":false},"author":2,"featured_media":129963,"comment_status":"","ping_status":"","sticky":false,"template":"","format":"standard","meta":{"footnotes":""},"categories":[130],"tags":[35,153,137,33,31,30,47,32,485,484,140,109],"class_list":{"0":"post-129962","1":"post","2":"type-post","3":"status-publish","4":"format-standard","5":"has-post-thumbnail","7":"category-viihde","8":"tag-24h","9":"tag-audiovisuaalinen-media","10":"tag-entertainment","11":"tag-fi","12":"tag-finland","13":"tag-finnish","14":"tag-musiikki","15":"tag-suomi","16":"tag-taide-yleista","17":"tag-taiteellinen-ilmaisu-ja-mediat","18":"tag-tv-ja-elokuvat","19":"tag-viihde"},"share_on_mastodon":{"url":"https:\/\/pubeurope.com\/@fi\/115814883811568399","error":""},"_links":{"self":[{"href":"https:\/\/www.europesays.com\/fi\/wp-json\/wp\/v2\/posts\/129962","targetHints":{"allow":["GET"]}}],"collection":[{"href":"https:\/\/www.europesays.com\/fi\/wp-json\/wp\/v2\/posts"}],"about":[{"href":"https:\/\/www.europesays.com\/fi\/wp-json\/wp\/v2\/types\/post"}],"author":[{"embeddable":true,"href":"https:\/\/www.europesays.com\/fi\/wp-json\/wp\/v2\/users\/2"}],"replies":[{"embeddable":true,"href":"https:\/\/www.europesays.com\/fi\/wp-json\/wp\/v2\/comments?post=129962"}],"version-history":[{"count":0,"href":"https:\/\/www.europesays.com\/fi\/wp-json\/wp\/v2\/posts\/129962\/revisions"}],"wp:featuredmedia":[{"embeddable":true,"href":"https:\/\/www.europesays.com\/fi\/wp-json\/wp\/v2\/media\/129963"}],"wp:attachment":[{"href":"https:\/\/www.europesays.com\/fi\/wp-json\/wp\/v2\/media?parent=129962"}],"wp:term":[{"taxonomy":"category","embeddable":true,"href":"https:\/\/www.europesays.com\/fi\/wp-json\/wp\/v2\/categories?post=129962"},{"taxonomy":"post_tag","embeddable":true,"href":"https:\/\/www.europesays.com\/fi\/wp-json\/wp\/v2\/tags?post=129962"}],"curies":[{"name":"wp","href":"https:\/\/api.w.org\/{rel}","templated":true}]}}