{"id":129970,"date":"2025-12-31T15:31:07","date_gmt":"2025-12-31T15:31:07","guid":{"rendered":"https:\/\/www.europesays.com\/fi\/129970\/"},"modified":"2025-12-31T15:31:07","modified_gmt":"2025-12-31T15:31:07","slug":"alaikainen-poika-otti-koulutoverinsa-silmatikukseen-pohjois-karjalassa-sai-sakot-mutta-rikostutkinta-jatkuu-yha-pohjois-karjala","status":"publish","type":"post","link":"https:\/\/www.europesays.com\/fi\/129970\/","title":{"rendered":"Alaik\u00e4inen poika otti koulutoverinsa silm\u00e4tikukseen Pohjois-Karjalassa \u2013 sai sakot, mutta rikostutkinta jatkuu yh\u00e4 | Pohjois-Karjala"},"content":{"rendered":"<p class=\"aw-1gybjub aw-5vja16 kEtdKx kmuxyA yle__article__paragraph\">Poliisi pit\u00e4\u00e4 tapausta poikkeuksellisena ja vakavana. Tekohetkell\u00e4 16-vuotias tuomittu piinasi ja kuvasi uhriaan vuosina 2024 ja 2025.<\/p>\n<p><img decoding=\"async\" alt=\"Joensuun poliisi- ja oikeustalo.\" src=\"https:\/\/www.europesays.com\/fi\/wp-content\/uploads\/2025\/12\/39-91339062050911227a5.jpeg\" class=\"aw-1l9m598 hKVVvP\"\/><\/p>\n<p>Avaa kuvien katselu<\/p>\n<p>Tapausta k\u00e4siteltiin Pohjois-Karjalan k\u00e4r\u00e4j\u00e4oikeudessa joulukuussa. Arkistokuva. Kuva: Ari Haimakainen \/ Yle<\/p>\n<p class=\"aw-1gybjub aw-1p7kakr kEtdKx cEmitX yle__article__paragraph\">17-vuotias pohjoiskarjalainen poika on tuomittu sakkoihin tapauksessa, jossa h\u00e4n h\u00e4iritsi koulutoveriaan ja t\u00e4m\u00e4n \u00e4iti\u00e4 monin tavoin.<\/p>\n<p class=\"aw-1gybjub aw-1p7kakr kEtdKx cEmitX yle__article__paragraph\">Tuomittu ja h\u00e4nen silm\u00e4tikukseen joutunut nuorempi poika k\u00e4viv\u00e4t samaa yl\u00e4koulua. Rikokset tapahtuivat vuonna 2024, kun tuomittu oli 16-vuotias.<\/p>\n<p class=\"aw-1gybjub aw-1p7kakr kEtdKx cEmitX yle__article__paragraph\">Pohjois-Karjalan k\u00e4r\u00e4j\u00e4oikeuden mukaan tuomittu syyllistyi viiteen rikokseen, joista ankarimmin rangaistava oli yksityisel\u00e4m\u00e4\u00e4 loukkaava tiedon levitt\u00e4minen. Muut rikokset olivat kunnianloukkaus, liev\u00e4 vahingonteko, laiton uhkaus ja salakatselu.<\/p>\n<p class=\"aw-1gybjub aw-1p7kakr kEtdKx cEmitX yle__article__paragraph\">Oikeus tuomitsi pojan 90 p\u00e4iv\u00e4sakon rangaistukseen, josta kertyy runsaat 500 euroa. Tuomittu m\u00e4\u00e4r\u00e4ttiin maksamaan yli 7\u00a0000 euroa korvauksia uhreiksi joutuneille pojalle ja h\u00e4nen \u00e4idilleen.<\/p>\n<p>Tuomittu kuvasi uhria koulussa ja julkisilla paikoilla<\/p>\n<p class=\"aw-1gybjub aw-1p7kakr kEtdKx cEmitX yle__article__paragraph\">Yksityisel\u00e4m\u00e4\u00e4 loukkaavassa tiedon levitt\u00e4misess\u00e4 oli kyse siit\u00e4, ett\u00e4 tuomittu oli kuvannut piinaamaansa poikaa koulussa ja muilla julkisilla paikoilla. H\u00e4n oli julkaissut useita videoita ja ainakin yhden kuvan Tiktok-sovelluksessa. Tuomittu oli keksinyt julkaisuihin kuvatekstit tarkoituksenaan halventaa uhriaan.<\/p>\n<p class=\"aw-1gybjub aw-1p7kakr kEtdKx cEmitX yle__article__paragraph\">Vastaaja oli my\u00f6s haukkunut koulutoveriaan alatyylisesti, varastanut h\u00e4nen kenk\u00e4ns\u00e4 ja heitt\u00e4nyt ne vesist\u00f6\u00f6n.<\/p>\n<p class=\"aw-1gybjub aw-1p7kakr kEtdKx cEmitX yle__article__paragraph\">H\u00e4n my\u00f6s uhkasi, ett\u00e4 pahoinpitelee pojan koulup\u00e4iv\u00e4n j\u00e4lkeen. Tuomittu oli esitt\u00e4nyt uhkauksensa muille oppilaille, mink\u00e4 j\u00e4lkeen uhkaus tuli henkil\u00f6kunnan tietoon. Koulun henkil\u00f6kunta oli joutunut varmistamaan koulumatkan turvallisuuden.<\/p>\n<p class=\"aw-1gybjub aw-1p7kakr kEtdKx cEmitX yle__article__paragraph\">Rikoksista salakatselu kohdistui piinatun pojan \u00e4itiin. Vastaaja oli kuvannut salaa koulutoverinsa \u00e4iti\u00e4, joka oli ollut kotinsa kuistilla.<\/p>\n<p class=\"aw-1gybjub aw-1p7kakr kEtdKx cEmitX yle__article__paragraph\">Tuomittu tunnusti rikokset oikeudessa. H\u00e4n kuitenkin katsoi, ett\u00e4 somessa julkaistut kuvatekstit eiv\u00e4t halventaneet uhria. K\u00e4r\u00e4j\u00e4oikeuden joulukuussa antama tuomio on saamassa lainvoiman, koska tuomiosta ei ilmoitettu tyytym\u00e4tt\u00f6myytt\u00e4 m\u00e4\u00e4r\u00e4aikaan menness\u00e4.<\/p>\n<p>Esitutkinta osasta rikoksia on kesken<\/p>\n<p class=\"aw-1gybjub aw-1p7kakr kEtdKx cEmitX yle__article__paragraph\">Oikeudessa k\u00e4siteltiin nyt vuoden 2024 tapahtumia, mutta h\u00e4irik\u00f6inti muuttui vakavampaan suuntaan. Poika muun muassa tunnusti poliisille, ett\u00e4 h\u00e4n uhkasi vuonna 2025 ampua koulutoverinsa ja leikata h\u00e4nen p\u00e4\u00e4ns\u00e4 irti.<\/p>\n<p class=\"aw-1gybjub aw-1p7kakr kEtdKx cEmitX yle__article__paragraph\">Tuomittu m\u00e4\u00e4r\u00e4ttiin viime kes\u00e4n\u00e4 vuodeksi <a class=\"aw-iao6s4 iHOxEa yle__article__link\" href=\"https:\/\/yle.fi\/a\/74-20173952\" role=\"link\" rel=\"nofollow noopener\" target=\"_blank\">laajennettuun l\u00e4hestymiskieltoon<\/a> poikaa ja t\u00e4m\u00e4n \u00e4iti\u00e4 kohtaan.<\/p>\n<p class=\"aw-1gybjub aw-1p7kakr kEtdKx cEmitX yle__article__paragraph\">Rikoskomisario <strong class=\"aw-ak79eh KyCXm yle__article__strong\">Taija Kostamo<\/strong> It\u00e4-Suomen poliisista kertoo, ett\u00e4 rikostutkinta vuoden 2025 tapahtumien osalta on viel\u00e4 kesken.<\/p>\n<p class=\"aw-1gybjub aw-1p7kakr kEtdKx cEmitX yle__article__paragraph\">Kostamo pit\u00e4\u00e4 tapausta poikkeuksellisena, koska alaik\u00e4inen ep\u00e4ilty on kohdistanut toiseen lapseen vakavia ja raakoja uhkauksia.<\/p>\n","protected":false},"excerpt":{"rendered":"Poliisi pit\u00e4\u00e4 tapausta poikkeuksellisena ja vakavana. Tekohetkell\u00e4 16-vuotias tuomittu piinasi ja kuvasi uhriaan vuosina 2024 ja 2025. Avaa&hellip;\n","protected":false},"author":2,"featured_media":129971,"comment_status":"","ping_status":"","sticky":false,"template":"","format":"standard","meta":{"footnotes":""},"categories":[12],"tags":[22,23,26,27,33,31,30,3303,17,71,9562,842,24,25,28,29,15,18,21,1137,581,32,19,20,16],"class_list":{"0":"post-129970","1":"post","2":"type-post","3":"status-publish","4":"format-standard","5":"has-post-thumbnail","7":"category-suomi","8":"tag-breaking-news","9":"tag-breakingnews","10":"tag-featured-news","11":"tag-featurednews","12":"tag-fi","13":"tag-finland","14":"tag-finnish","15":"tag-hairinta","16":"tag-headlines","17":"tag-kotimaa","18":"tag-koulukiusaaminen","19":"tag-koululaiset","20":"tag-latest-news","21":"tag-latestnews","22":"tag-main-news","23":"tag-mainnews","24":"tag-news","25":"tag-otsikot","26":"tag-paauutiset","27":"tag-pohjois-karjala","28":"tag-rikokset","29":"tag-suomi","30":"tag-top-stories","31":"tag-topstories","32":"tag-uutiset"},"share_on_mastodon":{"url":"https:\/\/pubeurope.com\/@fi\/115814903676707544","error":""},"_links":{"self":[{"href":"https:\/\/www.europesays.com\/fi\/wp-json\/wp\/v2\/posts\/129970","targetHints":{"allow":["GET"]}}],"collection":[{"href":"https:\/\/www.europesays.com\/fi\/wp-json\/wp\/v2\/posts"}],"about":[{"href":"https:\/\/www.europesays.com\/fi\/wp-json\/wp\/v2\/types\/post"}],"author":[{"embeddable":true,"href":"https:\/\/www.europesays.com\/fi\/wp-json\/wp\/v2\/users\/2"}],"replies":[{"embeddable":true,"href":"https:\/\/www.europesays.com\/fi\/wp-json\/wp\/v2\/comments?post=129970"}],"version-history":[{"count":0,"href":"https:\/\/www.europesays.com\/fi\/wp-json\/wp\/v2\/posts\/129970\/revisions"}],"wp:featuredmedia":[{"embeddable":true,"href":"https:\/\/www.europesays.com\/fi\/wp-json\/wp\/v2\/media\/129971"}],"wp:attachment":[{"href":"https:\/\/www.europesays.com\/fi\/wp-json\/wp\/v2\/media?parent=129970"}],"wp:term":[{"taxonomy":"category","embeddable":true,"href":"https:\/\/www.europesays.com\/fi\/wp-json\/wp\/v2\/categories?post=129970"},{"taxonomy":"post_tag","embeddable":true,"href":"https:\/\/www.europesays.com\/fi\/wp-json\/wp\/v2\/tags?post=129970"}],"curies":[{"name":"wp","href":"https:\/\/api.w.org\/{rel}","templated":true}]}}