{"id":129974,"date":"2025-12-31T15:44:08","date_gmt":"2025-12-31T15:44:08","guid":{"rendered":"https:\/\/www.europesays.com\/fi\/129974\/"},"modified":"2025-12-31T15:44:08","modified_gmt":"2025-12-31T15:44:08","slug":"erika-vikmanille-komea-tunnustus","status":"publish","type":"post","link":"https:\/\/www.europesays.com\/fi\/129974\/","title":{"rendered":"Erika Vikmanille komea tunnustus"},"content":{"rendered":"<p>Erika Vikman on valittu Euroviisujen tyyli-ikoniksi.<\/p>\n<p><img decoding=\"async\" class=\"image image-show image-preview\" src=\"https:\/\/www.europesays.com\/fi\/wp-content\/uploads\/2025\/12\/8390d477b42f3f4edff97eb203ef595a0707d05ba23615bfff96f1dd9fcb5ca0.jpg\" alt=\"\"\/><img decoding=\"async\" class=\"image image-show\" src=\"https:\/\/www.europesays.com\/fi\/wp-content\/uploads\/2025\/12\/1767195848_31_8390d477b42f3f4edff97eb203ef595a0707d05ba23615bfff96f1dd9fcb5ca0.jpg\" alt=\"\"\/><\/p>\n<p>Erika Vikman Baselin Euroviisuissa.  Alma Bengtson<\/p>\n<p class=\"paragraph\">Euroviisuista on jo useampi kuukausi, mutta viel\u00e4 on viimeisten tunnustusten vuoro.<\/p>\n<p class=\"paragraph\">Euroviisut kertovat nyt somekanavillaan, ett\u00e4 Euroviisujen tyyli-ikoniksi \u00e4\u00e4nestettiin Suomen viisuedustaja <a href=\"https:\/\/www.iltalehti.fi\/henkilot\/Erika Vikman\" class=\"article-link-person-page\" rel=\"nofollow noopener\" target=\"_blank\">Erika Vikman<\/a>. Valinnan tekiv\u00e4t viisufanit \u00e4\u00e4nest\u00e4m\u00e4ll\u00e4.<\/p>\n<p class=\"paragraph\">Itse viisuissa Vikman sijoittui kappaleellaan Ich komme sijalle 11.<\/p>\n<p class=\"paragraph\">Viisut voitti toukokuussa It\u00e4vallan <strong>JJ<\/strong>. Fanit \u00e4\u00e4nestiv\u00e4t nyt h\u00e4nen laulusuorituksensa viisujen parhaaksi.<\/p>\n<p class=\"paragraph\">Parhaan koreografian titteli meni Puolan <strong>Justyna Steczkowskalle<\/strong>.<\/p>\n<p class=\"paragraph\">Viisujen mukavimmiksi puolestaan \u00e4\u00e4nestettiin Maltan <a href=\"https:\/\/www.iltalehti.fi\/henkilot\/Miriana Conte\" class=\"article-link-person-page\" rel=\"nofollow noopener\" target=\"_blank\">Miriana Conte<\/a> sek\u00e4 Tanskan <strong>Sissal<\/strong>.<\/p>\n<p>Erika Vikman esiintyi viisuissa Anna Sarasojan suunnittelemassa asussa.  AOP<\/p>\n<p>Erika Vikman viisujen avajaisissa.  AOP<\/p>\n","protected":false},"excerpt":{"rendered":"Erika Vikman on valittu Euroviisujen tyyli-ikoniksi. Erika Vikman Baselin Euroviisuissa. Alma Bengtson Euroviisuista on jo useampi kuukausi, mutta&hellip;\n","protected":false},"author":2,"featured_media":129975,"comment_status":"","ping_status":"","sticky":false,"template":"","format":"standard","meta":{"footnotes":""},"categories":[136],"tags":[35,138,407,137,33,31,30,408,525,47,141,32,484,109],"class_list":{"0":"post-129974","1":"post","2":"type-post","3":"status-publish","4":"format-standard","5":"has-post-thumbnail","7":"category-julkkikset","8":"tag-24h","9":"tag-audio","10":"tag-celebrities","11":"tag-entertainment","12":"tag-fi","13":"tag-finland","14":"tag-finnish","15":"tag-julkkikset","16":"tag-laulaminen-ja-laulajat","17":"tag-musiikki","18":"tag-muusikot-bandit","19":"tag-suomi","20":"tag-taiteellinen-ilmaisu-ja-mediat","21":"tag-viihde"},"share_on_mastodon":{"url":"https:\/\/pubeurope.com\/@fi\/115814954613917801","error":""},"_links":{"self":[{"href":"https:\/\/www.europesays.com\/fi\/wp-json\/wp\/v2\/posts\/129974","targetHints":{"allow":["GET"]}}],"collection":[{"href":"https:\/\/www.europesays.com\/fi\/wp-json\/wp\/v2\/posts"}],"about":[{"href":"https:\/\/www.europesays.com\/fi\/wp-json\/wp\/v2\/types\/post"}],"author":[{"embeddable":true,"href":"https:\/\/www.europesays.com\/fi\/wp-json\/wp\/v2\/users\/2"}],"replies":[{"embeddable":true,"href":"https:\/\/www.europesays.com\/fi\/wp-json\/wp\/v2\/comments?post=129974"}],"version-history":[{"count":0,"href":"https:\/\/www.europesays.com\/fi\/wp-json\/wp\/v2\/posts\/129974\/revisions"}],"wp:featuredmedia":[{"embeddable":true,"href":"https:\/\/www.europesays.com\/fi\/wp-json\/wp\/v2\/media\/129975"}],"wp:attachment":[{"href":"https:\/\/www.europesays.com\/fi\/wp-json\/wp\/v2\/media?parent=129974"}],"wp:term":[{"taxonomy":"category","embeddable":true,"href":"https:\/\/www.europesays.com\/fi\/wp-json\/wp\/v2\/categories?post=129974"},{"taxonomy":"post_tag","embeddable":true,"href":"https:\/\/www.europesays.com\/fi\/wp-json\/wp\/v2\/tags?post=129974"}],"curies":[{"name":"wp","href":"https:\/\/api.w.org\/{rel}","templated":true}]}}