{"id":129976,"date":"2025-12-31T15:47:07","date_gmt":"2025-12-31T15:47:07","guid":{"rendered":"https:\/\/www.europesays.com\/fi\/129976\/"},"modified":"2025-12-31T15:47:07","modified_gmt":"2025-12-31T15:47:07","slug":"harrison-fordin-komediasarja-jatkuu-apple-tvssa-talta-nayttaa-shrinkingin-kolmas-kausi","status":"publish","type":"post","link":"https:\/\/www.europesays.com\/fi\/129976\/","title":{"rendered":"Harrison Fordin komediasarja jatkuu Apple TV:ss\u00e4 \u2013 T\u00e4lt\u00e4 n\u00e4ytt\u00e4\u00e4 Shrinkingin kolmas kausi"},"content":{"rendered":"<p>Shrinking-sarjan kolmas kausi alkaa Apple TV:ssa tammikuun lopussa.<\/p>\n<p>Apple TV on julkaissut uuden trailerin <a href=\"https:\/\/muropaketti.com\/avainsana\/harrison-ford\/\" rel=\"nofollow noopener\" target=\"_blank\">Harrison Fordin<\/a> ja Jason Segelin t\u00e4hditt\u00e4m\u00e4n draamakomediasarjan kolmannesta kaudesta. Shrinking-sarjan uusi kausi alkaa Apple TV:ssa 28. tammikuuta.<\/p>\n<p>Shrinking kertoo Segelin esitt\u00e4m\u00e4st\u00e4, surevasta terapeutista, joka rikkoo s\u00e4\u00e4nt\u00f6j\u00e4 ja alkaa kertoa potilailleen suoraan mit\u00e4 heist\u00e4 ajattelee. Ford esitt\u00e4\u00e4 h\u00e4nen vanhempaa kollegaansa. <\/p>\n<p>Segelin ja Fordin lis\u00e4ksi sarjassa n\u00e4yttelev\u00e4t muun muassa Christa Miller, Jessica Williams, Michael Urie, Luke Tennie, Lukita Maxwell ja Brett Goldstein.<\/p>\n<p>Kolmannella kaudella sarjassa vierailee my\u00f6s trailerissakin vilahtava Michael J. Fox sek\u00e4 Jimmyn is\u00e4\u00e4 esitt\u00e4v\u00e4 Jeff Daniels. Muita uusia kasvoja ovat Damon Wayans Jr., Wendie Malick ja Cobie Smulders.<\/p>\n<p>Emmy-ehdolla molemmilla aiemmilla kausillaan olleen sarjan ovat luoneet Brett Goldstein ja Jason Segel yhdess\u00e4 Bill Lawrencen kanssa.<\/p>\n<p>Kolmas kausi alkaa tunnin mittaisella jaksolla 28. tammikuuta, jonka j\u00e4lkeen sarjasta julkaistaan jakso viikossa aina keskiviikkoisin. Kauden finaalijakso julkaistaan 8. huhtikuuta.<\/p>\n","protected":false},"excerpt":{"rendered":"Shrinking-sarjan kolmas kausi alkaa Apple TV:ssa tammikuun lopussa. Apple TV on julkaissut uuden trailerin Harrison Fordin ja Jason&hellip;\n","protected":false},"author":2,"featured_media":129977,"comment_status":"","ping_status":"","sticky":false,"template":"","format":"standard","meta":{"footnotes":""},"categories":[133],"tags":[5097,10435,23053,2873,137,33,31,30,6827,15408,1369,32,206,156,109],"class_list":{"0":"post-129976","1":"post","2":"type-post","3":"status-publish","4":"format-standard","5":"has-post-thumbnail","7":"category-televisiot","8":"tag-apple-tv","9":"tag-apple-tv-sarjat","10":"tag-brett-goldstein","11":"tag-elokuvatrailerit","12":"tag-entertainment","13":"tag-fi","14":"tag-finland","15":"tag-finnish","16":"tag-harrison-ford","17":"tag-jason-segel","18":"tag-sarjat","19":"tag-suomi","20":"tag-televisiot","21":"tag-tv","22":"tag-viihde"},"share_on_mastodon":{"url":"https:\/\/pubeurope.com\/@fi\/115814966383387618","error":""},"_links":{"self":[{"href":"https:\/\/www.europesays.com\/fi\/wp-json\/wp\/v2\/posts\/129976","targetHints":{"allow":["GET"]}}],"collection":[{"href":"https:\/\/www.europesays.com\/fi\/wp-json\/wp\/v2\/posts"}],"about":[{"href":"https:\/\/www.europesays.com\/fi\/wp-json\/wp\/v2\/types\/post"}],"author":[{"embeddable":true,"href":"https:\/\/www.europesays.com\/fi\/wp-json\/wp\/v2\/users\/2"}],"replies":[{"embeddable":true,"href":"https:\/\/www.europesays.com\/fi\/wp-json\/wp\/v2\/comments?post=129976"}],"version-history":[{"count":0,"href":"https:\/\/www.europesays.com\/fi\/wp-json\/wp\/v2\/posts\/129976\/revisions"}],"wp:featuredmedia":[{"embeddable":true,"href":"https:\/\/www.europesays.com\/fi\/wp-json\/wp\/v2\/media\/129977"}],"wp:attachment":[{"href":"https:\/\/www.europesays.com\/fi\/wp-json\/wp\/v2\/media?parent=129976"}],"wp:term":[{"taxonomy":"category","embeddable":true,"href":"https:\/\/www.europesays.com\/fi\/wp-json\/wp\/v2\/categories?post=129976"},{"taxonomy":"post_tag","embeddable":true,"href":"https:\/\/www.europesays.com\/fi\/wp-json\/wp\/v2\/tags?post=129976"}],"curies":[{"name":"wp","href":"https:\/\/api.w.org\/{rel}","templated":true}]}}