{"id":129982,"date":"2025-12-31T15:52:09","date_gmt":"2025-12-31T15:52:09","guid":{"rendered":"https:\/\/www.europesays.com\/fi\/129982\/"},"modified":"2025-12-31T15:52:09","modified_gmt":"2025-12-31T15:52:09","slug":"tangoprinssin-lomafiasko-homehuone-ja-14-tuntia-laukkupummina-lentokentalla","status":"publish","type":"post","link":"https:\/\/www.europesays.com\/fi\/129982\/","title":{"rendered":"Tangoprinssin lomafiasko: homehuone ja 14 tuntia \u201dlaukkupummina\u201d lentokent\u00e4ll\u00e4"},"content":{"rendered":"<p class=\"has-drop-cap\"><strong>Markku Uhlb\u00e4ck <\/strong>on kaksinkertainen tangoprinssi vuosilta 2016 ja 2017 sek\u00e4 vuoden 2025 tangofinalisti Sein\u00e4joen Tangomarkkinoilta.<\/p>\n<p>Siviiliammatiltaan Markku, 42, on luokanopettaja. H\u00e4n on l\u00e4ht\u00f6isin Kuhmosta ja asuu nykyisin Kuopiossa.\u00a0Markku on tuttu nimi tanssikansalle, sill\u00e4 on keikkaillut ja esiintynyt jo pitk\u00e4\u00e4n.<\/p>\n<p>Nyt Markku lomailee Pohjois-Afrikassa Tunisiassa, mutta laulajan matkan alku on ollut katastrofaalinen. H\u00e4n l\u00e4hti lomalle viime viikonloppuna.<\/p>\n<p>\u201dReissu l\u00e4hti liikkeelle melkoisella kaaoksella. Hannes-myrsky riepotteli osin my\u00f6s Helsinki-Vantaata ja oma lentoni p\u00e4\u00e4si l\u00e4htem\u00e4\u00e4n matkaan my\u00f6h\u00e4ss\u00e4. Tunisiassa minulle selvisi, ett\u00e4 matkalaukkuni on kadonnut\u201d, Markku selostaa.<\/p>\n<p>Laukun katoamisesta alkoi melkoinen seikkailu.<\/p>\n<p><strong>Lue my\u00f6s: <\/strong><a href=\"https:\/\/www.tanssiin.fi\/tuplatangoprinssi-markku-uhlback-on-kypsynyt-esiintyjana-ja-ihmisena-pitaa-parisuhteensa-piilossa\/\" title=\"Tuplatangoprinssi Markku Uhlb\u00e4ck on kypsynyt esiintyj\u00e4n\u00e4 ja ihmisen\u00e4 \u2013 pit\u00e4\u00e4 parisuhteensa piilossa\" rel=\"nofollow noopener\" target=\"_blank\">Tuplatangoprinssi Markku Uhlb\u00e4ck on kypsynyt esiintyj\u00e4n\u00e4 ja ihmisen\u00e4 \u2013 pit\u00e4\u00e4 parisuhteensa piilossa<\/a><\/p>\n<p>\u201dOlin niin s\u00e4\u00e4litt\u00e4v\u00e4n n\u00e4k\u00f6inen tapaus\u2026\u201d<\/p>\n<p>Markun lomalento laskeutui maan p\u00e4\u00e4kaupunkiin Tunisiin. Sielt\u00e4 on matkaa laulajan majapaikkaan noin 140 kilometri\u00e4.<\/p>\n<p>\u201dSain kuulla, ett\u00e4 Tunisiassa ei matkalaukkua toimiteta matkaajalle, vaan se pit\u00e4\u00e4 itse lunastaa lentokent\u00e4lt\u00e4 sen sinne j\u00e4lkitoimituksena saapuessa. Minulle kerrottiin, ett\u00e4 matkalaukkuni saapuu 14 tunnin kuluttua seuraavalla Air Francen lennolla\u201d, Markku kertoo somessa.<\/p>\n<p>\u201dNoh, nopean neuvottomankin toimintasuunnitelman tehty\u00e4ni p\u00e4\u00e4tin j\u00e4\u00e4d\u00e4 lentokent\u00e4lle odottamaan laukkuani. En n\u00e4hnyt mit\u00e4\u00e4n j\u00e4rke\u00e4 siin\u00e4, ett\u00e4 ajaisin taksilla vuorokauden sis\u00e4\u00e4n yli 400 kilometri\u00e4 ees-taas. Ja ei, en p\u00e4\u00e4tynyt mihink\u00e4\u00e4n lentokentt\u00e4hotelliin, vaan kulutin aikaani Tunisin lentokent\u00e4ll\u00e4 kuin pummi konsanaan. Olin jossain kohtaa niin s\u00e4\u00e4litt\u00e4v\u00e4n n\u00e4k\u00f6inen tapaus, ett\u00e4 jopa lentokent\u00e4n henkil\u00f6kunta tarjosi minulle suolakeksej\u00e4.\u201d<\/p>\n<p><strong>Lue my\u00f6s:<\/strong> <a href=\"https:\/\/www.tanssiin.fi\/markku-uhlback-yllattaa-sinkullaan-versioin-suomen-tykeimman-euroviisun\/\" title=\"Markku Uhlb\u00e4ck yll\u00e4tt\u00e4\u00e4 sinkullaan: \u201dVersioin Suomen tykeimm\u00e4n Euroviisun\u201d\" rel=\"nofollow noopener\" target=\"_blank\">Markku Uhlb\u00e4ck yll\u00e4tt\u00e4\u00e4 sinkullaan: \u201dVersioin Suomen tykeimm\u00e4n Euroviisun\u201d<\/a><\/p>\n<p>&#8221;Suihkun vedet valuivat olohuoneeseen&#8221;<\/p>\n<p>Tangoprinssi sai laukkunsa lopulta &#8221;el\u00e4m\u00e4n pisimm\u00e4n 14 tunnin odotuksen j\u00e4lkeen&#8221;.<\/p>\n<p>Seuraava shokki odotti hotellissa.<\/p>\n<p>&#8221;Huone oli enemm\u00e4n maakellari kuin hotellihuone haisten homeelle. Suihkuun oli kuitenkin p\u00e4\u00e4st\u00e4v\u00e4 rankan rupeaman j\u00e4lkeen. Vedet valuivat suihkusta olohuoneeseen t\u00e4ytt\u00e4en koko lattian. T\u00e4m\u00e4 oli varmasti sattunut kymmeni\u00e4 kertoja aiemminkin, koska home oli kaikissa rakenteissa.&#8221;<\/p>\n<p>Uuttavuotta Markku saa sent\u00e4\u00e4n ottaa vastaan uudessa huoneesa.<\/p>\n<p>&#8221;T\u00e4n\u00e4\u00e4n sain uuden huoneen. T\u00e4t\u00e4 min\u00e4 tilasin, kun ostin nelj\u00e4n t\u00e4hden all Inclusive -loman. Kaikkien vastoink\u00e4ymisten j\u00e4lkeen olen lomalla, lomalla viimeinkin.&#8221;<\/p>\n<p>Kirjoittanut:<br \/>\n<img loading=\"lazy\" data-lazyloaded=\"1\" width=\"512\" height=\"512\" decoding=\"async\" class=\"aioseo-author-image\" src=\"https:\/\/www.europesays.com\/fi\/wp-content\/uploads\/2025\/10\/cropped-tanssiin-logo.jpg\" alt=\"author avatar\"\/><\/p>\n<p>Tanssiin.fi<\/p>\n<p>\nTanssi- ja iskelm\u00e4musiikin uutiset asiantuntevasti.<\/p>\n<p><img loading=\"lazy\" decoding=\"async\" data-lazyloaded=\"1\" width=\"512\" height=\"512\" class=\"aioseo-author-bio-compact-image\" src=\"https:\/\/www.europesays.com\/fi\/wp-content\/uploads\/2025\/10\/cropped-tanssiin-logo.jpg\" alt=\"author avatar\"\/><br \/>\nTanssi- ja iskelm\u00e4musiikin uutiset asiantuntevasti.<\/p>\n<p>0%<br \/>\nIhana<\/p>\n<p>0%<br \/>\nHauska<\/p>\n<p>0%<br \/>\nVau<\/p>\n<p>0%<br \/>\nSurullinen<\/p>\n<p>0%<br \/>\nVihainen\n<\/p>\n<p>Post navigation<\/p>\n","protected":false},"excerpt":{"rendered":"Markku Uhlb\u00e4ck on kaksinkertainen tangoprinssi vuosilta 2016 ja 2017 sek\u00e4 vuoden 2025 tangofinalisti Sein\u00e4joen Tangomarkkinoilta. Siviiliammatiltaan Markku, 42,&hellip;\n","protected":false},"author":2,"featured_media":129983,"comment_status":"","ping_status":"","sticky":false,"template":"","format":"standard","meta":{"footnotes":""},"categories":[130],"tags":[137,33,31,30,2271,23055,32,4049,9286,16,109],"class_list":{"0":"post-129982","1":"post","2":"type-post","3":"status-publish","4":"format-standard","5":"has-post-thumbnail","7":"category-viihde","8":"tag-entertainment","9":"tag-fi","10":"tag-finland","11":"tag-finnish","12":"tag-loma","13":"tag-markku-uhlback","14":"tag-suomi","15":"tag-tanssitahdet","16":"tag-tunisia","17":"tag-uutiset","18":"tag-viihde"},"share_on_mastodon":{"url":"https:\/\/pubeurope.com\/@fi\/115814986067960113","error":""},"_links":{"self":[{"href":"https:\/\/www.europesays.com\/fi\/wp-json\/wp\/v2\/posts\/129982","targetHints":{"allow":["GET"]}}],"collection":[{"href":"https:\/\/www.europesays.com\/fi\/wp-json\/wp\/v2\/posts"}],"about":[{"href":"https:\/\/www.europesays.com\/fi\/wp-json\/wp\/v2\/types\/post"}],"author":[{"embeddable":true,"href":"https:\/\/www.europesays.com\/fi\/wp-json\/wp\/v2\/users\/2"}],"replies":[{"embeddable":true,"href":"https:\/\/www.europesays.com\/fi\/wp-json\/wp\/v2\/comments?post=129982"}],"version-history":[{"count":0,"href":"https:\/\/www.europesays.com\/fi\/wp-json\/wp\/v2\/posts\/129982\/revisions"}],"wp:featuredmedia":[{"embeddable":true,"href":"https:\/\/www.europesays.com\/fi\/wp-json\/wp\/v2\/media\/129983"}],"wp:attachment":[{"href":"https:\/\/www.europesays.com\/fi\/wp-json\/wp\/v2\/media?parent=129982"}],"wp:term":[{"taxonomy":"category","embeddable":true,"href":"https:\/\/www.europesays.com\/fi\/wp-json\/wp\/v2\/categories?post=129982"},{"taxonomy":"post_tag","embeddable":true,"href":"https:\/\/www.europesays.com\/fi\/wp-json\/wp\/v2\/tags?post=129982"}],"curies":[{"name":"wp","href":"https:\/\/api.w.org\/{rel}","templated":true}]}}