{"id":129994,"date":"2025-12-31T16:15:08","date_gmt":"2025-12-31T16:15:08","guid":{"rendered":"https:\/\/www.europesays.com\/fi\/129994\/"},"modified":"2025-12-31T16:15:08","modified_gmt":"2025-12-31T16:15:08","slug":"valipaivien-zombi-oloon-taydellista-katseltavaa-kaikki-177-apokalyptisen-hittisarjan-jaksoa-nyt-netflixissa","status":"publish","type":"post","link":"https:\/\/www.europesays.com\/fi\/129994\/","title":{"rendered":"V\u00e4lip\u00e4ivien zombi-oloon t\u00e4ydellist\u00e4 katseltavaa: kaikki 177 apokalyptisen hittisarjan jaksoa nyt Netflixiss\u00e4"},"content":{"rendered":"<p>The Walking Dead -zombiedraaman yst\u00e4vien kannattaa suunnata nyt aktivoimaan Netflix-tilauksensa. Sarjan kaikki 11 tuotantokautta on nimitt\u00e4in lis\u00e4tty suoratoistettavaksi palveluun uuden vuoden aaton kunniaksi t\u00e4n\u00e4\u00e4n keskiviikkona 31. joulukuuta.<\/p>\n<p>Alun alkujaan syksyll\u00e4 2010 k\u00e4ynnistynyt <strong>Robert Kirkmanin<\/strong> samannimisiin sarjakuvateoksiin pohjaava sarja kasvatti suosiotaan tasaiseen tahtiin vuosien varrella. Se onkin t\u00e4h\u00e4n menness\u00e4 pisimp\u00e4\u00e4n jatkunut el\u00e4vi\u00e4 kuolleita k\u00e4sittelev\u00e4 sarja. P\u00e4\u00e4tarinan lis\u00e4ksi franchise on vuosien varrella laajentunut my\u00f6s jopa kuuden erillisen spin-off-sarjan muotoon.<\/p>\n<p>Lue my\u00f6s: <a href=\"https:\/\/www.episodi.fi\/uutiset\/the-walking-dead-tekija-amy-blanc-lacy-on-kuollut-jouduttuaan-autokolariin\/\" title=\"The Walking Dead -tekij\u00e4 Amy Blanc Lacy on kuollut jouduttuaan autokolariin\" class=\"underline-custom !font-montserrat !font-bold !underline-offset-4 !decoration-4 !decoration-episodi-blue !text-md\" rel=\"nofollow noopener\" target=\"_blank\">The Walking Dead -tekij\u00e4 Amy Blanc Lacy on kuollut jouduttuaan autokolariin<\/a><\/p>\n<p>Lue my\u00f6s: <a href=\"https:\/\/www.episodi.fi\/uutiset\/the-walking-dead-suosikkihahmojen-sarja-saa-jatkoa-elavia-kuolleita-pelataan-manhattanilla-pian-jo-kolmatta-kertaa\/\" title=\"The Walking Dead -suosikkihahmojen sarja saa jatkoa \u2013 el\u00e4vi\u00e4 kuolleita pel\u00e4t\u00e4\u00e4n Manhattanilla pian jo kolmatta kertaa\" class=\"underline-custom !font-montserrat !font-bold !underline-offset-4 !decoration-4 !decoration-episodi-blue !text-md\" rel=\"nofollow noopener\" target=\"_blank\">The Walking Dead -suosikkihahmojen sarja saa jatkoa \u2013 el\u00e4vi\u00e4 kuolleita pel\u00e4t\u00e4\u00e4n Manhattanilla pian jo kolmatta kertaa<\/a><\/p>\n<p>11 tuotantokautta koostuvat yhteens\u00e4 177 jaksosta. <\/p>\n<p>Sarjan avainrooleissa kausien varrella n\u00e4hd\u00e4\u00e4n muun muassa <strong>Andrew Lincoln<\/strong>, <strong>Norman Reedus<\/strong>, <strong>Steven Yeun<\/strong>, <strong>Lauren Cohan<\/strong>, <strong>Melissa McBride<\/strong>, <strong>Khary Peyton<\/strong>, <strong>Michael Cudlitz<\/strong>, <strong>Tom Payne<\/strong>, <strong>Ross Marquand<\/strong>, <strong>Samantha Morton<\/strong>,<strong> Jeffrey Dean Morgan<\/strong> ja <strong>Danai Gurira<\/strong>.<\/p>\n<p>Alla The Walking Deadin ensimm\u00e4isen tuotantokauden traileri.<\/p>\n<p><img loading=\"lazy\" decoding=\"async\" alt=\"YouTube video\" width=\"480\" height=\"360\" data-pin-nopin=\"true\" nopin=\"nopin\" class=\"perfmatters-lazy\" src=\"https:\/\/www.europesays.com\/fi\/wp-content\/uploads\/2025\/12\/1767197708_626_hqdefault.jpg\"\/><\/p>\n<p>Lue my\u00f6s: <a href=\"https:\/\/www.episodi.fi\/uutiskirje\/?uutiskirjemainos=tekstilinkkimainos\" title=\"Tilaa Episodin uutiskirje ja voit voittaa leffalippuja! Nappaa tv-vinkit suoraan s\u00e4hk\u00f6postiin t\u00e4st\u00e4.\" class=\"underline-custom !font-montserrat !font-bold !underline-offset-4 !decoration-4 !decoration-episodi-blue !text-md\" rel=\"nofollow noopener\" target=\"_blank\">Tilaa Episodin uutiskirje ja voit voittaa leffalippuja! Nappaa katseluvinkit suoraan s\u00e4hk\u00f6postiin t\u00e4st\u00e4.<\/a><\/p>\n","protected":false},"excerpt":{"rendered":"The Walking Dead -zombiedraaman yst\u00e4vien kannattaa suunnata nyt aktivoimaan Netflix-tilauksensa. Sarjan kaikki 11 tuotantokautta on nimitt\u00e4in lis\u00e4tty suoratoistettavaksi&hellip;\n","protected":false},"author":2,"featured_media":129995,"comment_status":"","ping_status":"","sticky":false,"template":"","format":"standard","meta":{"footnotes":""},"categories":[131],"tags":[155,137,33,173,31,30,172,217,32,570,20689,571,109,11353],"class_list":{"0":"post-129994","1":"post","2":"type-post","3":"status-publish","4":"format-standard","5":"has-post-thumbnail","7":"category-elokuvat","8":"tag-elokuvat","9":"tag-entertainment","10":"tag-fi","11":"tag-film","12":"tag-finland","13":"tag-finnish","14":"tag-movies","15":"tag-netflix","16":"tag-suomi","17":"tag-suoratoisto","18":"tag-the-walking-dead","19":"tag-tv-sarjat","20":"tag-viihde","21":"tag-zombit"},"share_on_mastodon":{"url":"https:\/\/pubeurope.com\/@fi\/115815076481394506","error":""},"_links":{"self":[{"href":"https:\/\/www.europesays.com\/fi\/wp-json\/wp\/v2\/posts\/129994","targetHints":{"allow":["GET"]}}],"collection":[{"href":"https:\/\/www.europesays.com\/fi\/wp-json\/wp\/v2\/posts"}],"about":[{"href":"https:\/\/www.europesays.com\/fi\/wp-json\/wp\/v2\/types\/post"}],"author":[{"embeddable":true,"href":"https:\/\/www.europesays.com\/fi\/wp-json\/wp\/v2\/users\/2"}],"replies":[{"embeddable":true,"href":"https:\/\/www.europesays.com\/fi\/wp-json\/wp\/v2\/comments?post=129994"}],"version-history":[{"count":0,"href":"https:\/\/www.europesays.com\/fi\/wp-json\/wp\/v2\/posts\/129994\/revisions"}],"wp:featuredmedia":[{"embeddable":true,"href":"https:\/\/www.europesays.com\/fi\/wp-json\/wp\/v2\/media\/129995"}],"wp:attachment":[{"href":"https:\/\/www.europesays.com\/fi\/wp-json\/wp\/v2\/media?parent=129994"}],"wp:term":[{"taxonomy":"category","embeddable":true,"href":"https:\/\/www.europesays.com\/fi\/wp-json\/wp\/v2\/categories?post=129994"},{"taxonomy":"post_tag","embeddable":true,"href":"https:\/\/www.europesays.com\/fi\/wp-json\/wp\/v2\/tags?post=129994"}],"curies":[{"name":"wp","href":"https:\/\/api.w.org\/{rel}","templated":true}]}}