{"id":129998,"date":"2025-12-31T16:18:07","date_gmt":"2025-12-31T16:18:07","guid":{"rendered":"https:\/\/www.europesays.com\/fi\/129998\/"},"modified":"2025-12-31T16:18:07","modified_gmt":"2025-12-31T16:18:07","slug":"juontaja-sara-forsberg-siskokin-on-laulaja-talta-han-kuulostaa","status":"publish","type":"post","link":"https:\/\/www.europesays.com\/fi\/129998\/","title":{"rendered":"Juontaja Sara Forsberg: Siskokin on laulaja &#8211; t\u00e4lt\u00e4 h\u00e4n kuulostaa"},"content":{"rendered":"<p class=\"article-content article-content-width !bg-background\"><a alt=\"Haku\" class=\"text-primary-red font-extrabold\" href=\"https:\/\/www.seiska.fi\/haku?q=Sara Forsberg\" rel=\"nofollow noopener\" target=\"_blank\">Sara Forsberg<\/a>, 31, singahti kuuluisuuteen vuonna 2014 julkaistuaan Youtubessa videoita, joilla h\u00e4n matki eri kieli\u00e4.\u00a0<\/p>\n<p class=\"article-content article-content-width !bg-background\">Kielinaisesta puhuttiin ymp\u00e4ri maailmaa. Viraaliksi levinneet videot avasivat pietarsaarelaiskaunottarelle ovia, joista useimmat voivat vain haaveilla. Sara kutsuttiin esimerkiksi vieraaksi <a alt=\"Haku\" class=\"text-primary-red font-extrabold\" href=\"https:\/\/www.seiska.fi\/haku?q=Ellen DeGeneresin\" rel=\"nofollow noopener\" target=\"_blank\">Ellen DeGeneresin<\/a> suosittuun talk show&#8217;hun.<\/p>\n<p class=\"article-content article-content-width !bg-background\">Sara onnistui vakuuttamaan kielellisell\u00e4 lahjakkuudellaan my\u00f6s elokuvantekij\u00e4t. Vuonna 2015 h\u00e4n sai luoda kuvitteellisella avaruusolioiden kielell\u00e4 puhuttuja repliikkej\u00e4 Star Wars: The Force Awakens -elokuvaan.\u00a0<\/p>\n<p>                <img decoding=\"async\" src=\"https:\/\/www.europesays.com\/fi\/wp-content\/uploads\/2025\/12\/2035202.webp.jpeg\" width=\"576\" height=\"720\" alt=\"Kielivideot veiv\u00e4t Saran asumaan Los Angelesiin. Arkistokuva 2017.\" loading=\"lazy\" \/>            <\/p>\n<p>\n            Kielivideot veiv\u00e4t Saran asumaan Los Angelesiin. Arkistokuva 2017.<br \/>\n            Santi Fox\n        <\/p>\n<p>Musikaalinen suurperhe<\/p>\n<p class=\"article-content article-content-width !bg-background\">Saran lahjat eiv\u00e4t kuitenkaan rajoitu siansaksalla l\u00f6pin\u00e4\u00e4n. H\u00e4n on my\u00f6s taitava laulaja. Ensimm\u00e4isen singlens\u00e4 Ur Cool h\u00e4n julkaisi kymmenen vuotta sitten artistinimell\u00e4 <a alt=\"Haku\" class=\"text-primary-red font-extrabold\" href=\"https:\/\/www.seiska.fi\/haku?q=SAARA\" rel=\"nofollow noopener\" target=\"_blank\">SAARA<\/a>. Musiikkia on kuultu my\u00f6hemminkin, mutta suuremman menestyksen Sara on kuitenkin l\u00f6yt\u00e4nyt radion parista.\u00a0<\/p>\n<p class=\"article-content article-content-width !bg-background\">Seitsem\u00e4nhenkisess\u00e4 perheess\u00e4 varttunut Sara ei ole sisarussarjansa ainoa lahjakkuus. My\u00f6s pikkusisko <a alt=\"Haku\" class=\"text-primary-red font-extrabold\" href=\"https:\/\/www.seiska.fi\/haku?q=Vera Forsberg\" rel=\"nofollow noopener\" target=\"_blank\">Vera Forsberg<\/a> ty\u00f6skentelee musiikin parissa.\u00a0<\/p>\n<p class=\"article-content article-content-width !bg-background\">Osa lukijoistamme saattaa muistaa Veran The Voice of Finland -ohjelman viidennelt\u00e4 tuotantokaudelta. <a alt=\"Haku\" class=\"text-primary-red font-extrabold\" href=\"https:\/\/www.seiska.fi\/haku?q=Redraman\" rel=\"nofollow noopener\" target=\"_blank\">Redraman<\/a> tiimiss\u00e4 kisaillut Vera tulkitsi jo koelauluissa n\u00e4ytt\u00e4v\u00e4sti <a alt=\"Haku\" class=\"text-primary-red font-extrabold\" href=\"https:\/\/www.seiska.fi\/haku?q=Ariana Grandea\" rel=\"nofollow noopener\" target=\"_blank\">Ariana Grandea<\/a>.\u00a0<\/p>\n<p>Kumpi laulaakaan?<\/p>\n<p class=\"article-content article-content-width !bg-background\">Veran lahjakkuus k\u00e4vi siis selv\u00e4ksi jo vuonna 2016. Vuosien vieriess\u00e4 nuori laulaja ei ole luopunut musiikista. Sara jakoi hiljattain Instagram-tarinoissaan<a href=\"https:\/\/www.instagram.com\/stories\/sara4sberg\/\" target=\"_blank\" rel=\"nofollow noopener\"> p\u00e4tk\u00e4n Veran julkaisemasta kappaleesta<\/a>. Julkaisu poistuu vuoden ensimm\u00e4isen\u00e4 p\u00e4iv\u00e4n\u00e4.<\/p>\n<p>                <img decoding=\"async\" src=\"https:\/\/www.europesays.com\/fi\/wp-content\/uploads\/2025\/12\/2035206.webp.jpeg\" width=\"576\" height=\"322\" alt=\"Vera otti Voicessa mittaa Ilona Gillist\u00e4.\" loading=\"lazy\" \/>            <\/p>\n<p>\n            Vera otti Voicessa mittaa Ilona Gillist\u00e4.<br \/>\n            Saku Tiainen \/ Nelonen\n        <\/p>\n<p class=\"article-content article-content-width !bg-background\">\u2013 Se oli lohtulauluni l\u00e4pi vuoden 2025, Sara kirjoittaa englanniksi Something beautiful -nimiseen kipaleeseen viitaten.<\/p>\n<p class=\"article-content article-content-width !bg-background\">Lyhyen p\u00e4tk\u00e4n perusteella tekele vaikuttaa kelvolliselta rakkauspopilta. Yksi seikka kuitenkin varastaa huomion: Vera kuulostaa nimitt\u00e4in huomattavasti isosiskoltaan Saralta.<\/p>\n<p><script async src=\"\/\/www.instagram.com\/embed.js\"><\/script><\/p>\n","protected":false},"excerpt":{"rendered":"Sara Forsberg, 31, singahti kuuluisuuteen vuonna 2014 julkaistuaan Youtubessa videoita, joilla h\u00e4n matki eri kieli\u00e4.\u00a0 Kielinaisesta puhuttiin ymp\u00e4ri&hellip;\n","protected":false},"author":2,"featured_media":129999,"comment_status":"","ping_status":"","sticky":false,"template":"","format":"standard","meta":{"footnotes":""},"categories":[130],"tags":[16529,137,33,31,30,23062,8617,47,98,1079,5704,13518,32,23065,23064,201,23063,109],"class_list":{"0":"post-129998","1":"post","2":"type-post","3":"status-publish","4":"format-standard","5":"has-post-thumbnail","7":"category-viihde","8":"tag-aani","9":"tag-entertainment","10":"tag-fi","11":"tag-finland","12":"tag-finnish","13":"tag-kielinainen","14":"tag-laulu","15":"tag-musiikki","16":"tag-perhe","17":"tag-radio","18":"tag-sara-forsberg","19":"tag-sisko","20":"tag-suomi","21":"tag-the-voice","22":"tag-tvof","23":"tag-ura","24":"tag-vera-forsberg","25":"tag-viihde"},"share_on_mastodon":{"url":"https:\/\/pubeurope.com\/@fi\/115815088313886474","error":""},"_links":{"self":[{"href":"https:\/\/www.europesays.com\/fi\/wp-json\/wp\/v2\/posts\/129998","targetHints":{"allow":["GET"]}}],"collection":[{"href":"https:\/\/www.europesays.com\/fi\/wp-json\/wp\/v2\/posts"}],"about":[{"href":"https:\/\/www.europesays.com\/fi\/wp-json\/wp\/v2\/types\/post"}],"author":[{"embeddable":true,"href":"https:\/\/www.europesays.com\/fi\/wp-json\/wp\/v2\/users\/2"}],"replies":[{"embeddable":true,"href":"https:\/\/www.europesays.com\/fi\/wp-json\/wp\/v2\/comments?post=129998"}],"version-history":[{"count":0,"href":"https:\/\/www.europesays.com\/fi\/wp-json\/wp\/v2\/posts\/129998\/revisions"}],"wp:featuredmedia":[{"embeddable":true,"href":"https:\/\/www.europesays.com\/fi\/wp-json\/wp\/v2\/media\/129999"}],"wp:attachment":[{"href":"https:\/\/www.europesays.com\/fi\/wp-json\/wp\/v2\/media?parent=129998"}],"wp:term":[{"taxonomy":"category","embeddable":true,"href":"https:\/\/www.europesays.com\/fi\/wp-json\/wp\/v2\/categories?post=129998"},{"taxonomy":"post_tag","embeddable":true,"href":"https:\/\/www.europesays.com\/fi\/wp-json\/wp\/v2\/tags?post=129998"}],"curies":[{"name":"wp","href":"https:\/\/api.w.org\/{rel}","templated":true}]}}