{"id":130012,"date":"2025-12-31T16:43:07","date_gmt":"2025-12-31T16:43:07","guid":{"rendered":"https:\/\/www.europesays.com\/fi\/130012\/"},"modified":"2025-12-31T16:43:07","modified_gmt":"2025-12-31T16:43:07","slug":"assat-on-kuopassa-nyt-puhuu-urheilujohtaja","status":"publish","type":"post","link":"https:\/\/www.europesays.com\/fi\/130012\/","title":{"rendered":"\u00c4ss\u00e4t on kuopassa \u2013 nyt puhuu urheilujohtaja"},"content":{"rendered":"<p>Jarno Kultanen kertoo, ett\u00e4 kilpailu pelaajista on kovaa. Optimitilanteessa \u00c4ss\u00e4t haluaisi loppukaudeksi uuden pelaajan, joka jatkaisi Porissa my\u00f6s ensi kaudella.<\/p>\n<p class=\"article-body mb-nof-24 px-nof-16\">Pori<\/p>\n<p class=\"article-body mb-nof-24 px-nof-16\">\u00c4ss\u00e4t on t\u00e4ll\u00e4 hetkell\u00e4 kauden suurimmassa pelillisess\u00e4 kuopassaan. Joulukuu tuotti joukkueelle vain kahdeksan pistett\u00e4 yhdeks\u00e4st\u00e4 ottelusta. Se on heikosti.<\/p>\n<p class=\"article-body mb-nof-24 px-nof-16\">Mukaan mahtui kaksi voittoa, joista vain yksi oli kolmen pisteen voitto. Huonot tulokset eiv\u00e4t ole sattumaa. \u00c4ss\u00e4t on pelannut viime ajat huonosti.<\/p>\n","protected":false},"excerpt":{"rendered":"Jarno Kultanen kertoo, ett\u00e4 kilpailu pelaajista on kovaa. Optimitilanteessa \u00c4ss\u00e4t haluaisi loppukaudeksi uuden pelaajan, joka jatkaisi Porissa my\u00f6s&hellip;\n","protected":false},"author":2,"featured_media":130013,"comment_status":"","ping_status":"","sticky":false,"template":"","format":"standard","meta":{"footnotes":""},"categories":[158],"tags":[33,31,30,80,159,32,160],"class_list":{"0":"post-130012","1":"post","2":"type-post","3":"status-publish","4":"format-standard","5":"has-post-thumbnail","7":"category-urheilu","8":"tag-fi","9":"tag-finland","10":"tag-finnish","11":"tag-satakunnan-kansa","12":"tag-sports","13":"tag-suomi","14":"tag-urheilu"},"share_on_mastodon":{"url":"https:\/\/pubeurope.com\/@fi\/115815186663084048","error":""},"_links":{"self":[{"href":"https:\/\/www.europesays.com\/fi\/wp-json\/wp\/v2\/posts\/130012","targetHints":{"allow":["GET"]}}],"collection":[{"href":"https:\/\/www.europesays.com\/fi\/wp-json\/wp\/v2\/posts"}],"about":[{"href":"https:\/\/www.europesays.com\/fi\/wp-json\/wp\/v2\/types\/post"}],"author":[{"embeddable":true,"href":"https:\/\/www.europesays.com\/fi\/wp-json\/wp\/v2\/users\/2"}],"replies":[{"embeddable":true,"href":"https:\/\/www.europesays.com\/fi\/wp-json\/wp\/v2\/comments?post=130012"}],"version-history":[{"count":0,"href":"https:\/\/www.europesays.com\/fi\/wp-json\/wp\/v2\/posts\/130012\/revisions"}],"wp:featuredmedia":[{"embeddable":true,"href":"https:\/\/www.europesays.com\/fi\/wp-json\/wp\/v2\/media\/130013"}],"wp:attachment":[{"href":"https:\/\/www.europesays.com\/fi\/wp-json\/wp\/v2\/media?parent=130012"}],"wp:term":[{"taxonomy":"category","embeddable":true,"href":"https:\/\/www.europesays.com\/fi\/wp-json\/wp\/v2\/categories?post=130012"},{"taxonomy":"post_tag","embeddable":true,"href":"https:\/\/www.europesays.com\/fi\/wp-json\/wp\/v2\/tags?post=130012"}],"curies":[{"name":"wp","href":"https:\/\/api.w.org\/{rel}","templated":true}]}}