{"id":130014,"date":"2025-12-31T16:44:06","date_gmt":"2025-12-31T16:44:06","guid":{"rendered":"https:\/\/www.europesays.com\/fi\/130014\/"},"modified":"2025-12-31T16:44:06","modified_gmt":"2025-12-31T16:44:06","slug":"sirpa-selanne-julkaisi-ihastuttavan-perhekuvan-talta-nayttaa-terttu-aiti-iltalehti","status":"publish","type":"post","link":"https:\/\/www.europesays.com\/fi\/130014\/","title":{"rendered":"Sirpa Sel\u00e4nne julkaisi ihastuttavan perhekuvan: T\u00e4lt\u00e4 n\u00e4ytt\u00e4\u00e4 Terttu-\u00e4iti &#8211; Iltalehti"},"content":{"rendered":"<ol>\n<li><a href=\"https:\/\/news.google.com\/rss\/articles\/CBMigwFBVV95cUxNQ0VoSDNmczVUdVRldjZuS2NmcS0wcF9WWG5Pc1h4elYyclcyZE42Nko0dm9aUmQ3MUtMOHdmNlBVN2p1YnpPZ3N3NVlXYjF6WjhvRnp5N05lcXduZ2s0SS1ndEVQWVMxb0pjTmduRk1KV1J6LVhZT1VPX1FrTnBCa0NBOA?oc=5\" target=\"_blank\" rel=\"nofollow noopener\">Sirpa Sel\u00e4nne julkaisi ihastuttavan perhekuvan: T\u00e4lt\u00e4 n\u00e4ytt\u00e4\u00e4 Terttu-\u00e4iti<\/a>&nbsp;&nbsp;Iltalehti<\/li>\n<li><a href=\"https:\/\/news.google.com\/rss\/articles\/CBMiW0FVX3lxTE0zazVmbVZ0NnNpSDhuX2VySktsTlgxREZJS2kxNEdtUUZPM2hVbmMxdkxVLWFZc09tbUszdDFZUHhMVjI3QzR0WVVVTWIzTGNPSHpFUmpfRVZBaDA?oc=5\" target=\"_blank\" rel=\"nofollow noopener\">Teemu ja Sirpa Sel\u00e4nne poseeraavat hupaisissa jouluasuissa \u2013 \u201dOnni on aviopuoliso&#8230;\u201d<\/a>&nbsp;&nbsp;Ilta-Sanomat<\/li>\n<li><a href=\"https:\/\/news.google.com\/rss\/articles\/CBMiowFBVV95cUxOVFZud3pEQU9fdWVoSW5vdEJtdWFUMU9odFJRU1dwcGdLeE1BWFk5akpLdWkxWG9RaUtOaGhUZmJEZkJIeWxhb1BudGxWdmd4djZBN3c1QWp1bVdFTDU5OVI1NmZiVDRfb1pUaW5tTlMtMU5QcjlXMTJUbFFkZUZxVHpJZ1dzUE5IYU9LcXNZeDlDT2NfWF9kVHRUYUUtQ1loTGUw?oc=5\" target=\"_blank\" rel=\"nofollow noopener\">T\u00e4lt\u00e4 n\u00e4ytt\u00e4\u00e4 Teemu Sel\u00e4nteen harvoin julkisuudessa n\u00e4hty poika<\/a>&nbsp;&nbsp;Seiska.fi<\/li>\n<li><a href=\"https:\/\/news.google.com\/rss\/articles\/CBMiigFBVV95cUxNMnVzN1BvT2lEWUFMcVZOS3VOeXhtenBERkp4RlhXdFBWWGhkRGRRaGdveFUtMDRqRWlFOW5KTnc5bzNaSC0wNGk2MzdabnZwVXdXbmY2WEdScGdMT3JNbDd3d2twNGZ0TUZmYWZqSE1mV0RYbXM0ZVpkOXM5dFZyTWFtbnF5bjdFWFE?oc=5\" target=\"_blank\" rel=\"nofollow noopener\">&#8221;Luulin ensin munkeiksi&#8221; \u2013 Sel\u00e4nteiden joulukuva naurattaa<\/a>&nbsp;&nbsp;Voice.fi<\/li>\n<li><a href=\"https:\/\/news.google.com\/rss\/articles\/CBMinAFBVV95cUxQc1ZSWUkyS0Z5UFowN3ZTTEZEc1F5aFlGdHNFdmNVaEpmc3VzOTBzME9MYkVsVXV5Nko0RXpOTEdMZmI5QVJkQ3hFNnFIUTlYNEI3OVZCYktvbU9rZ0dwLU5FeENab1o0Qk5jX2k1Z2MzeGJfaXVvMEpGaTZiYU43T25oSVBwV1JKbklZWlRDMEFJUTVlVjA3U2h2WHg?oc=5\" target=\"_blank\" rel=\"nofollow noopener\">Teemu ja Sirpa Sel\u00e4nne pukeutuivat jouluherkuiksi \u2013 katso hauska kuva<\/a>&nbsp;&nbsp;Como.fi<\/li>\n<\/ol>\n","protected":false},"excerpt":{"rendered":"Sirpa Sel\u00e4nne julkaisi ihastuttavan perhekuvan: T\u00e4lt\u00e4 n\u00e4ytt\u00e4\u00e4 Terttu-\u00e4iti&nbsp;&nbsp;Iltalehti Teemu ja Sirpa Sel\u00e4nne poseeraavat hupaisissa jouluasuissa \u2013 \u201dOnni on&hellip;\n","protected":false},"author":2,"featured_media":130015,"comment_status":"","ping_status":"","sticky":false,"template":"","format":"standard","meta":{"footnotes":""},"categories":[130],"tags":[35,137,33,31,30,101,3674,100,98,32,1145,109],"class_list":{"0":"post-130014","1":"post","2":"type-post","3":"status-publish","4":"format-standard","5":"has-post-thumbnail","7":"category-viihde","8":"tag-24h","9":"tag-entertainment","10":"tag-fi","11":"tag-finland","12":"tag-finnish","13":"tag-ihmissuhteet","14":"tag-juhla-ja-vapaapaivat","15":"tag-lapset-ja-nuoret","16":"tag-perhe","17":"tag-suomi","18":"tag-talviurheilu","19":"tag-viihde"},"share_on_mastodon":{"url":"https:\/\/pubeurope.com\/@fi\/115815190526654764","error":""},"_links":{"self":[{"href":"https:\/\/www.europesays.com\/fi\/wp-json\/wp\/v2\/posts\/130014","targetHints":{"allow":["GET"]}}],"collection":[{"href":"https:\/\/www.europesays.com\/fi\/wp-json\/wp\/v2\/posts"}],"about":[{"href":"https:\/\/www.europesays.com\/fi\/wp-json\/wp\/v2\/types\/post"}],"author":[{"embeddable":true,"href":"https:\/\/www.europesays.com\/fi\/wp-json\/wp\/v2\/users\/2"}],"replies":[{"embeddable":true,"href":"https:\/\/www.europesays.com\/fi\/wp-json\/wp\/v2\/comments?post=130014"}],"version-history":[{"count":0,"href":"https:\/\/www.europesays.com\/fi\/wp-json\/wp\/v2\/posts\/130014\/revisions"}],"wp:featuredmedia":[{"embeddable":true,"href":"https:\/\/www.europesays.com\/fi\/wp-json\/wp\/v2\/media\/130015"}],"wp:attachment":[{"href":"https:\/\/www.europesays.com\/fi\/wp-json\/wp\/v2\/media?parent=130014"}],"wp:term":[{"taxonomy":"category","embeddable":true,"href":"https:\/\/www.europesays.com\/fi\/wp-json\/wp\/v2\/categories?post=130014"},{"taxonomy":"post_tag","embeddable":true,"href":"https:\/\/www.europesays.com\/fi\/wp-json\/wp\/v2\/tags?post=130014"}],"curies":[{"name":"wp","href":"https:\/\/api.w.org\/{rel}","templated":true}]}}