{"id":130018,"date":"2025-12-31T16:48:06","date_gmt":"2025-12-31T16:48:06","guid":{"rendered":"https:\/\/www.europesays.com\/fi\/130018\/"},"modified":"2025-12-31T16:48:06","modified_gmt":"2025-12-31T16:48:06","slug":"iranissa-mielenosoittajat-yrittivat-murtautua-hallintorakennukseen-uutisia-lyhyesti","status":"publish","type":"post","link":"https:\/\/www.europesays.com\/fi\/130018\/","title":{"rendered":"Iranissa mielenosoittajat yrittiv\u00e4t murtautua hallintorakennukseen | Uutisia lyhyesti"},"content":{"rendered":"<p class=\"aw-1gybjub aw-1p7kakr kEtdKx cEmitX yle__article__paragraph\">Iranissa huonon taloustilanteen synnytt\u00e4m\u00e4t mielenosoitukset jatkuvat nelj\u00e4tt\u00e4 p\u00e4iv\u00e4\u00e4. Keskiviikkona mielenosoittajat yrittiv\u00e4t murtautua paikallishallinnon rakennukseen etel\u00e4isess\u00e4 Farsin provinssissa.<\/p>\n<p class=\"aw-1gybjub aw-1p7kakr kEtdKx cEmitX yle__article__paragraph\">Iranin valtiollisen median mukaan turvallisuusjoukot tulivat v\u00e4liin ja murtautuminen j\u00e4i yritykseksi. Iranin Tasnim-uutistoimiston mukaan nelj\u00e4 ihmist\u00e4 pid\u00e4tettiin, ja kolme turvallisuusjoukkojen j\u00e4sent\u00e4 loukkaantui.<\/p>\n<p class=\"aw-1gybjub aw-1p7kakr kEtdKx cEmitX yle__article__paragraph\">Iranin talous on k\u00e4rsinyt huomattavasti Yhdysvaltain pakotteista vuodesta 2018 l\u00e4htien. Iranin rial-valuutan arvo on romahtanut.<\/p>\n<p class=\"aw-1gybjub aw-1p7kakr kEtdKx cEmitX yle__article__paragraph\">Iranin ylin syytt\u00e4j\u00e4 on varoittanut protestoijia \u201dp\u00e4\u00e4tt\u00e4v\u00e4isest\u00e4 vastauksesta\u201d yrityksiin luoda ep\u00e4vakautta.<\/p>\n<p class=\"aw-1gybjub aw-1p7kakr kEtdKx cEmitX yle__article__paragraph\">L\u00e4hteet: Reuters, AFP<\/p>\n","protected":false},"excerpt":{"rendered":"Iranissa huonon taloustilanteen synnytt\u00e4m\u00e4t mielenosoitukset jatkuvat nelj\u00e4tt\u00e4 p\u00e4iv\u00e4\u00e4. Keskiviikkona mielenosoittajat yrittiv\u00e4t murtautua paikallishallinnon rakennukseen etel\u00e4isess\u00e4 Farsin provinssissa. Iranin&hellip;\n","protected":false},"author":2,"featured_media":130019,"comment_status":"","ping_status":"","sticky":false,"template":"","format":"standard","meta":{"footnotes":""},"categories":[14],"tags":[22,23,26,27,33,31,30,17,992,24,25,28,29,15,18,21,32,19,20,56,16,59,60,61],"class_list":{"0":"post-130018","1":"post","2":"type-post","3":"status-publish","4":"format-standard","5":"has-post-thumbnail","7":"category-ulkomaat","8":"tag-breaking-news","9":"tag-breakingnews","10":"tag-featured-news","11":"tag-featurednews","12":"tag-fi","13":"tag-finland","14":"tag-finnish","15":"tag-headlines","16":"tag-lahi-ita","17":"tag-latest-news","18":"tag-latestnews","19":"tag-main-news","20":"tag-mainnews","21":"tag-news","22":"tag-otsikot","23":"tag-paauutiset","24":"tag-suomi","25":"tag-top-stories","26":"tag-topstories","27":"tag-ulkomaat","28":"tag-uutiset","29":"tag-world","30":"tag-world-news","31":"tag-worldnews"},"share_on_mastodon":{"url":"https:\/\/pubeurope.com\/@fi\/115815206278752029","error":""},"_links":{"self":[{"href":"https:\/\/www.europesays.com\/fi\/wp-json\/wp\/v2\/posts\/130018","targetHints":{"allow":["GET"]}}],"collection":[{"href":"https:\/\/www.europesays.com\/fi\/wp-json\/wp\/v2\/posts"}],"about":[{"href":"https:\/\/www.europesays.com\/fi\/wp-json\/wp\/v2\/types\/post"}],"author":[{"embeddable":true,"href":"https:\/\/www.europesays.com\/fi\/wp-json\/wp\/v2\/users\/2"}],"replies":[{"embeddable":true,"href":"https:\/\/www.europesays.com\/fi\/wp-json\/wp\/v2\/comments?post=130018"}],"version-history":[{"count":0,"href":"https:\/\/www.europesays.com\/fi\/wp-json\/wp\/v2\/posts\/130018\/revisions"}],"wp:featuredmedia":[{"embeddable":true,"href":"https:\/\/www.europesays.com\/fi\/wp-json\/wp\/v2\/media\/130019"}],"wp:attachment":[{"href":"https:\/\/www.europesays.com\/fi\/wp-json\/wp\/v2\/media?parent=130018"}],"wp:term":[{"taxonomy":"category","embeddable":true,"href":"https:\/\/www.europesays.com\/fi\/wp-json\/wp\/v2\/categories?post=130018"},{"taxonomy":"post_tag","embeddable":true,"href":"https:\/\/www.europesays.com\/fi\/wp-json\/wp\/v2\/tags?post=130018"}],"curies":[{"name":"wp","href":"https:\/\/api.w.org\/{rel}","templated":true}]}}