{"id":130020,"date":"2025-12-31T16:49:08","date_gmt":"2025-12-31T16:49:08","guid":{"rendered":"https:\/\/www.europesays.com\/fi\/130020\/"},"modified":"2025-12-31T16:49:08","modified_gmt":"2025-12-31T16:49:08","slug":"pirkkalan-koulupuukotuksesta-tuomio-tuomittiin-kolmesta-murhan-yrityksesta","status":"publish","type":"post","link":"https:\/\/www.europesays.com\/fi\/130020\/","title":{"rendered":"Pirkkalan koulu\u00adpuukotuksesta tuomio \u2013 tuomittiin kolmesta murhan yrityksest\u00e4"},"content":{"rendered":"<p>Pojalle tehdyn mielentilatutkimuksen mukaan h\u00e4n oli tapahtuma-aikaan syyntakeeton.<\/p>\n<p class=\"article-body mb-nof-24 px-nof-16\">Aamulehti<\/p>\n<p class=\"article-body mb-nof-24 px-nof-16\">Pirkanmaan k\u00e4r\u00e4j\u00e4oikeus on antanut keskiviikkona tuomionsa Pirkkalan koulupuukotuksesta. 16-vuotias poika puukotti kolmea 14-vuotiasta tytt\u00f6\u00e4 V\u00e4h\u00e4j\u00e4rven koulun k\u00e4yt\u00e4v\u00e4ll\u00e4 Pirkkalassa toukokuussa.<\/p>\n<p class=\"article-body mb-nof-24 px-nof-16\">Oikeus katsoi, ett\u00e4 tekij\u00e4 syyllistyi kolmeen murhan yritykseen.<\/p>\n<p class=\"article-body mb-nof-24 px-nof-16\">Pojalle tehdyss\u00e4 mielentilatutkimuksessa h\u00e4net todettiin syyntakeettomaksi. Se tarkoittaa sit\u00e4, ett\u00e4 h\u00e4n ei ole tekohetkell\u00e4 ymm\u00e4rt\u00e4nyt tekojensa seurauksia. Poika j\u00e4tet\u00e4\u00e4n tuomitsematta rangaistukseen. H\u00e4net on m\u00e4\u00e4r\u00e4tty psykiatriseen hoitoon.<\/p>\n<p class=\"article-body mb-nof-24 px-nof-16\">Vaikka h\u00e4n ei saa rangaistusta, h\u00e4net m\u00e4\u00e4r\u00e4t\u00e4\u00e4n kuitenkin maksamaan korvauksia teon uhreille yhteens\u00e4 yli 39\u202f600 euroa.<\/p>\n<p class=\"article-body mb-nof-24 px-nof-16\">Tuomio ei ole lainvoimainen eli siit\u00e4 on mahdollista valittaa.<\/p>\n<p>My\u00f6nsi tapon yritykset<\/p>\n<p class=\"article-body mb-nof-24 px-nof-16\">Rikosta k\u00e4siteltiin Pirkanmaan k\u00e4r\u00e4j\u00e4oikeudessa joulukuun puoliv\u00e4liss\u00e4. Syytt\u00e4j\u00e4t vaativat pojalle tuomiota ensisijaisesti kolmesta murhan yrityksest\u00e4 ja toissijaisesti kolmesta tapon yrityksest\u00e4.<\/p>\n<p class=\"article-body mb-nof-24 px-nof-16\">Syytt\u00e4j\u00e4t katsoivat, ett\u00e4 teko osoitti vakaata harkintaa, oli raaka ja julma sek\u00e4 kokonaisuudessaan t\u00f6rke\u00e4.<\/p>\n<p class=\"article-body mb-nof-24 px-nof-16\">Tapahtumien kulku oli sin\u00e4ns\u00e4 pitk\u00e4lti riidaton, sill\u00e4 poika my\u00f6nsi teot. Puolustus kuitenkin katsoi tekojen t\u00e4ytt\u00e4neen lievemm\u00e4n rikosnimikkeen eli tapon yritysten tunnusmerkit. Puolustus ei pit\u00e4nyt tekoa kokonaisuudessaan t\u00f6rke\u00e4n\u00e4 esimerkiksi siksi, ett\u00e4 uhrien vammat j\u00e4iv\u00e4t pieniksi ja uhrit p\u00e4\u00e4siv\u00e4t pakenemaan tilanteesta.<\/p>\n<p class=\"article-body mb-nof-24 px-nof-16\">Riidatonta oli se, ett\u00e4 poika suunnitteli tekoa tarkkaan. H\u00e4n oli ennen tekoaan hakenut tietoa muun muassa koulusurmista, parhaista kohdista puukottaa ja siit\u00e4, millaisia seuraamuksia alaik\u00e4iselle olisi rikoksista. H\u00e4n oli etuk\u00e4teen valmistellut niin sanotun manifestin eli kirjoitelman, jossa kertoi teostaan. H\u00e4n my\u00f6s kuvasi tapahtumat. Yksi motiiveista teolle oli julkisuus.<\/p>\n<p class=\"article-body mb-nof-24 px-nof-16\">Itse puukotus oli ohi muutamassa sekunnissa. L\u00e4hell\u00e4 ollut opettaja puuttui tilanteeseen heti, kun havaitsi maahan pudonneen veitsen ter\u00e4n ja ett\u00e4 tyt\u00f6t olivat loukkaantuneet.<\/p>\n<p class=\"article-body mb-nof-24 px-nof-16\">Poika pakeni koululta ja soitti itse h\u00e4t\u00e4keskukseen p\u00e4\u00e4sty\u00e4\u00e4n l\u00e4heiselle Suupantorille Pirkkalassa. Siell\u00e4 h\u00e4net otettiin kiinni.<\/p>\n","protected":false},"excerpt":{"rendered":"Pojalle tehdyn mielentilatutkimuksen mukaan h\u00e4n oli tapahtuma-aikaan syyntakeeton. Aamulehti Pirkanmaan k\u00e4r\u00e4j\u00e4oikeus on antanut keskiviikkona tuomionsa Pirkkalan koulupuukotuksesta. 16-vuotias&hellip;\n","protected":false},"author":2,"featured_media":130021,"comment_status":"","ping_status":"","sticky":false,"template":"","format":"standard","meta":{"footnotes":""},"categories":[12],"tags":[157,22,23,26,27,33,31,30,17,24,25,28,29,15,18,21,32,19,20,16],"class_list":{"0":"post-130020","1":"post","2":"type-post","3":"status-publish","4":"format-standard","5":"has-post-thumbnail","7":"category-suomi","8":"tag-aamulehti","9":"tag-breaking-news","10":"tag-breakingnews","11":"tag-featured-news","12":"tag-featurednews","13":"tag-fi","14":"tag-finland","15":"tag-finnish","16":"tag-headlines","17":"tag-latest-news","18":"tag-latestnews","19":"tag-main-news","20":"tag-mainnews","21":"tag-news","22":"tag-otsikot","23":"tag-paauutiset","24":"tag-suomi","25":"tag-top-stories","26":"tag-topstories","27":"tag-uutiset"},"share_on_mastodon":{"url":"https:\/\/pubeurope.com\/@fi\/115815210259671103","error":""},"_links":{"self":[{"href":"https:\/\/www.europesays.com\/fi\/wp-json\/wp\/v2\/posts\/130020","targetHints":{"allow":["GET"]}}],"collection":[{"href":"https:\/\/www.europesays.com\/fi\/wp-json\/wp\/v2\/posts"}],"about":[{"href":"https:\/\/www.europesays.com\/fi\/wp-json\/wp\/v2\/types\/post"}],"author":[{"embeddable":true,"href":"https:\/\/www.europesays.com\/fi\/wp-json\/wp\/v2\/users\/2"}],"replies":[{"embeddable":true,"href":"https:\/\/www.europesays.com\/fi\/wp-json\/wp\/v2\/comments?post=130020"}],"version-history":[{"count":0,"href":"https:\/\/www.europesays.com\/fi\/wp-json\/wp\/v2\/posts\/130020\/revisions"}],"wp:featuredmedia":[{"embeddable":true,"href":"https:\/\/www.europesays.com\/fi\/wp-json\/wp\/v2\/media\/130021"}],"wp:attachment":[{"href":"https:\/\/www.europesays.com\/fi\/wp-json\/wp\/v2\/media?parent=130020"}],"wp:term":[{"taxonomy":"category","embeddable":true,"href":"https:\/\/www.europesays.com\/fi\/wp-json\/wp\/v2\/categories?post=130020"},{"taxonomy":"post_tag","embeddable":true,"href":"https:\/\/www.europesays.com\/fi\/wp-json\/wp\/v2\/tags?post=130020"}],"curies":[{"name":"wp","href":"https:\/\/api.w.org\/{rel}","templated":true}]}}