{"id":130026,"date":"2025-12-31T16:55:07","date_gmt":"2025-12-31T16:55:07","guid":{"rendered":"https:\/\/www.europesays.com\/fi\/130026\/"},"modified":"2025-12-31T16:55:07","modified_gmt":"2025-12-31T16:55:07","slug":"energiateollisuus-vaikeat-saaolosuhteet-ovat-hidastaneet-hannes-myrskyn-jalkien-korjaamista","status":"publish","type":"post","link":"https:\/\/www.europesays.com\/fi\/130026\/","title":{"rendered":"Energiateollisuus: Vaikeat s\u00e4\u00e4olosuhteet ovat hidastaneet Hannes-myrskyn j\u00e4lkien korjaamista"},"content":{"rendered":"<p class=\"article__paragraph\">\n      Viikonloppuna riehuneen Hannes-myrskyn j\u00e4lkien korjaamista ovat hankaloittaneet vaikeat s\u00e4\u00e4olosuhteet, sanoo energia-alan etuj\u00e4rjest\u00f6 Energiateollisuus.\n    <\/p>\n<p class=\"article__paragraph\">\n      Energiateollisuus sanoo, ett\u00e4 Hannes-myrsky oli s\u00e4hk\u00f6njakelulle vaikein kymmeneen vuoteen. S\u00e4hk\u00f6tt\u00f6mi\u00e4 asiakkaita oli yht\u00e4 aikaa pahimmillaan jopa 187\u2009000. L\u00e4mpim\u00e4n alkutalven vuoksi maa oli sulana, mink\u00e4 vuoksi puita kaatui helpommin.\n    <\/p>\n<p class=\"article__paragraph\">\n      Energiateollisuuden <a href=\"https:\/\/sahkokatkokartta.fi\/\" rel=\"nofollow noopener\" target=\"_blank\">s\u00e4hk\u00f6katkokartan<\/a> perusteella keskiviikkona iltap\u00e4iv\u00e4ll\u00e4 runsaat 7\u2009000 asiakasta oli yh\u00e4 ilman s\u00e4hk\u00f6j\u00e4. S\u00e4hk\u00f6tt\u00f6mi\u00e4 asiakkaita oli yli sadassa kunnassa. S\u00e4hk\u00f6katkot painottuvat vahvasti l\u00e4ntiseen Suomeen.\n    <\/p>\n<p class=\"article__paragraph\">\n      Viimeisten vikojen korjaamisessa kest\u00e4\u00e4 useita p\u00e4ivi\u00e4.\n    <\/p>\n<p class=\"article__paragraph\">\n      \u2013\u2009Vikapaikkoja on paljon, ja vauriot ovat laajoja. Kova tuuli vaikeuttaa t\u00f6it\u00e4, joten korjaaminen kest\u00e4\u00e4 tavallista pidemp\u00e4\u00e4n, sanoo Energiateollisuuden s\u00e4hk\u00f6verkkoasiantuntija Ina Lehto <a href=\"https:\/\/energia.fi\/tiedotteet\/hannes-myrsky-sahkonjakelulle-vaikein-kymmeneen-vuoteen\/\" rel=\"nofollow noopener\" target=\"_blank\">tiedotteessa<\/a>.\n    <\/p>\n<p class=\"article__paragraph\">\n      Myrsky on aiheuttanut s\u00e4hk\u00f6katkojen ohella paljon mets\u00e4tuhoja. Lehto muistuttaa, ett\u00e4 kaatuneita puita tai oksia ei saa poistaa s\u00e4hk\u00f6linjoilta tai niiden l\u00e4heisyydest\u00e4 omin voimin s\u00e4hk\u00f6iskuvaaran takia.\n    <\/p>\n","protected":false},"excerpt":{"rendered":"Viikonloppuna riehuneen Hannes-myrskyn j\u00e4lkien korjaamista ovat hankaloittaneet vaikeat s\u00e4\u00e4olosuhteet, sanoo energia-alan etuj\u00e4rjest\u00f6 Energiateollisuus. Energiateollisuus sanoo, ett\u00e4 Hannes-myrsky oli&hellip;\n","protected":false},"author":2,"featured_media":130027,"comment_status":"","ping_status":"","sticky":false,"template":"","format":"standard","meta":{"footnotes":""},"categories":[113],"tags":[446,33,31,30,118,32,119,447],"class_list":{"0":"post-130026","1":"post","2":"type-post","3":"status-publish","4":"format-standard","5":"has-post-thumbnail","7":"category-ymparisto","8":"tag-environment","9":"tag-fi","10":"tag-finland","11":"tag-finnish","12":"tag-science","13":"tag-suomi","14":"tag-tiede","15":"tag-ymparisto"},"share_on_mastodon":{"url":"https:\/\/pubeurope.com\/@fi\/115815233777190144","error":""},"_links":{"self":[{"href":"https:\/\/www.europesays.com\/fi\/wp-json\/wp\/v2\/posts\/130026","targetHints":{"allow":["GET"]}}],"collection":[{"href":"https:\/\/www.europesays.com\/fi\/wp-json\/wp\/v2\/posts"}],"about":[{"href":"https:\/\/www.europesays.com\/fi\/wp-json\/wp\/v2\/types\/post"}],"author":[{"embeddable":true,"href":"https:\/\/www.europesays.com\/fi\/wp-json\/wp\/v2\/users\/2"}],"replies":[{"embeddable":true,"href":"https:\/\/www.europesays.com\/fi\/wp-json\/wp\/v2\/comments?post=130026"}],"version-history":[{"count":0,"href":"https:\/\/www.europesays.com\/fi\/wp-json\/wp\/v2\/posts\/130026\/revisions"}],"wp:featuredmedia":[{"embeddable":true,"href":"https:\/\/www.europesays.com\/fi\/wp-json\/wp\/v2\/media\/130027"}],"wp:attachment":[{"href":"https:\/\/www.europesays.com\/fi\/wp-json\/wp\/v2\/media?parent=130026"}],"wp:term":[{"taxonomy":"category","embeddable":true,"href":"https:\/\/www.europesays.com\/fi\/wp-json\/wp\/v2\/categories?post=130026"},{"taxonomy":"post_tag","embeddable":true,"href":"https:\/\/www.europesays.com\/fi\/wp-json\/wp\/v2\/tags?post=130026"}],"curies":[{"name":"wp","href":"https:\/\/api.w.org\/{rel}","templated":true}]}}