{"id":130039,"date":"2025-12-31T17:15:09","date_gmt":"2025-12-31T17:15:09","guid":{"rendered":"https:\/\/www.europesays.com\/fi\/130039\/"},"modified":"2025-12-31T17:15:09","modified_gmt":"2025-12-31T17:15:09","slug":"16-vuotias-poika-puukotti-kolmea-tuntematonta-tyttoa-tallaisen-tuomion-han-sai","status":"publish","type":"post","link":"https:\/\/www.europesays.com\/fi\/130039\/","title":{"rendered":"16-vuotias poika puukotti kolmea tuntematonta tytt\u00f6\u00e4 \u2013 T\u00e4llaisen tuomion h\u00e4n sai"},"content":{"rendered":"<p>16-vuotias poika todettiin syyntakeettomaksi jo aikaisemmin.<\/p>\n<p><img decoding=\"async\" class=\"image image-show image-preview\" src=\"https:\/\/www.europesays.com\/fi\/wp-content\/uploads\/2025\/12\/d52dd49f84f85886535ee166e7b91f8928eee8577e502e82347f8e135cc014b6.jpg\" alt=\"\"\/><img decoding=\"async\" class=\"image image-show\" src=\"https:\/\/www.europesays.com\/fi\/wp-content\/uploads\/2025\/12\/1767201309_210_d52dd49f84f85886535ee166e7b91f8928eee8577e502e82347f8e135cc014b6.jpg\" alt=\"\"\/><\/p>\n<p>Puukkohy\u00f6kk\u00e4ys tapahtui Pirkkalan V\u00e4h\u00e4j\u00e4rven koulussa tiistaina 20. toukokuuta 2025. Miia Siren<\/p>\n<p class=\"paragraph\">Pirkanmaan k\u00e4r\u00e4j\u00e4oikeus on tuominnut Pirkkalan koulupuukottajan kolmesta murhan yrityksest\u00e4.<\/p>\n<p class=\"paragraph\">K\u00e4r\u00e4j\u00e4oikeus j\u00e4tti 16-vuotiaan pojan tuomitsematta rangaistukseen. Poika todettiin jo aikaisemmin syyntakeettomaksi ja m\u00e4\u00e4r\u00e4ttiin pakkohoitoon. H\u00e4n ei siis kyennyt ymm\u00e4rt\u00e4m\u00e4\u00e4n tekojensa tosiasiallista luonnetta tai oikeudenvastaisuutta.<\/p>\n<p class=\"paragraph\">Poika puukotti 20. toukokuuta Pirkkalan V\u00e4h\u00e4j\u00e4rven koulussa kolmea 14-vuotiasta tytt\u00f6\u00e4, joita h\u00e4n ei tuntenut entuudestaan.<\/p>\n<p class=\"paragraph\">H\u00e4n valitsi uhrinsa sukupuolen perusteella, koska ajatteli tytt\u00f6jen olevan helpompia kohteita. Poika kuvasi tekojaan tarkoituksenaan julkaista tallenne netiss\u00e4.<\/p>\n<p class=\"paragraph\">Tekonsa j\u00e4lkeen poika juoksi pois koulusta. H\u00e4n l\u00e4hetti aikaisemmin kirjoittamansa manifestin er\u00e4\u00e4seen Whatsapp-ryhm\u00e4\u00e4n ja Iltalehdelle sek\u00e4 julkaisi kuvaamansa videon Snapchatissa.<\/p>\n<p class=\"paragraph\">Sitten h\u00e4n soitti itse h\u00e4t\u00e4keskukseen.<\/p>\n<p class=\"paragraph\">\u2013 Puukotin just muutamaa ihmist\u00e4, h\u00e4n sanoi h\u00e4t\u00e4keskusp\u00e4ivyst\u00e4j\u00e4lle.<\/p>\n<p class=\"paragraph\">Poika otettiin kiinni koulun l\u00e4helt\u00e4 Suupantorilta.<\/p>\n<p>Puukko hajosi<\/p>\n<p class=\"paragraph\">Henkirikokset j\u00e4iv\u00e4t yrityksen asteelle, koska poika ei osunut uhrien elint\u00e4rkeisiin elimiin ja koska puukon ter\u00e4 irtosi kahvasta. My\u00f6s l\u00e4hell\u00e4 ollut opettaja puuttui tilanteeseen.<\/p>\n<p class=\"paragraph\">Poika my\u00f6nsi teot tapon yrityksin\u00e4, mutta kiisti yritt\u00e4neens\u00e4 murhata.<\/p>\n<p class=\"paragraph\">\u2013 P\u00e4\u00e4mieheni on my\u00f6nt\u00e4nyt, ett\u00e4 h\u00e4nen tarkoituksenaan oli surmata tilanteessa ainakin yksi ihminen. Jos henkil\u00f6 puukon kanssa suuntaa iskujaan keskivartaloon hengenvaarallisille alueille, niin t\u00e4llaisia tekoja usein katsotaan tapon yrityksiksi, pojan avustaja, asianajaja <strong>Kaarle Gummerus<\/strong> <a href=\"https:\/\/www.iltalehti.fi\/kotimaa\/13931847-fbdf-4023-9171-d7ec116eef5e\" rel=\"nofollow noopener\" target=\"_blank\">sanoi Iltalehdelle<\/a> oikeudenk\u00e4ynniss\u00e4 19. joulukuuta.<\/p>\n<p class=\"paragraph\">Pirkanmaan k\u00e4r\u00e4j\u00e4oikeus katsoi, ett\u00e4 puukotukset eiv\u00e4t olleet erityisen raakoja tai julmia. Oikeuden mukaan teot olivat kuitenkin tehty vakaasta harkinnasta ja ne olivat kokonaisuutena arvostellen t\u00f6rkeit\u00e4. Poika oli suunnitellut tekoaan ainakin marras-joulukuusta 2024.<\/p>\n<p class=\"paragraph\">Oikeus m\u00e4\u00e4r\u00e4si pojan korvaamaan kolmelle uhrille kullekin 8\u202f000 euroa k\u00e4rsimyksest\u00e4 sek\u00e4 700\u20132000 euroa kivusta, s\u00e4ryst\u00e4 ja muusta tilap\u00e4isest\u00e4 haitasta.<\/p>\n<p class=\"paragraph\">Keskiviikkona annettu tuomio ei ole lainvoimainen.<\/p>\n","protected":false},"excerpt":{"rendered":"16-vuotias poika todettiin syyntakeettomaksi jo aikaisemmin. Puukkohy\u00f6kk\u00e4ys tapahtui Pirkkalan V\u00e4h\u00e4j\u00e4rven koulussa tiistaina 20. toukokuuta 2025. Miia Siren Pirkanmaan&hellip;\n","protected":false},"author":2,"featured_media":130040,"comment_status":"","ping_status":"","sticky":false,"template":"","format":"standard","meta":{"footnotes":""},"categories":[12],"tags":[35,22,23,26,27,33,31,30,17,100,24,25,28,29,15,18,21,98,38,32,19,20,16,40,37],"class_list":{"0":"post-130039","1":"post","2":"type-post","3":"status-publish","4":"format-standard","5":"has-post-thumbnail","7":"category-suomi","8":"tag-24h","9":"tag-breaking-news","10":"tag-breakingnews","11":"tag-featured-news","12":"tag-featurednews","13":"tag-fi","14":"tag-finland","15":"tag-finnish","16":"tag-headlines","17":"tag-lapset-ja-nuoret","18":"tag-latest-news","19":"tag-latestnews","20":"tag-main-news","21":"tag-mainnews","22":"tag-news","23":"tag-otsikot","24":"tag-paauutiset","25":"tag-perhe","26":"tag-rikos","27":"tag-suomi","28":"tag-top-stories","29":"tag-topstories","30":"tag-uutiset","31":"tag-vakivalta","32":"tag-vakivaltarikokset"},"share_on_mastodon":{"url":"https:\/\/pubeurope.com\/@fi\/115815312560842780","error":""},"_links":{"self":[{"href":"https:\/\/www.europesays.com\/fi\/wp-json\/wp\/v2\/posts\/130039","targetHints":{"allow":["GET"]}}],"collection":[{"href":"https:\/\/www.europesays.com\/fi\/wp-json\/wp\/v2\/posts"}],"about":[{"href":"https:\/\/www.europesays.com\/fi\/wp-json\/wp\/v2\/types\/post"}],"author":[{"embeddable":true,"href":"https:\/\/www.europesays.com\/fi\/wp-json\/wp\/v2\/users\/2"}],"replies":[{"embeddable":true,"href":"https:\/\/www.europesays.com\/fi\/wp-json\/wp\/v2\/comments?post=130039"}],"version-history":[{"count":0,"href":"https:\/\/www.europesays.com\/fi\/wp-json\/wp\/v2\/posts\/130039\/revisions"}],"wp:featuredmedia":[{"embeddable":true,"href":"https:\/\/www.europesays.com\/fi\/wp-json\/wp\/v2\/media\/130040"}],"wp:attachment":[{"href":"https:\/\/www.europesays.com\/fi\/wp-json\/wp\/v2\/media?parent=130039"}],"wp:term":[{"taxonomy":"category","embeddable":true,"href":"https:\/\/www.europesays.com\/fi\/wp-json\/wp\/v2\/categories?post=130039"},{"taxonomy":"post_tag","embeddable":true,"href":"https:\/\/www.europesays.com\/fi\/wp-json\/wp\/v2\/tags?post=130039"}],"curies":[{"name":"wp","href":"https:\/\/api.w.org\/{rel}","templated":true}]}}