{"id":130043,"date":"2025-12-31T17:28:07","date_gmt":"2025-12-31T17:28:07","guid":{"rendered":"https:\/\/www.europesays.com\/fi\/130043\/"},"modified":"2025-12-31T17:28:07","modified_gmt":"2025-12-31T17:28:07","slug":"spike-lee-muisti-menehtynytta-the-wire-nayttelijaa-esiintyi-samassa-elokuvassa-jasper-paakkosen-kanssa","status":"publish","type":"post","link":"https:\/\/www.europesays.com\/fi\/130043\/","title":{"rendered":"Spike Lee muisti menehtynytt\u00e4 The Wire -n\u00e4yttelij\u00e4\u00e4 &#8211; esiintyi samassa elokuvassa Jasper P\u00e4\u00e4kk\u00f6sen kanssa"},"content":{"rendered":"<p>Elokuvaohjaaja<strong> Spike Lee<\/strong> on julkaissut tunteikkaan muistokirjoituksen pitk\u00e4aikaiselle yhteisty\u00f6kumppanilleen<strong> Isiah Whitlock Jr:lle,<\/strong> joka kuoli 71-vuotiaana lyhyen sairastelun j\u00e4lkeen.<\/p>\n<p>\u201dKuulin t\u00e4n\u00e4\u00e4n rakkaan veljeni poismenosta. Isiah Whitlock \u2013 jumalan siunausta\u201d, Lee kirjoitti.<\/p>\n<p>Lee muistutti, ett\u00e4 Whitlock esiintyi useissa h\u00e4nen elokuvissaan, kuten She Hate Me (2004), Red Hook Summer (2012), Chi-Raq (2015), BlacKkKlansman (2018) ja Da 5 Bloods (2020).<\/p>\n<p>BlacKkKlansmanissa n\u00e4ytteli my\u00f6s <strong>Jasper P\u00e4\u00e4kk\u00f6nen<\/strong>.<\/p>\n<p>Lue my\u00f6s: <a href=\"https:\/\/www.episodi.fi\/uutiset\/tanaan-tvssa-merkittava-hollywood-rooli-jasper-paakkonen-menee-taydesta-amerikkalaisena-punaniskana\/\" title=\"T\u00e4n\u00e4\u00e4n tv:ss\u00e4: \u201dMerkitt\u00e4v\u00e4 Hollywood-rooli\u201d \u2013 Jasper P\u00e4\u00e4kk\u00f6nen menee t\u00e4ydest\u00e4 amerikkalaisena punaniskana\" class=\"underline-custom !font-montserrat !font-bold !underline-offset-4 !decoration-4 !decoration-episodi-blue !text-md\" rel=\"nofollow noopener\" target=\"_blank\">T\u00e4n\u00e4\u00e4n tv:ss\u00e4: \u201dMerkitt\u00e4v\u00e4 Hollywood-rooli\u201d \u2013 Jasper P\u00e4\u00e4kk\u00f6nen menee t\u00e4ydest\u00e4 amerikkalaisena punaniskana<\/a><\/p>\n<p>Lue my\u00f6s: <a href=\"https:\/\/www.episodi.fi\/uutiset\/the-wire-tahti-isiah-whitlock-jr-on-kuollut-keksi-sheee-it-lausahduksen-ja-naytteli-spike-leen-leffoissa-ja-mafiaveljissa\/\" title=\"The Wire -t\u00e4hti Isiah Whitlock Jr. on kuollut \u2013\u00a0Keksi \u201dSheee-it\u201d-lausahduksen ja n\u00e4ytteli Spike Leen -leffoissa ja Mafiaveljiss\u00e4\" class=\"underline-custom !font-montserrat !font-bold !underline-offset-4 !decoration-4 !decoration-episodi-blue !text-md\" rel=\"nofollow noopener\" target=\"_blank\">The Wire -t\u00e4hti Isiah Whitlock Jr. on kuollut \u2013\u00a0Keksi \u201dSheee-it\u201d-lausahduksen ja n\u00e4ytteli Spike Leen -leffoissa ja Mafiaveljiss\u00e4<\/a><\/p>\n<p>Lee jakoi my\u00f6s klipin 25th Hour -elokuvasta, jossa Whitlock lausuu ikonisen \u201cshiiieeeet\u201d-repliikin.<\/p>\n<p>Whitlock tunnetaan parhaiten senaattori Clay Davisin roolistaan HBO:n The Wire -sarjassa. H\u00e4n n\u00e4ytteli my\u00f6s muun muassa Rouva varapresidentti-, The Good Wife -, sek\u00e4 Virka-asunto -sarjoissa.<\/p>\n<p>Lue my\u00f6s: <a href=\"https:\/\/www.episodi.fi\/uutiskirje\/?uutiskirjemainos=tekstilinkkimainos\" title=\"Tilaa Episodin uutiskirje ja voit voittaa leffalippuja! Nappaa tv-vinkit suoraan s\u00e4hk\u00f6postiin t\u00e4st\u00e4.\" class=\"underline-custom !font-montserrat !font-bold !underline-offset-4 !decoration-4 !decoration-episodi-blue !text-md\" rel=\"nofollow noopener\" target=\"_blank\">Tilaa Episodin uutiskirje ja voit voittaa leffalippuja! Nappaa katseluvinkit suoraan s\u00e4hk\u00f6postiin t\u00e4st\u00e4.<\/a><\/p>\n","protected":false},"excerpt":{"rendered":"Elokuvaohjaaja Spike Lee on julkaissut tunteikkaan muistokirjoituksen pitk\u00e4aikaiselle yhteisty\u00f6kumppanilleen Isiah Whitlock Jr:lle, joka kuoli 71-vuotiaana lyhyen sairastelun j\u00e4lkeen.&hellip;\n","protected":false},"author":2,"featured_media":130044,"comment_status":"","ping_status":"","sticky":false,"template":"","format":"standard","meta":{"footnotes":""},"categories":[136],"tags":[407,137,33,31,30,23068,7543,408,8296,32,109],"class_list":{"0":"post-130043","1":"post","2":"type-post","3":"status-publish","4":"format-standard","5":"has-post-thumbnail","7":"category-julkkikset","8":"tag-celebrities","9":"tag-entertainment","10":"tag-fi","11":"tag-finland","12":"tag-finnish","13":"tag-isiah-whitlock-jr","14":"tag-jasper-paakkonen","15":"tag-julkkikset","16":"tag-spike-lee","17":"tag-suomi","18":"tag-viihde"},"share_on_mastodon":{"url":"https:\/\/pubeurope.com\/@fi\/115815363541894890","error":""},"_links":{"self":[{"href":"https:\/\/www.europesays.com\/fi\/wp-json\/wp\/v2\/posts\/130043","targetHints":{"allow":["GET"]}}],"collection":[{"href":"https:\/\/www.europesays.com\/fi\/wp-json\/wp\/v2\/posts"}],"about":[{"href":"https:\/\/www.europesays.com\/fi\/wp-json\/wp\/v2\/types\/post"}],"author":[{"embeddable":true,"href":"https:\/\/www.europesays.com\/fi\/wp-json\/wp\/v2\/users\/2"}],"replies":[{"embeddable":true,"href":"https:\/\/www.europesays.com\/fi\/wp-json\/wp\/v2\/comments?post=130043"}],"version-history":[{"count":0,"href":"https:\/\/www.europesays.com\/fi\/wp-json\/wp\/v2\/posts\/130043\/revisions"}],"wp:featuredmedia":[{"embeddable":true,"href":"https:\/\/www.europesays.com\/fi\/wp-json\/wp\/v2\/media\/130044"}],"wp:attachment":[{"href":"https:\/\/www.europesays.com\/fi\/wp-json\/wp\/v2\/media?parent=130043"}],"wp:term":[{"taxonomy":"category","embeddable":true,"href":"https:\/\/www.europesays.com\/fi\/wp-json\/wp\/v2\/categories?post=130043"},{"taxonomy":"post_tag","embeddable":true,"href":"https:\/\/www.europesays.com\/fi\/wp-json\/wp\/v2\/tags?post=130043"}],"curies":[{"name":"wp","href":"https:\/\/api.w.org\/{rel}","templated":true}]}}