{"id":130057,"date":"2025-12-31T17:42:11","date_gmt":"2025-12-31T17:42:11","guid":{"rendered":"https:\/\/www.europesays.com\/fi\/130057\/"},"modified":"2025-12-31T17:42:11","modified_gmt":"2025-12-31T17:42:11","slug":"gigantin-joulukuun-telecom-katsaus-lahjapaketit-tayttyivat-klassikoista-hyvinvointitrendi-toi-loppuvuoden-myyntipiikin","status":"publish","type":"post","link":"https:\/\/www.europesays.com\/fi\/130057\/","title":{"rendered":"Gigantin joulukuun telecom-katsaus: Lahjapaketit t\u00e4yttyiv\u00e4t klassikoista, hyvinvointitrendi toi loppuvuoden myyntipiikin"},"content":{"rendered":"<p>Gigantin joulukuun myydyimpien puhelinten lista vahvistaa vuoden 2025 myynniss\u00e4 n\u00e4hty\u00e4 kehityst\u00e4, jossa kuluttajat suosivat entist\u00e4 laadukkaampia puhelimia.\u00a0Tuttuihin malleihin ja hyv\u00e4\u00e4n hintapisteeseen tartuttiin erityisesti, kun viime hetken lahjaostajat t\u00e4yttiv\u00e4t myym\u00e4l\u00e4t ja verkkokaupan juuri ennen joulua. Listan k\u00e4rkeen nousivat viime vuotta hintavammat, mutta\u00a0yh\u00e4 keskihintaiset laitteet, joissa vastine rahalle ratkaisee enemm\u00e4n kuin uusin teknologia.<\/p>\n<p><strong>Samsungin Galaxy A<\/strong>\u00a0-sarja t\u00e4ytti joulukuun k\u00e4rkikymmenik\u00f6n usealla eri mallilla ja listan k\u00e4rjess\u00e4 jatkoi\u00a0<strong>iPhone 15<\/strong>. Malli oli koko vuoden 2025 toiseksi myydyin puhelin, kun taas ykk\u00f6ssijan nappasi\u00a0<strong>OnePlus Nord CE4 Lite<\/strong>. Suosio kertoo, ett\u00e4 \u00e4lypuhelinteknologia on kypsynyt: vuoden tai pari vanha malli tuntuu monelle edelleen kuin uudelta.<\/p>\n<p>\u201cPuhelimien kehitys ei en\u00e4\u00e4 tapahdu samanlaisina harppauksina kuin ennen. Kun suorituskyky, kamerat ja n\u00e4yt\u00f6t kehittyv\u00e4t aiempaa tasaisemmin, pari vuotta vanha laite voi vastata tarpeisiin loistavasti ilman premium-hintaa,\u201d arvioi Gigantin telecom-tuotteiden apulaismyyntip\u00e4\u00e4llikk\u00f6\u00a0<strong>Juuso Ketolainen<\/strong>.<\/p>\n<p>Vuonna 2026 teko\u00e4ly on kiinte\u00e4 osa puhelimia, mutta harvemmin kaikista t\u00e4rkein tekij\u00e4 ostop\u00e4\u00e4t\u00f6ksiss\u00e4. Teko\u00e4ly parantaa k\u00e4ytt\u00f6kokemusta usein niin huomaamattomasti, ett\u00e4 ominaisuuksien tunnistaminen saattaa olla jopa vaikeaa.\u00a0<\/p>\n<p>\u201cTeko\u00e4ly on tullut j\u00e4\u00e4d\u00e4kseen, mutta pelk\u00e4n hypett\u00e4misen sijaan kuluttajat ansaitsevat havainnollistusta, mit\u00e4 hy\u00f6tyj\u00e4 se k\u00e4yt\u00e4nn\u00f6ss\u00e4 tuo. Puhelimissa se voi tarkoittaa esimerkiksi parempia kuvia ilman s\u00e4\u00e4t\u00e4mist\u00e4, akun keston optimointia sek\u00e4 sujuvampaa viestint\u00e4\u00e4 puheentunnistuksen ja k\u00e4\u00e4nn\u00f6stoimintojen avulla,\u201d\u00a0Ketolainen kiteytt\u00e4\u00e4.<\/p>\n<p><strong>Vuodenvaihde toi myyntipiikin puettavaan teknologiaan<\/strong><\/p>\n<p>Puettavan teknologian myynti jatkoi joulukuussa vahvaa kehityst\u00e4\u00e4n, mutta kiinnostavin muutos n\u00e4htiin heti joulun j\u00e4lkeen. Ajatus el\u00e4m\u00e4ntapamuutoksesta vuodenvaihteessa on tuttu ja jopa kliseinen, mutta Gigantin data vahvistaa sen konkreettisesti: puettavan teknologian myynti l\u00e4hti\u00a0uuteen kasvuun\u00a0heti joulup\u00e4iv\u00e4st\u00e4 alkaen kaikkien tuotekategorioiden osalta.<\/p>\n<p>\u201cUusi vuosi ja uudet alut motivoivat ihmisi\u00e4. Joulup\u00e4iv\u00e4n j\u00e4lkeisen\u00e4 aikana \u00e4lykellojen ja -sormusten kappalem\u00e4\u00e4r\u00e4inen myynti on noussut kolmanneksella viime vuoden huipusta. Liikkumista ja palautumista optimoidaan enemm\u00e4n kuin koskaan, ja some vauhdittaa hyvinvoinnin entist\u00e4 ammattimaisempaa seurantaa,\u201d Ketolainen huomioi.<\/p>\n<p>\u00c4lykellot olivat j\u00e4lleen varma valinta kuusen alle, mutta \u00e4lysormusten voittokulku jatkui vahvana.\u00a0<strong>Oura Ring 4 <\/strong>nousi joulukuun myydyimm\u00e4ksi puettavan teknologian tuotteeksi, samalla kun Apple Watch -mallit pysyiv\u00e4t tiukasti mukana k\u00e4rjess\u00e4 Polarin seuratessa usealla eri mallilla.<\/p>\n<p>\u201cOuran menestys ei ole perustunut sesonkeihin ja kampanjoihin, vaan kyseess\u00e4 on pitkin vuotta kasvanut ilmi\u00f6. Oura oli puettavan teknologian kategoriassa koko vuoden myydyin laite, ja uskomme suosion kasvavan entisest\u00e4\u00e4n alkavana vuonna\u201d Ketolainen\u00a0ennustaa.<\/p>\n<p><strong>Joulukuun myydyimm\u00e4t puhelimet TOP 10<\/strong><\/p>\n<ol>\n<li>iPhone 15<\/li>\n<li>Samsung Galaxy A26 5G<\/li>\n<li>iPhone 17 Pro<\/li>\n<li>HONOR X5c Plus<\/li>\n<li>Samsung Galaxy A16 LTE<\/li>\n<li>Samsung Galaxy A56 5G<\/li>\n<li>iPhone 16<\/li>\n<li>Samsung Galaxy A17 5G<\/li>\n<li>OnePlus Nord CE5<\/li>\n<li>Samsung Galaxy S24 5G<\/li>\n<\/ol>\n<p><strong>Joulukuun myydyimm\u00e4t puettavan teknologian tuotteet TOP 10<\/strong><\/p>\n<ol>\n<li>Oura Ring 4<\/li>\n<li>Apple Watch SE 3<\/li>\n<li>Apple Watch Series 11<\/li>\n<li>Samsung Galaxy Watch 7<\/li>\n<li>Samsung Galaxy Fit3<\/li>\n<li>Xplora XGO2<\/li>\n<li>Polar Ignite 3<\/li>\n<li>Polar Ignite 2<\/li>\n<li>Garmin Vivofit 4<\/li>\n<li>Polar Pacer Pro<\/li>\n<\/ol>\n<blockquote>\n<p><strong>Pakkaset laittavat \u00e4lypuhelimet koetukselle \u2013 n\u00e4in pid\u00e4t puhelimen toimintakunnossa talvella<\/strong><\/p>\n<ul>\n<li>Pid\u00e4 puhelin l\u00e4mpim\u00e4n\u00e4: s\u00e4ilyt\u00e4 laitetta taskussa l\u00e4hell\u00e4 vartaloa ja v\u00e4lt\u00e4 turhaa k\u00e4ytt\u00f6\u00e4 kovassa pakkasessa.<\/li>\n<li>Huomioi l\u00e4mp\u00f6tilan vaihtelut: anna puhelimen l\u00e4mmet\u00e4 rauhassa ennen k\u00e4ytt\u00f6\u00e4 ja lataamista.<\/li>\n<li>Suojaa puhelin ulkona: suojakuori auttaa kylmiss\u00e4 ja liukkaissa olosuhteissa.<\/li>\n<li>S\u00e4\u00e4st\u00e4 akkua kylm\u00e4ss\u00e4: ota virrans\u00e4\u00e4st\u00f6tila k\u00e4ytt\u00f6\u00f6n, sulje turhat yhteydet ja pid\u00e4 varavirtal\u00e4hde mukana.<\/li>\n<li>Pid\u00e4 puhelin taskussa mahdollisimman paljon: kuulokkeiden painikkeiden avulla puhelinta ei tarvitse ottaa esiin pakkasessa.<\/li>\n<\/ul>\n<\/blockquote>\n","protected":false},"excerpt":{"rendered":"Gigantin joulukuun myydyimpien puhelinten lista vahvistaa vuoden 2025 myynniss\u00e4 n\u00e4hty\u00e4 kehityst\u00e4, jossa kuluttajat suosivat entist\u00e4 laadukkaampia puhelimia.\u00a0Tuttuihin malleihin&hellip;\n","protected":false},"author":2,"featured_media":130058,"comment_status":"","ping_status":"","sticky":false,"template":"","format":"standard","meta":{"footnotes":""},"categories":[5],"tags":[22,23,26,27,33,31,30,17,24,25,28,29,15,18,21,32,19,20,16],"class_list":{"0":"post-130057","1":"post","2":"type-post","3":"status-publish","4":"format-standard","5":"has-post-thumbnail","7":"category-otsikot","8":"tag-breaking-news","9":"tag-breakingnews","10":"tag-featured-news","11":"tag-featurednews","12":"tag-fi","13":"tag-finland","14":"tag-finnish","15":"tag-headlines","16":"tag-latest-news","17":"tag-latestnews","18":"tag-main-news","19":"tag-mainnews","20":"tag-news","21":"tag-otsikot","22":"tag-paauutiset","23":"tag-suomi","24":"tag-top-stories","25":"tag-topstories","26":"tag-uutiset"},"share_on_mastodon":{"url":"https:\/\/pubeurope.com\/@fi\/115815418601220149","error":""},"_links":{"self":[{"href":"https:\/\/www.europesays.com\/fi\/wp-json\/wp\/v2\/posts\/130057","targetHints":{"allow":["GET"]}}],"collection":[{"href":"https:\/\/www.europesays.com\/fi\/wp-json\/wp\/v2\/posts"}],"about":[{"href":"https:\/\/www.europesays.com\/fi\/wp-json\/wp\/v2\/types\/post"}],"author":[{"embeddable":true,"href":"https:\/\/www.europesays.com\/fi\/wp-json\/wp\/v2\/users\/2"}],"replies":[{"embeddable":true,"href":"https:\/\/www.europesays.com\/fi\/wp-json\/wp\/v2\/comments?post=130057"}],"version-history":[{"count":0,"href":"https:\/\/www.europesays.com\/fi\/wp-json\/wp\/v2\/posts\/130057\/revisions"}],"wp:featuredmedia":[{"embeddable":true,"href":"https:\/\/www.europesays.com\/fi\/wp-json\/wp\/v2\/media\/130058"}],"wp:attachment":[{"href":"https:\/\/www.europesays.com\/fi\/wp-json\/wp\/v2\/media?parent=130057"}],"wp:term":[{"taxonomy":"category","embeddable":true,"href":"https:\/\/www.europesays.com\/fi\/wp-json\/wp\/v2\/categories?post=130057"},{"taxonomy":"post_tag","embeddable":true,"href":"https:\/\/www.europesays.com\/fi\/wp-json\/wp\/v2\/tags?post=130057"}],"curies":[{"name":"wp","href":"https:\/\/api.w.org\/{rel}","templated":true}]}}