{"id":130059,"date":"2025-12-31T17:54:07","date_gmt":"2025-12-31T17:54:07","guid":{"rendered":"https:\/\/www.europesays.com\/fi\/130059\/"},"modified":"2025-12-31T17:54:07","modified_gmt":"2025-12-31T17:54:07","slug":"silloin-bruce-willisista-tuli-poikaystavani-emma-heming-willis-juhlistaa-18-vuotispavaa","status":"publish","type":"post","link":"https:\/\/www.europesays.com\/fi\/130059\/","title":{"rendered":"\u201dSilloin Bruce Willisist\u00e4 tuli poikayst\u00e4v\u00e4ni\u201d \u2013 Emma Heming Willis juhlistaa 18-vuotisp\u00e4v\u00e4\u00e4"},"content":{"rendered":"<p>Afasiaa ja otsalohkorappeumaa sairastavan toimintalegenda <strong>Bruce Willisin <\/strong>vaimo <strong>Emma Heming Willis <\/strong>julkaisi koskettavan kuvan Instagramiin.<\/p>\n<p>Emma juhlistaa kuvallaan sit\u00e4 18-vuotista taivalta, jonka pariskunta on yhdess\u00e4 kulkenut.<\/p>\n<p>Lue my\u00f6s: <a href=\"https:\/\/www.episodi.fi\/uutiset\/etsitko-hyvaa-jouluelokuvaa-naista-vinkeista-loytyy-suosikkeja-jokaiseen-makuun\/\" title=\"Etsitk\u00f6 hyv\u00e4\u00e4 jouluelokuvaa? N\u00e4ist\u00e4 vinkeist\u00e4 l\u00f6ytyy suosikkeja jokaiseen makuun\" class=\"underline-custom !font-montserrat !font-bold !underline-offset-4 !decoration-4 !decoration-episodi-blue !text-md\" rel=\"nofollow noopener\" target=\"_blank\">Etsitk\u00f6 hyv\u00e4\u00e4 jouluelokuvaa? N\u00e4ist\u00e4 vinkeist\u00e4 l\u00f6ytyy suosikkeja jokaiseen makuun<\/a><\/p>\n<p>Lue my\u00f6s: <a href=\"https:\/\/www.episodi.fi\/uutiset\/onko-die-hard-jouluelokuva-vai-ei-britit-ratkaisivat-asian\/\" title=\"Onko Die Hard jouluelokuva vai ei? Britit ratkaisivat asian\" class=\"underline-custom !font-montserrat !font-bold !underline-offset-4 !decoration-4 !decoration-episodi-blue !text-md\" rel=\"nofollow noopener\" target=\"_blank\">Onko Die Hard jouluelokuva vai ei? Britit ratkaisivat asian<\/a><\/p>\n<p>\u2013 18 vuotta sitten h\u00e4nest\u00e4 tuli poikayst\u00e4v\u00e4ni, Emma kirjoittaa.<\/p>\n<p>\u2013 Aika pys\u00e4htyi, kun h\u00e4n suuteli p\u00e4\u00e4lakeani. Olen niin onnekas, ett\u00e4 olen saanut tuntea t\u00e4m\u00e4nkaltaisen rakkauden.<\/p>\n<p>47-vuotias Emma on puhunut avoimesti miehens\u00e4 terveysongelmista sek\u00e4 siit\u00e4, miten perhearki muuttui diagnoosien j\u00e4lkeen.<\/p>\n<p>Emmalla ja Brucella on kaksi tyt\u00e4rt\u00e4: 13-vuotias<strong> Mabel<\/strong> ja 11-vuotias <strong>Evelyn.<\/strong><\/p>\n<p>Brucella on entisest\u00e4 avioliitostaan<strong> Demi Mooren<\/strong> kanssa kolme aikuista tyt\u00e4rt\u00e4.<\/p>\n<p>Alla Emman julkaisu.<\/p>\n<blockquote class=\"instagram-media\" data-instgrm-captioned=\"\" data-instgrm-permalink=\"https:\/\/www.instagram.com\/p\/DS5zqniEnyL\/?utm_source=ig_embed&amp;utm_campaign=loading\" data-instgrm-version=\"14\" style=\" background:#FFF; border:0; border-radius:3px; box-shadow:0 0 1px 0 rgba(0,0,0,0.5),0 1px 10px 0 rgba(0,0,0,0.15); margin: 1px; max-width:540px; min-width:326px; padding:0; width:99.375%; width:-webkit-calc(100% - 2px); width:calc(100% - 2px);\"\/>\n<p>Lue my\u00f6s: <a href=\"https:\/\/www.episodi.fi\/uutiskirje\/?uutiskirjemainos=tekstilinkkimainos\" title=\"Tilaa Episodin uutiskirje ja voit voittaa leffalippuja! Nappaa tv-vinkit suoraan s\u00e4hk\u00f6postiin t\u00e4st\u00e4.\" class=\"underline-custom !font-montserrat !font-bold !underline-offset-4 !decoration-4 !decoration-episodi-blue !text-md\" rel=\"nofollow noopener\" target=\"_blank\">Tilaa Episodin uutiskirje ja voit voittaa leffalippuja! Nappaa katseluvinkit suoraan s\u00e4hk\u00f6postiin t\u00e4st\u00e4.<\/a><\/p>\n<p>\t\t\t<script async src=\"\/\/www.instagram.com\/embed.js\"><\/script><\/p>\n","protected":false},"excerpt":{"rendered":"Afasiaa ja otsalohkorappeumaa sairastavan toimintalegenda Bruce Willisin vaimo Emma Heming Willis julkaisi koskettavan kuvan Instagramiin. Emma juhlistaa kuvallaan&hellip;\n","protected":false},"author":2,"featured_media":130060,"comment_status":"","ping_status":"","sticky":false,"template":"","format":"standard","meta":{"footnotes":""},"categories":[136],"tags":[1179,407,6869,137,33,31,30,408,32,167,109],"class_list":{"0":"post-130059","1":"post","2":"type-post","3":"status-publish","4":"format-standard","5":"has-post-thumbnail","7":"category-julkkikset","8":"tag-bruce-willis","9":"tag-celebrities","10":"tag-emma-heming-willis","11":"tag-entertainment","12":"tag-fi","13":"tag-finland","14":"tag-finnish","15":"tag-julkkikset","16":"tag-suomi","17":"tag-terveys","18":"tag-viihde"},"share_on_mastodon":{"url":"https:\/\/pubeurope.com\/@fi\/115815465778061497","error":""},"_links":{"self":[{"href":"https:\/\/www.europesays.com\/fi\/wp-json\/wp\/v2\/posts\/130059","targetHints":{"allow":["GET"]}}],"collection":[{"href":"https:\/\/www.europesays.com\/fi\/wp-json\/wp\/v2\/posts"}],"about":[{"href":"https:\/\/www.europesays.com\/fi\/wp-json\/wp\/v2\/types\/post"}],"author":[{"embeddable":true,"href":"https:\/\/www.europesays.com\/fi\/wp-json\/wp\/v2\/users\/2"}],"replies":[{"embeddable":true,"href":"https:\/\/www.europesays.com\/fi\/wp-json\/wp\/v2\/comments?post=130059"}],"version-history":[{"count":0,"href":"https:\/\/www.europesays.com\/fi\/wp-json\/wp\/v2\/posts\/130059\/revisions"}],"wp:featuredmedia":[{"embeddable":true,"href":"https:\/\/www.europesays.com\/fi\/wp-json\/wp\/v2\/media\/130060"}],"wp:attachment":[{"href":"https:\/\/www.europesays.com\/fi\/wp-json\/wp\/v2\/media?parent=130059"}],"wp:term":[{"taxonomy":"category","embeddable":true,"href":"https:\/\/www.europesays.com\/fi\/wp-json\/wp\/v2\/categories?post=130059"},{"taxonomy":"post_tag","embeddable":true,"href":"https:\/\/www.europesays.com\/fi\/wp-json\/wp\/v2\/tags?post=130059"}],"curies":[{"name":"wp","href":"https:\/\/api.w.org\/{rel}","templated":true}]}}