{"id":130073,"date":"2025-12-31T18:09:12","date_gmt":"2025-12-31T18:09:12","guid":{"rendered":"https:\/\/www.europesays.com\/fi\/130073\/"},"modified":"2025-12-31T18:09:12","modified_gmt":"2025-12-31T18:09:12","slug":"luonto-ei-odota-euroopan-ymparistotavoitteet-vaarassa","status":"publish","type":"post","link":"https:\/\/www.europesays.com\/fi\/130073\/","title":{"rendered":"Luonto ei odota \u2013 Euroopan ymp\u00e4rist\u00f6tavoitteet vaarassa"},"content":{"rendered":"\n<p class=\"ingress\">Euroopan ymp\u00e4rist\u00f6keskuksen (EEA) tuore Euroopan ymp\u00e4rist\u00f6 2025 -raportti tarjoaa kattavan tilannekuvan Euroopan luonnon, ilmaston ja kest\u00e4vyyden tilasta. Joillakin osa-alueilla on edistytty hyvin, mutta ymp\u00e4rist\u00f6n kokonaistila on edelleen heikko. Monet tavoitteet ovat vaarassa j\u00e4\u00e4d\u00e4 saavuttamatta. Suomen osalta raportti nostaa esiin sek\u00e4 vahvuuksia ett\u00e4 merkitt\u00e4vi\u00e4 haasteita. Tilanne vaatii m\u00e4\u00e4r\u00e4tietoisia toimia \u2013 ja pitk\u00e4lti jo tied\u00e4mme, mit\u00e4 ne ovat.<\/p>\n<p> Kattava katsaus Euroopan ymp\u00e4rist\u00f6n tilaan\u00a0 <\/p>\n<p>Euroopan ymp\u00e4rist\u00f6n tila 2025 -raportti on Euroopan ymp\u00e4rist\u00f6keskuksen (EEA) t\u00e4h\u00e4n asti laajin analyysi ymp\u00e4rist\u00f6n tilasta, kehityksest\u00e4 ja tulevaisuuden n\u00e4kymist\u00e4. Se on laadittu yhteisty\u00f6ss\u00e4 EEA:n Eionet-verkoston asiantuntijoiden kanssa, ja Suomen ymp\u00e4rist\u00f6keskus (Syke) toimii Suomen verkoston yhteyspisteen\u00e4. Raportti julkaistiin syyskuun lopussa. Suomi j\u00e4rjesti ensimm\u00e4isen\u00e4 maana kansallisen julkistustilaisuuden jo lokakuun alussa. Etuly\u00f6ntiasemaa edesauttaa se, ett\u00e4 EEA:n p\u00e4\u00e4johtajana toimii suomalainen <strong>Leena Yl\u00e4-Mononen<\/strong>.<\/p>\n<p> Luonto ja ymp\u00e4rist\u00f6 ovat hyvinvoinnin perusta <\/p>\n<p>Raportin p\u00e4\u00e4viesti on selv\u00e4: luonto ja ymp\u00e4rist\u00f6 ovat ihmisten turvallisuuden, terveyden ja vaurauden perusta. Luonto ja ymp\u00e4rist\u00f6 eiv\u00e4t ole ekstraa. Niiden tila on perusl\u00e4ht\u00f6kohta, josta ei voi tinki\u00e4 tai neuvotella.<\/p>\n<p>Vaikka kasvihuonekaasup\u00e4\u00e4st\u00f6j\u00e4 ja ilmansaasteita on onnistuttu v\u00e4hent\u00e4m\u00e4\u00e4n, kokonaiskuva on huolestuttava. Luonnonvaroja kulutetaan kest\u00e4m\u00e4tt\u00f6m\u00e4sti, monimuotoisuus heikkenee ja ilmastonmuutos kiihtyy. Suuri osa Euroopan Unionin laatimista yhteisist\u00e4 ymp\u00e4rist\u00f6tavoitteista on vaarassa j\u00e4\u00e4d\u00e4 saavuttamatta.<\/p>\n<p>Ilmansaasteiden v\u00e4hent\u00e4misess\u00e4 saavutettu menestys osoittaa, ett\u00e4 pitk\u00e4j\u00e4nteisill\u00e4 ja johdonmukaisilla toimilla voidaan saada aikaan konkreettisia tuloksia. Erityisesti sitova lains\u00e4\u00e4d\u00e4nt\u00f6 ja teollisuuden p\u00e4\u00e4st\u00f6v\u00e4hennykset ovat olleet keskeisess\u00e4 roolissa onnistumisen taustalla. Olemme saavuttamassa vuoden 2030 tavoitteen ennenaikaisten ilmansaasteista johtuvien kuolemien v\u00e4hent\u00e4misess\u00e4.<\/p>\n<p> Nelj\u00e4 suurinta haastetta <\/p>\n<p>Raportti nostaa esiin nelj\u00e4 keskeist\u00e4 haastetta, joihin tulisi keskitty\u00e4:<\/p>\n<ol>\n<li>Luonnon tila: luontokato, ilmastonmuutoksen vaikutukset, maaper\u00e4n tilan heikentyminen ja veden niukkuus.<\/li>\n<li>Ilmastonmuutos: kasvavat ilmastoriskit ja vaikeudet v\u00e4hent\u00e4\u00e4 p\u00e4\u00e4st\u00f6j\u00e4 erityisesti maataloudessa ja liikenteess\u00e4.<\/li>\n<li>Saastuminen: kemikaalien lis\u00e4\u00e4ntyv\u00e4 m\u00e4\u00e4r\u00e4 luonnossa, veden saastuminen ja vaikutukset merien ekosysteemeihin.<\/li>\n<li>Kiertotalouden hidas kehitys ja kest\u00e4m\u00e4t\u00f6n kokonaiskulutus.<\/li>\n<\/ol>\n<p> Suomen vahvuuksia ja kipukohtia <\/p>\n<p>Raportti sis\u00e4lt\u00e4\u00e4 maakatsauksia. Suomen katsauksen valmistelua on koordinoinut Syke.<\/p>\n<p>Suomen vahvuuksia ovat erinomainen ilmanlaatu, uusiutuvan energian nopea kasvu, kunnianhimoinen hiilineutraaliustavoite ja kiertotalouden strateginen edell\u00e4k\u00e4vijyys.<\/p>\n<p>Haasteita kuitenkin riitt\u00e4\u00e4: luonnonvarojen suuri kulutus, kiertotalouden toteutuksen hidas eteneminen, hiilinielujen heikkeneminen, luontokadon jatkuminen, liikenteen p\u00e4\u00e4st\u00f6v\u00e4hennysten heikko edistyminen ja luomutuotannon kasvun pys\u00e4htyminen.\u00a0<\/p>\n<p>Suomi on yksi Euroopan suurimmista materiaalien kuluttajista, ja j\u00e4tett\u00e4 syntyy paljon. Vientivetoinen teollisuus sek\u00e4 harvaan asutun maan infrastruktuuritarpeet kuluttavat merkitt\u00e4v\u00e4sti luonnonvaroja. Kiertotalouden kehitys on ollut hitaampaa kuin EU:ssa keskim\u00e4\u00e4rin, vaikka strategiat ja tavoitteet ovat kunnianhimoisia. Ty\u00f6t\u00e4 riitt\u00e4\u00e4 edelleen, mutta meill\u00e4 on kaikki edellytykset parantaa tilannetta.<\/p>\n<p> Mit\u00e4 pit\u00e4isi tehd\u00e4? <\/p>\n<p>Raportin pohjilta on selv\u00e4, ett\u00e4 teht\u00e4v\u00e4\u00e4 on paljon. T\u00e4m\u00e4 on itse asiassa hyv\u00e4 uutinen Suomelle. M\u00e4\u00e4r\u00e4tietoinen toiminta ymp\u00e4rist\u00f6n hyv\u00e4ksi luo Suomeen v\u00e4litt\u00f6m\u00e4sti ty\u00f6paikkoja ja hyvinvointia. Samalla v\u00e4lt\u00e4mme riskej\u00e4 ja kustannuksia, joita ymp\u00e4rist\u00f6toimissa viivyttely aiheuttaa.<\/p>\n<p>Monet tarvittavat toimet ovat jo hyvin tiedossa. Tuorein listaus tarvittavista toimista on esitetty syyskuussa julkaistussa valtioneuvoston yhteisess\u00e4 tulevaisuusselonteossa. Sen mukaan keskeist\u00e4 on kest\u00e4vyysmurroksen suunnitelmallinen ja laaja-alainen edist\u00e4minen. Tarvitaan muun muassa oikeudenmukaista vihre\u00e4\u00e4 siirtym\u00e4\u00e4, vahvaa ilmasto- ja luontopolitiikkaa sek\u00e4 kest\u00e4v\u00e4\u00e4 maank\u00e4ytt\u00f6\u00e4.\u00a0<\/p>\n<p>Kiertotalouden edist\u00e4miseksi on lis\u00e4tt\u00e4v\u00e4 yhteisty\u00f6t\u00e4 sek\u00e4 uudistettava lains\u00e4\u00e4d\u00e4nt\u00f6\u00e4 ja rahoitusinstrumentteja, jotka liittyv\u00e4t kiertotalouteen ja materiaalien k\u00e4ytt\u00f6\u00f6n. Selonteko my\u00f6s korostaa, ett\u00e4 ilmastonmuutoksen, luontokadon ja saastumisen keskin\u00e4iset riippuvuudet on tunnistettava &#8211; ja haettava kokonaisvaltaisia ratkaisuja.<\/p>\n<p> Kansallinen julkistustilaisuus toi toivoa <\/p>\n<p>Leena Yl\u00e4-Mononen esitteli kansallisessa julkistustilaisuudessa raportin keskeiset tulokset. T\u00e4m\u00e4n j\u00e4lkeen asiantuntijat syventyiv\u00e4t yhdess\u00e4 pohtimaan, miss\u00e4 menn\u00e4\u00e4n Suomen ja suomalaisen ymp\u00e4rist\u00f6n osalta.<\/p>\n<p>Vaikka raportin viestit ovat aika synkki\u00e4, minusta tilaisuuden loppu toi toivoa. Nuorten edustajat <strong>Anton Riihel\u00e4<\/strong> ja <strong>Liina Huttunen<\/strong> muistuttivat, ett\u00e4 meit\u00e4 ei pelasta toivo eik\u00e4 ep\u00e4toivo \u2013 vaan konkreettiset teot ja henkil\u00f6kohtainen vastuunotto. Europarlamentaarikko <strong>Sirpa Pietik\u00e4inen<\/strong> vertasi ymp\u00e4rist\u00f6n puolustamista maanpuolustukseen: vaikka uhka on suuri, ei luovuteta.<\/p>\n<p>Toivoa toi my\u00f6s aiheen her\u00e4tt\u00e4m\u00e4 laaja kiinnostus. Tilaisuuteen oli ilmoittautunut n. 450 osallistujaa, sata paikan p\u00e4\u00e4lle ja loput et\u00e4n\u00e4. Lis\u00e4ksi raportti sai runsaasti mediahuomiota, muun muassa useita artikkeleita Helsingin Sanomissa, joista yksi oli p\u00e4\u00e4kirjoitus, sek\u00e4 n\u00e4kyvyytt\u00e4 MTV:n uutisl\u00e4hetyksess\u00e4. \u00a0<\/p>\n<p>Tilaisuuden j\u00e4rjestiv\u00e4t Ymp\u00e4rist\u00f6tiedon foorumi (YTF), Syke ja ymp\u00e4rist\u00f6ministeri\u00f6. Suosittelen katsomaan my\u00f6s tilaisuuden tallenteen (linkit l\u00f6ytyv\u00e4t lopusta).<\/p>\n<p> Viesti on selv\u00e4 \u2013 nyt on toimittava <\/p>\n<p>Pidet\u00e4\u00e4n kiinni ymp\u00e4rist\u00f6tavoitteista! Tiede on yksiselitteist\u00e4. Taloudelliset sek\u00e4 turvallisuuteen liittyv\u00e4t perustelut ovat vahvat.<\/p>\n<p> Kirjoittaja <\/p>\n<tr>\n<td height=\"150\" width=\"150\">\n<p>                           <img loading=\"lazy\" decoding=\"async\" alt=\"\" height=\"200\" src=\"https:\/\/www.europesays.com\/fi\/wp-content\/uploads\/2025\/12\/cb7a67ca-22a4-87f0-58a2-88d0ab65c2d7.jpeg\" style=\"margin: 0px;\" width=\"200\"\/>\n                          <\/p>\n<\/td>\n<td>\n<p><b>Laura H\u00f6ijer<\/b><br \/>Tutkimusjohtaja<br \/><a href=\"https:\/\/valtioneuvosto.fi\/cdn-cgi\/l\/email-protection\" class=\"__cf_email__\" data-cfemail=\"731607061d1a1e1a5d000618061d1a1e1a33141c055d151a\" rel=\"nofollow noopener\" target=\"_blank\">[email\u00a0protected]<\/a><br \/>p. 0295 250 139<\/p>\n<p>Kirjoittaja on ymp\u00e4rist\u00f6ministeri\u00f6n tutkimusjohtaja ja h\u00e4n toimii my\u00f6s EEA:n hallintoneuvoston varapuheenjohtajana.<\/p>\n<\/td>\n<\/tr>\n<tr>\n<td style=\"background-color: #2c5234;color: #ffffff;border-width: 0;font-family: Gelion-Bold;text-transform: uppercase;padding-left: 10px;padding-right: 10px;padding-top: 10px;padding-bottom: 10px;\">N\u00e4k\u00f6kulma \u2013 ymp\u00e4rist\u00f6ministeri\u00f6n asiantuntijoiden kirjoituksia<\/td>\n<\/tr>\n","protected":false},"excerpt":{"rendered":"Euroopan ymp\u00e4rist\u00f6keskuksen (EEA) tuore Euroopan ymp\u00e4rist\u00f6 2025 -raportti tarjoaa kattavan tilannekuvan Euroopan luonnon, ilmaston ja kest\u00e4vyyden tilasta. Joillakin&hellip;\n","protected":false},"author":2,"featured_media":130074,"comment_status":"","ping_status":"","sticky":false,"template":"","format":"standard","meta":{"footnotes":""},"categories":[117],"tags":[33,31,30,23073,23075,777,72,476,118,32,119,23074,477,23076,23072],"class_list":{"0":"post-130073","1":"post","2":"type-post","3":"status-publish","4":"format-standard","5":"has-post-thumbnail","7":"category-luonto","8":"tag-fi","9":"tag-finland","10":"tag-finnish","11":"tag-jarjestelmat-yso-p3358","12":"tag-kohdistuva-toiminta-yso-p38217","13":"tag-kolumni","14":"tag-luonto","15":"tag-nature","16":"tag-science","17":"tag-suomi","18":"tag-tiede","19":"tag-tutkimus-p623","20":"tag-wildlife","21":"tag-ym","22":"tag-ymparisto-p4551"},"share_on_mastodon":{"url":"https:\/\/pubeurope.com\/@fi\/115815524764106451","error":""},"_links":{"self":[{"href":"https:\/\/www.europesays.com\/fi\/wp-json\/wp\/v2\/posts\/130073","targetHints":{"allow":["GET"]}}],"collection":[{"href":"https:\/\/www.europesays.com\/fi\/wp-json\/wp\/v2\/posts"}],"about":[{"href":"https:\/\/www.europesays.com\/fi\/wp-json\/wp\/v2\/types\/post"}],"author":[{"embeddable":true,"href":"https:\/\/www.europesays.com\/fi\/wp-json\/wp\/v2\/users\/2"}],"replies":[{"embeddable":true,"href":"https:\/\/www.europesays.com\/fi\/wp-json\/wp\/v2\/comments?post=130073"}],"version-history":[{"count":0,"href":"https:\/\/www.europesays.com\/fi\/wp-json\/wp\/v2\/posts\/130073\/revisions"}],"wp:featuredmedia":[{"embeddable":true,"href":"https:\/\/www.europesays.com\/fi\/wp-json\/wp\/v2\/media\/130074"}],"wp:attachment":[{"href":"https:\/\/www.europesays.com\/fi\/wp-json\/wp\/v2\/media?parent=130073"}],"wp:term":[{"taxonomy":"category","embeddable":true,"href":"https:\/\/www.europesays.com\/fi\/wp-json\/wp\/v2\/categories?post=130073"},{"taxonomy":"post_tag","embeddable":true,"href":"https:\/\/www.europesays.com\/fi\/wp-json\/wp\/v2\/tags?post=130073"}],"curies":[{"name":"wp","href":"https:\/\/api.w.org\/{rel}","templated":true}]}}